{"id":7054,"date":"2026-01-23T07:18:26","date_gmt":"2026-01-23T07:18:26","guid":{"rendered":"https:\/\/sophie-scholl-schule.eu\/?p=7054"},"modified":"2026-02-06T15:31:20","modified_gmt":"2026-02-06T15:31:20","slug":"besuch-im-auswaertigen-amt","status":"publish","type":"post","link":"https:\/\/sophie-scholl-schule.eu\/?p=7054","title":{"rendered":"Besuch im Ausw\u00e4rtigen Amt"},"content":{"rendered":"\n<p>Die Staatssekret\u00e4re des Ausw\u00e4rtigen Amts Dr. Bernhard Kotsch und Dr. G\u00e9za Andreas von Geyr haben den aktuellen Abiturjahrgang der Sophie-Scholl-Schule zu einem Empfang anl\u00e4sslich des Deutsch-Franz\u00f6sischen Tags am 22.01.2026 in den Europasaal des Ausw\u00e4rtigen Amts eingeladen. Die Sch\u00fcler:innen wurden von Frau Useli und Herrn Kampa begleitet.<\/p>\n\n\n\n<p>Ehrengast des Abends war die Generalsekret\u00e4rin im Ministerium f\u00fcr Europa und ausw\u00e4rtige Angelegenheiten der Franz\u00f6sischen Republik, Anne-Marie Desc\u00f4tes.<\/p>\n\n\n\n<p>Die Sch\u00fcler:innen waren begeistert von der Veranstaltung und einige konnten auch wertvolle Kontakte kn\u00fcpfen. Es war f\u00fcr uns als Staatliche Europaschule Berlin f\u00fcr Franz\u00f6sisch eine Ehre, dabei sein zu d\u00fcrfen und f\u00fcr die Abiturient:innen ein beeindruckendes Erlebnis.<\/p>\n\n\n\n<figure class=\"wp-block-image size-full\"><img loading=\"lazy\" decoding=\"async\" width=\"1024\" height=\"1024\" src=\"https:\/\/sophie-scholl-schule.eu\/wp-content\/uploads\/2026\/01\/6Db1Sqb1.jpeg\" alt=\"\" class=\"wp-image-7055\" srcset=\"https:\/\/sophie-scholl-schule.eu\/wp-content\/uploads\/2026\/01\/6Db1Sqb1.jpeg 1024w, https:\/\/sophie-scholl-schule.eu\/wp-content\/uploads\/2026\/01\/6Db1Sqb1-300x300.jpeg 300w, https:\/\/sophie-scholl-schule.eu\/wp-content\/uploads\/2026\/01\/6Db1Sqb1-80x80.jpeg 80w, https:\/\/sophie-scholl-schule.eu\/wp-content\/uploads\/2026\/01\/6Db1Sqb1-768x768.jpeg 768w, https:\/\/sophie-scholl-schule.eu\/wp-content\/uploads\/2026\/01\/6Db1Sqb1-36x36.jpeg 36w, https:\/\/sophie-scholl-schule.eu\/wp-content\/uploads\/2026\/01\/6Db1Sqb1-180x180.jpeg 180w, https:\/\/sophie-scholl-schule.eu\/wp-content\/uploads\/2026\/01\/6Db1Sqb1-705x705.jpeg 705w\" sizes=\"auto, (max-width: 1024px) 100vw, 1024px\" \/><\/figure>\n\n\n\n<p>Copyright: Nadja Wohlleben\/AA\/photothek.de<\/p>\n\n\n\n<p><\/p>\n","protected":false},"excerpt":{"rendered":"<p>Die Staatssekret\u00e4re des Ausw\u00e4rtigen Amts Dr. Bernhard Kotsch und Dr. G\u00e9za Andreas von Geyr haben den aktuellen Abiturjahrgang der Sophie-Scholl-Schule zu einem Empfang anl\u00e4sslich des Deutsch-Franz\u00f6sischen Tags am 22.01.2026 in den Europasaal des Ausw\u00e4rtigen Amts eingeladen. Die Sch\u00fcler:innen wurden von Frau Useli und Herrn Kampa begleitet. Ehrengast des Abends war die Generalsekret\u00e4rin im Ministerium f\u00fcr [&hellip;]<\/p>\n","protected":false},"author":1,"featured_media":7055,"comment_status":"closed","ping_status":"closed","sticky":false,"template":"","format":"standard","meta":{"footnotes":""},"categories":[188],"tags":[],"class_list":["post-7054","post","type-post","status-publish","format-standard","has-post-thumbnail","hentry","category-aktuelles-startseite"],"_links":{"self":[{"href":"https:\/\/sophie-scholl-schule.eu\/index.php?rest_route=\/wp\/v2\/posts\/7054","targetHints":{"allow":["GET"]}}],"collection":[{"href":"https:\/\/sophie-scholl-schule.eu\/index.php?rest_route=\/wp\/v2\/posts"}],"about":[{"href":"https:\/\/sophie-scholl-schule.eu\/index.php?rest_route=\/wp\/v2\/types\/post"}],"author":[{"embeddable":true,"href":"https:\/\/sophie-scholl-schule.eu\/index.php?rest_route=\/wp\/v2\/users\/1"}],"replies":[{"embeddable":true,"href":"https:\/\/sophie-scholl-schule.eu\/index.php?rest_route=%2Fwp%2Fv2%2Fcomments&post=7054"}],"version-history":[{"count":1,"href":"https:\/\/sophie-scholl-schule.eu\/index.php?rest_route=\/wp\/v2\/posts\/7054\/revisions"}],"predecessor-version":[{"id":7056,"href":"https:\/\/sophie-scholl-schule.eu\/index.php?rest_route=\/wp\/v2\/posts\/7054\/revisions\/7056"}],"wp:featuredmedia":[{"embeddable":true,"href":"https:\/\/sophie-scholl-schule.eu\/index.php?rest_route=\/wp\/v2\/media\/7055"}],"wp:attachment":[{"href":"https:\/\/sophie-scholl-schule.eu\/index.php?rest_route=%2Fwp%2Fv2%2Fmedia&parent=7054"}],"wp:term":[{"taxonomy":"category","embeddable":true,"href":"https:\/\/sophie-scholl-schule.eu\/index.php?rest_route=%2Fwp%2Fv2%2Fcategories&post=7054"},{"taxonomy":"post_tag","embeddable":true,"href":"https:\/\/sophie-scholl-schule.eu\/index.php?rest_route=%2Fwp%2Fv2%2Ftags&post=7054"}],"curies":[{"name":"wp","href":"https:\/\/api.w.org\/{rel}","templated":true}]}}