{"id":7022,"date":"2026-01-21T12:29:12","date_gmt":"2026-01-21T12:29:12","guid":{"rendered":"https:\/\/sophie-scholl-schule.eu\/?p=7022"},"modified":"2026-01-21T12:35:30","modified_gmt":"2026-01-21T12:35:30","slug":"eine-saison-mit-klasse-kooperation-mit-dem-rundfunksinfonieorchester-berlin-erfolgreich-gestartet","status":"publish","type":"post","link":"https:\/\/sophie-scholl-schule.eu\/?p=7022","title":{"rendered":"&#8222;Eine Saison mit Klasse&#8220; &#8211; Kooperation mit dem Rundfunksinfonie-orchester Berlin erfolgreich gestartet"},"content":{"rendered":"\n<p>Unter dem Motto \u201eEine Saison mit Klasse\u201c wurde in diesem Jahr die Sophie-Scholl-Schule f\u00fcr eine besondere Kooperation mit dem bekannten Berliner Berufsorchester ausgew\u00e4hlt. Neben verg\u00fcnstigten Karten f\u00fcr die Schulgemeinschaft ist ganz besonders der Kontakt zu professionellen Musikern eine gro\u00dfe Ehre.<\/p>\n\n\n\n<p>Im Sophie-Scholl-Orchester finden seit den Herbstferien Proben mit einzelnen Musikern des Orchesters statt. Florentine Simpfend\u00f6rfer arbeitet beispielsweise mit den 13 Klarinetten, gibt Tipps, spielt vor, auch Rudolf D\u00f6bler probt mit den Fl\u00f6ten die sehr schwierigen Stellen der \u201eDanse bacchanale\u201c von Saint-Saens ein. Steffen Tast, Geiger und Dirigent, verr\u00e4t Kniffe beim Dirigieren und probt mit dem ganzen Orchester und leitet die beiden Dirigentinnen an. Zeki, unser Komponist, ist im Haus des Rundfunks verabredet, um sein neuestes St\u00fcck zu \u00fcberarbeiten und sich Anregungen zu holen. Ab Januar gibt es Hilfe f\u00fcr die Streicher z.B. von Karin Kynast, der Orchesterkurs (Zusatzkurs Musik) wird sich in Workshops \u00fcber die Organisation hinter einem Orchester informieren und wir planen einen Proben- oder Konzertbesuch. Wir sind gespannt, wohin die Reise geht. Die Ergebnisse wird man am 4.6.26 in der Ged\u00e4chtniskirche sicher h\u00f6ren!<\/p>\n\n\n\n<p>Gern k\u00f6nnen Sie sich auch auf der Website vom RSB informieren:<\/p>\n\n\n\n<figure class=\"wp-block-embed\"><div class=\"wp-block-embed__wrapper\">\nhttps:\/\/www.rsb-online.de\/schulpatenschaft-2025-26\n<\/div><\/figure>\n","protected":false},"excerpt":{"rendered":"<p>Unter dem Motto \u201eEine Saison mit Klasse\u201c wurde in diesem Jahr die Sophie-Scholl-Schule f\u00fcr eine besondere Kooperation mit dem bekannten Berliner Berufsorchester ausgew\u00e4hlt. Neben verg\u00fcnstigten Karten f\u00fcr die Schulgemeinschaft ist ganz besonders der Kontakt zu professionellen Musikern eine gro\u00dfe Ehre. Im Sophie-Scholl-Orchester finden seit den Herbstferien Proben mit einzelnen Musikern des Orchesters statt. Florentine Simpfend\u00f6rfer [&hellip;]<\/p>\n","protected":false},"author":5,"featured_media":7023,"comment_status":"closed","ping_status":"closed","sticky":false,"template":"","format":"standard","meta":{"footnotes":""},"categories":[188],"tags":[],"class_list":["post-7022","post","type-post","status-publish","format-standard","has-post-thumbnail","hentry","category-aktuelles-startseite"],"_links":{"self":[{"href":"https:\/\/sophie-scholl-schule.eu\/index.php?rest_route=\/wp\/v2\/posts\/7022","targetHints":{"allow":["GET"]}}],"collection":[{"href":"https:\/\/sophie-scholl-schule.eu\/index.php?rest_route=\/wp\/v2\/posts"}],"about":[{"href":"https:\/\/sophie-scholl-schule.eu\/index.php?rest_route=\/wp\/v2\/types\/post"}],"author":[{"embeddable":true,"href":"https:\/\/sophie-scholl-schule.eu\/index.php?rest_route=\/wp\/v2\/users\/5"}],"replies":[{"embeddable":true,"href":"https:\/\/sophie-scholl-schule.eu\/index.php?rest_route=%2Fwp%2Fv2%2Fcomments&post=7022"}],"version-history":[{"count":2,"href":"https:\/\/sophie-scholl-schule.eu\/index.php?rest_route=\/wp\/v2\/posts\/7022\/revisions"}],"predecessor-version":[{"id":7026,"href":"https:\/\/sophie-scholl-schule.eu\/index.php?rest_route=\/wp\/v2\/posts\/7022\/revisions\/7026"}],"wp:featuredmedia":[{"embeddable":true,"href":"https:\/\/sophie-scholl-schule.eu\/index.php?rest_route=\/wp\/v2\/media\/7023"}],"wp:attachment":[{"href":"https:\/\/sophie-scholl-schule.eu\/index.php?rest_route=%2Fwp%2Fv2%2Fmedia&parent=7022"}],"wp:term":[{"taxonomy":"category","embeddable":true,"href":"https:\/\/sophie-scholl-schule.eu\/index.php?rest_route=%2Fwp%2Fv2%2Fcategories&post=7022"},{"taxonomy":"post_tag","embeddable":true,"href":"https:\/\/sophie-scholl-schule.eu\/index.php?rest_route=%2Fwp%2Fv2%2Ftags&post=7022"}],"curies":[{"name":"wp","href":"https:\/\/api.w.org\/{rel}","templated":true}]}}