{"id":7018,"date":"2026-01-20T10:06:32","date_gmt":"2026-01-20T10:06:32","guid":{"rendered":"https:\/\/sophie-scholl-schule.eu\/?p=7018"},"modified":"2026-01-20T10:11:49","modified_gmt":"2026-01-20T10:11:49","slug":"ein-klavier-fuer-das-lefevre-spendenaktion-erfolgreich","status":"publish","type":"post","link":"https:\/\/sophie-scholl-schule.eu\/?p=7018","title":{"rendered":"Ein Fl\u00fcgel f\u00fcr das Lef\u00e8vre &#8211; Spendenaktion erfolgreich"},"content":{"rendered":"\n<p>Darf ich mich vorstellen? Ich bin der neue Fl\u00fcgel, hei\u00dfe Victor und stehe seit Kurzem im Lef\u00e8vre. Es gibt mich, weil etliche Musikensembles (Ch\u00f6re, Bands und Orchester), die hier an der Schule proben, meine Tasten \u2013 und damit mich &#8211; gekauft haben! Und nicht nur die, sondern auch viele ehemalige und aktuelle Kolleg;innen, viele musikbegeisterte Eltern, der Landesmusikrat Berlin, der Fachbereich Musik, der F\u00f6rderverein und etliche mehr sind nun stolze Besitzer meiner Tasten. Zum Beispiel geh\u00f6ren nun ein B-Dur-Akkord aus der Mitte und die \u201ezw\u00f6lfte Taste von unten\u201c \u2013 ein gis \u2013 und viele C, Fis und B-Tasten der Sophie-Scholl-Gemeinschaft.<\/p>\n\n\n\n<p>Gern k\u00f6nnt ihr mich bei Gelegenheit spielen! Eine Einweihung mit stolzer Verleihung von Klaviertasten findet im Fr\u00fchjahr statt.<\/p>\n\n\n\n<p>VIELEN DANK AN ALLE SPENDERINNEN UND SPENDER!<\/p>\n\n\n\n<p>Ich freue mich auf eine Begegnung!<\/p>\n\n\n\n<p>Euer Victor<\/p>\n\n\n\n<p>PS: Vielen Dank auch f\u00fcr die Gitarren, die im Zuge der Aktion ebenfalls gespendet wurden und im Fachbereich Musik ein neues Zuhause gefunden haben.<\/p>\n","protected":false},"excerpt":{"rendered":"<p>Darf ich mich vorstellen? Ich bin der neue Fl\u00fcgel, hei\u00dfe Victor und stehe seit Kurzem im Lef\u00e8vre. Es gibt mich, weil etliche Musikensembles (Ch\u00f6re, Bands und Orchester), die hier an der Schule proben, meine Tasten \u2013 und damit mich &#8211; gekauft haben! Und nicht nur die, sondern auch viele ehemalige und aktuelle Kolleg;innen, viele musikbegeisterte [&hellip;]<\/p>\n","protected":false},"author":5,"featured_media":7019,"comment_status":"closed","ping_status":"closed","sticky":false,"template":"","format":"standard","meta":{"footnotes":""},"categories":[188],"tags":[],"class_list":["post-7018","post","type-post","status-publish","format-standard","has-post-thumbnail","hentry","category-aktuelles-startseite"],"_links":{"self":[{"href":"https:\/\/sophie-scholl-schule.eu\/index.php?rest_route=\/wp\/v2\/posts\/7018","targetHints":{"allow":["GET"]}}],"collection":[{"href":"https:\/\/sophie-scholl-schule.eu\/index.php?rest_route=\/wp\/v2\/posts"}],"about":[{"href":"https:\/\/sophie-scholl-schule.eu\/index.php?rest_route=\/wp\/v2\/types\/post"}],"author":[{"embeddable":true,"href":"https:\/\/sophie-scholl-schule.eu\/index.php?rest_route=\/wp\/v2\/users\/5"}],"replies":[{"embeddable":true,"href":"https:\/\/sophie-scholl-schule.eu\/index.php?rest_route=%2Fwp%2Fv2%2Fcomments&post=7018"}],"version-history":[{"count":2,"href":"https:\/\/sophie-scholl-schule.eu\/index.php?rest_route=\/wp\/v2\/posts\/7018\/revisions"}],"predecessor-version":[{"id":7021,"href":"https:\/\/sophie-scholl-schule.eu\/index.php?rest_route=\/wp\/v2\/posts\/7018\/revisions\/7021"}],"wp:featuredmedia":[{"embeddable":true,"href":"https:\/\/sophie-scholl-schule.eu\/index.php?rest_route=\/wp\/v2\/media\/7019"}],"wp:attachment":[{"href":"https:\/\/sophie-scholl-schule.eu\/index.php?rest_route=%2Fwp%2Fv2%2Fmedia&parent=7018"}],"wp:term":[{"taxonomy":"category","embeddable":true,"href":"https:\/\/sophie-scholl-schule.eu\/index.php?rest_route=%2Fwp%2Fv2%2Fcategories&post=7018"},{"taxonomy":"post_tag","embeddable":true,"href":"https:\/\/sophie-scholl-schule.eu\/index.php?rest_route=%2Fwp%2Fv2%2Ftags&post=7018"}],"curies":[{"name":"wp","href":"https:\/\/api.w.org\/{rel}","templated":true}]}}