{"id":7005,"date":"2026-01-18T15:38:17","date_gmt":"2026-01-18T15:38:17","guid":{"rendered":"https:\/\/sophie-scholl-schule.eu\/?p=7005"},"modified":"2026-01-18T15:38:54","modified_gmt":"2026-01-18T15:38:54","slug":"ausstellung-des-fachbereichs-kunst-2","status":"publish","type":"post","link":"https:\/\/sophie-scholl-schule.eu\/?p=7005","title":{"rendered":"Ausstellung des Fachbereichs Kunst"},"content":{"rendered":"\n<p><strong>Er\u00f6ffnung am Tag der offenen T\u00fcren (23.1.2026, 16 bis 19 Uhr)<\/strong><\/p>\n\n\n\n<figure class=\"wp-block-gallery has-nested-images columns-default is-cropped wp-block-gallery-1 is-layout-flex wp-block-gallery-is-layout-flex\">\n<figure class=\"wp-block-image size-large\"><img loading=\"lazy\" decoding=\"async\" width=\"739\" height=\"1030\" data-id=\"7006\" src=\"https:\/\/sophie-scholl-schule.eu\/wp-content\/uploads\/2026\/01\/Collage-739x1030.jpg\" alt=\"\" class=\"wp-image-7006\" srcset=\"https:\/\/sophie-scholl-schule.eu\/wp-content\/uploads\/2026\/01\/Collage-739x1030.jpg 739w, https:\/\/sophie-scholl-schule.eu\/wp-content\/uploads\/2026\/01\/Collage-215x300.jpg 215w, https:\/\/sophie-scholl-schule.eu\/wp-content\/uploads\/2026\/01\/Collage-768x1071.jpg 768w, https:\/\/sophie-scholl-schule.eu\/wp-content\/uploads\/2026\/01\/Collage-1101x1536.jpg 1101w, https:\/\/sophie-scholl-schule.eu\/wp-content\/uploads\/2026\/01\/Collage-1469x2048.jpg 1469w, https:\/\/sophie-scholl-schule.eu\/wp-content\/uploads\/2026\/01\/Collage-1076x1500.jpg 1076w, https:\/\/sophie-scholl-schule.eu\/wp-content\/uploads\/2026\/01\/Collage-506x705.jpg 506w, https:\/\/sophie-scholl-schule.eu\/wp-content\/uploads\/2026\/01\/Collage-scaled.jpg 1836w\" sizes=\"auto, (max-width: 739px) 100vw, 739px\" \/><\/figure>\n\n\n\n<figure class=\"wp-block-image size-large\"><img loading=\"lazy\" decoding=\"async\" width=\"773\" height=\"1030\" data-id=\"7008\" src=\"https:\/\/sophie-scholl-schule.eu\/wp-content\/uploads\/2026\/01\/Katze-773x1030.jpeg\" alt=\"\" class=\"wp-image-7008\" srcset=\"https:\/\/sophie-scholl-schule.eu\/wp-content\/uploads\/2026\/01\/Katze-773x1030.jpeg 773w, https:\/\/sophie-scholl-schule.eu\/wp-content\/uploads\/2026\/01\/Katze-225x300.jpeg 225w, https:\/\/sophie-scholl-schule.eu\/wp-content\/uploads\/2026\/01\/Katze-768x1024.jpeg 768w, https:\/\/sophie-scholl-schule.eu\/wp-content\/uploads\/2026\/01\/Katze-1152x1536.jpeg 1152w, https:\/\/sophie-scholl-schule.eu\/wp-content\/uploads\/2026\/01\/Katze-1125x1500.jpeg 1125w, https:\/\/sophie-scholl-schule.eu\/wp-content\/uploads\/2026\/01\/Katze-529x705.jpeg 529w, https:\/\/sophie-scholl-schule.eu\/wp-content\/uploads\/2026\/01\/Katze.jpeg 1536w\" sizes=\"auto, (max-width: 773px) 100vw, 773px\" \/><\/figure>\n\n\n\n<figure class=\"wp-block-image size-large\"><img loading=\"lazy\" decoding=\"async\" width=\"773\" height=\"1030\" data-id=\"7007\" src=\"https:\/\/sophie-scholl-schule.eu\/wp-content\/uploads\/2026\/01\/Architektur-773x1030.jpeg\" alt=\"\" class=\"wp-image-7007\" srcset=\"https:\/\/sophie-scholl-schule.eu\/wp-content\/uploads\/2026\/01\/Architektur-773x1030.jpeg 773w, https:\/\/sophie-scholl-schule.eu\/wp-content\/uploads\/2026\/01\/Architektur-225x300.jpeg 225w, https:\/\/sophie-scholl-schule.eu\/wp-content\/uploads\/2026\/01\/Architektur-768x1024.jpeg 768w, https:\/\/sophie-scholl-schule.eu\/wp-content\/uploads\/2026\/01\/Architektur-1152x1536.jpeg 1152w, https:\/\/sophie-scholl-schule.eu\/wp-content\/uploads\/2026\/01\/Architektur-1125x1500.jpeg 1125w, https:\/\/sophie-scholl-schule.eu\/wp-content\/uploads\/2026\/01\/Architektur-529x705.jpeg 529w, https:\/\/sophie-scholl-schule.eu\/wp-content\/uploads\/2026\/01\/Architektur.jpeg 1536w\" sizes=\"auto, (max-width: 773px) 100vw, 773px\" \/><\/figure>\n<\/figure>\n\n\n\n<p>Sch\u00fclerInnen der 7. &#8211; 10. Jahrgangsstufe und der Oberstufe zeigen vielf\u00e4ltige k\u00fcnstlerische Arbeiten des letzten Schuljahres.<\/p>\n\n\n\n<p>Alle Eltern, Freunde sowie alle anderen Interessierten sind herzlich eingeladen!<\/p>\n\n\n\n<p>Zu sehen ist die Ausstellung im Foyer des <strong>Kunstbereichs (4. Stock)<\/strong> und den R\u00e4umen 403, 402 und 405.<\/p>\n\n\n\n<p><strong>Wir freuen uns auf euren \/ Ihren Besuch!<\/strong><\/p>\n","protected":false},"excerpt":{"rendered":"<p>Er\u00f6ffnung am Tag der offenen T\u00fcren (23.1.2026, 16 bis 19 Uhr) Sch\u00fclerInnen der 7. &#8211; 10. Jahrgangsstufe und der Oberstufe zeigen vielf\u00e4ltige k\u00fcnstlerische Arbeiten des letzten Schuljahres. Alle Eltern, Freunde sowie alle anderen Interessierten sind herzlich eingeladen! Zu sehen ist die Ausstellung im Foyer des Kunstbereichs (4. Stock) und den R\u00e4umen 403, 402 und 405. [&hellip;]<\/p>\n","protected":false},"author":1,"featured_media":7008,"comment_status":"closed","ping_status":"closed","sticky":false,"template":"","format":"standard","meta":{"footnotes":""},"categories":[188],"tags":[],"class_list":["post-7005","post","type-post","status-publish","format-standard","has-post-thumbnail","hentry","category-aktuelles-startseite"],"_links":{"self":[{"href":"https:\/\/sophie-scholl-schule.eu\/index.php?rest_route=\/wp\/v2\/posts\/7005","targetHints":{"allow":["GET"]}}],"collection":[{"href":"https:\/\/sophie-scholl-schule.eu\/index.php?rest_route=\/wp\/v2\/posts"}],"about":[{"href":"https:\/\/sophie-scholl-schule.eu\/index.php?rest_route=\/wp\/v2\/types\/post"}],"author":[{"embeddable":true,"href":"https:\/\/sophie-scholl-schule.eu\/index.php?rest_route=\/wp\/v2\/users\/1"}],"replies":[{"embeddable":true,"href":"https:\/\/sophie-scholl-schule.eu\/index.php?rest_route=%2Fwp%2Fv2%2Fcomments&post=7005"}],"version-history":[{"count":2,"href":"https:\/\/sophie-scholl-schule.eu\/index.php?rest_route=\/wp\/v2\/posts\/7005\/revisions"}],"predecessor-version":[{"id":7010,"href":"https:\/\/sophie-scholl-schule.eu\/index.php?rest_route=\/wp\/v2\/posts\/7005\/revisions\/7010"}],"wp:featuredmedia":[{"embeddable":true,"href":"https:\/\/sophie-scholl-schule.eu\/index.php?rest_route=\/wp\/v2\/media\/7008"}],"wp:attachment":[{"href":"https:\/\/sophie-scholl-schule.eu\/index.php?rest_route=%2Fwp%2Fv2%2Fmedia&parent=7005"}],"wp:term":[{"taxonomy":"category","embeddable":true,"href":"https:\/\/sophie-scholl-schule.eu\/index.php?rest_route=%2Fwp%2Fv2%2Fcategories&post=7005"},{"taxonomy":"post_tag","embeddable":true,"href":"https:\/\/sophie-scholl-schule.eu\/index.php?rest_route=%2Fwp%2Fv2%2Ftags&post=7005"}],"curies":[{"name":"wp","href":"https:\/\/api.w.org\/{rel}","templated":true}]}}