{"id":6975,"date":"2025-12-14T15:48:54","date_gmt":"2025-12-14T15:48:54","guid":{"rendered":"https:\/\/sophie-scholl-schule.eu\/?p=6975"},"modified":"2025-12-14T15:50:07","modified_gmt":"2025-12-14T15:50:07","slug":"mint-freundliche-schule-2025","status":"publish","type":"post","link":"https:\/\/sophie-scholl-schule.eu\/?p=6975","title":{"rendered":"MINT-freundliche Schule 2025"},"content":{"rendered":"\n<figure class=\"wp-block-image size-large\"><img loading=\"lazy\" decoding=\"async\" width=\"1030\" height=\"515\" src=\"https:\/\/sophie-scholl-schule.eu\/wp-content\/uploads\/2025\/12\/mfs-logo-ehrung_19-22-25-1030x515.jpg\" alt=\"\" class=\"wp-image-6957\" srcset=\"https:\/\/sophie-scholl-schule.eu\/wp-content\/uploads\/2025\/12\/mfs-logo-ehrung_19-22-25-1030x515.jpg 1030w, https:\/\/sophie-scholl-schule.eu\/wp-content\/uploads\/2025\/12\/mfs-logo-ehrung_19-22-25-300x150.jpg 300w, https:\/\/sophie-scholl-schule.eu\/wp-content\/uploads\/2025\/12\/mfs-logo-ehrung_19-22-25-768x384.jpg 768w, https:\/\/sophie-scholl-schule.eu\/wp-content\/uploads\/2025\/12\/mfs-logo-ehrung_19-22-25-705x352.jpg 705w, https:\/\/sophie-scholl-schule.eu\/wp-content\/uploads\/2025\/12\/mfs-logo-ehrung_19-22-25.jpg 1063w\" sizes=\"auto, (max-width: 1030px) 100vw, 1030px\" \/><\/figure>\n\n\n\n<p>Zum dritten Mal in Folge gelang es dem MINT-Bereich der Sophie-Scholl-Schule, die Auszeichnung \u201eMINT-freundliche Schule\u201c zu erhalten. Die Auszeichnung ist eine der bundesweit wichtigsten Titel in diesem Bereich. So hat die Kultusministerkonferenz (KMK) in ihrem Beschluss zur F\u00f6rderung der MINT-Bildung die Auszeichnung \u201eMINT-freundliche Schule\u201c als besonders empfehlenswert hervorgehoben. Diese Schulen spielen eine Schl\u00fcsselrolle bei der F\u00f6rderung von MINT-Kompetenzen und werden als Modellbeispiele genannt.<\/p>\n\n\n\n<p>Die Urkunde nahmen im Rahmen einer Feier die Fachkoordinatoren im Bereich Frau Lewin, Herr Zumpe und Herr Hahn entgegen. Die Auszeichnung fand im Beisein prominenter Vertreter aus Politik und Wirtschaft (u.a. auch Staatssekret\u00e4r K\u00fchne) statt, die Gru\u00dfworte finden sich in der&nbsp;<a href=\"https:\/\/mintzukunftschaffen.de\/2025\/11\/14\/staatssekretaer-kuehne-zeichnet-21-berliner-schulen-als-mint-und-digital-champions-aus\/\">Pressemitteilung<\/a>&nbsp;des Vereins \u201eMINT Zukunft schaffen\u201c.&nbsp;<\/p>\n\n\n\n<figure class=\"wp-block-image aligncenter size-large is-resized\"><img loading=\"lazy\" decoding=\"async\" width=\"1030\" height=\"620\" src=\"https:\/\/sophie-scholl-schule.eu\/wp-content\/uploads\/2025\/12\/Foto-Ehrung-MINTfreundliche-Schule-1-1030x620.jpg\" alt=\"\" class=\"wp-image-6976\" style=\"aspect-ratio:1.66179811749432;width:361px;height:auto\" srcset=\"https:\/\/sophie-scholl-schule.eu\/wp-content\/uploads\/2025\/12\/Foto-Ehrung-MINTfreundliche-Schule-1-1030x620.jpg 1030w, https:\/\/sophie-scholl-schule.eu\/wp-content\/uploads\/2025\/12\/Foto-Ehrung-MINTfreundliche-Schule-1-300x181.jpg 300w, https:\/\/sophie-scholl-schule.eu\/wp-content\/uploads\/2025\/12\/Foto-Ehrung-MINTfreundliche-Schule-1-768x462.jpg 768w, https:\/\/sophie-scholl-schule.eu\/wp-content\/uploads\/2025\/12\/Foto-Ehrung-MINTfreundliche-Schule-1-1536x924.jpg 1536w, https:\/\/sophie-scholl-schule.eu\/wp-content\/uploads\/2025\/12\/Foto-Ehrung-MINTfreundliche-Schule-1-2048x1232.jpg 2048w, https:\/\/sophie-scholl-schule.eu\/wp-content\/uploads\/2025\/12\/Foto-Ehrung-MINTfreundliche-Schule-1-1500x903.jpg 1500w, https:\/\/sophie-scholl-schule.eu\/wp-content\/uploads\/2025\/12\/Foto-Ehrung-MINTfreundliche-Schule-1-705x424.jpg 705w\" sizes=\"auto, (max-width: 1030px) 100vw, 1030px\" \/><figcaption class=\"wp-element-caption\">Ehrung der Schulen in Berlin 2025 am 14.11.2025 in Berlin, Deutschland. (Foto von Florian Pohl \/ City-Press GmbH Bildagentur)<\/figcaption><\/figure>\n\n\n\n<p><em>V.l.n.r. Maximilian Dietz (VBI), Alexander Rabe (eco Verband), Afra Gloria M\u00fcller (Amazon), Nina Lewin (Fachkoordinatorin Biologie der Sophie-Scholl-Schule), Staatssekret\u00e4r Dr. K\u00fchne, Dr. Robert Hahn (Fachbereichsleiter Naturwissenschaften der Sophie-Scholl-Schule), Prof. Dr. Christoph Meinel (MINT Zukunft), Julian Zumpe (Fachkoordinator Physik der Sophie-Scholl-Schule)&nbsp;&nbsp;Kathrin Schwarz (A.M.M. Gruppe), Katja Rasch (Deutsche Bahn AG), Jakub Stribny (Hands on Technology)<\/em><\/p>\n\n\n\n<p>Mit der Auszeichnung wird best\u00e4tigt und anerkannt, dass die Sophie-Scholl-Schule einen umfangreichen Kriterienkatalog erf\u00fcllt, der f\u00fcr eine vertiefte MINT-Bildung steht. Die Kriterien umfassen sowohl Aspekte der Ausstattung mit Personal und Sachmitteln, des Angebotes im Unterricht und im Freizeitbereich, der Teilnahme an Wettbewerben, der Begabtenf\u00f6rderung und der Kooperation innerhalb und au\u00dferhalb der Schulgemeinschaft.<\/p>\n\n\n\n<p>Damit ist der Titel \u201eMINT-freundliche Schule\u201c sowohl ein sichtbarer Beleg unserer Leistungen als auch Ansporn und Kompass f\u00fcr die Weiterentwicklung unseres MINT-Profils.&nbsp;<\/p>\n","protected":false},"excerpt":{"rendered":"<p>Zum dritten Mal in Folge gelang es dem MINT-Bereich der Sophie-Scholl-Schule, die Auszeichnung \u201eMINT-freundliche Schule\u201c zu erhalten. Die Auszeichnung ist eine der bundesweit wichtigsten Titel in diesem Bereich. So hat die Kultusministerkonferenz (KMK) in ihrem Beschluss zur F\u00f6rderung der MINT-Bildung die Auszeichnung \u201eMINT-freundliche Schule\u201c als besonders empfehlenswert hervorgehoben. Diese Schulen spielen eine Schl\u00fcsselrolle bei der [&hellip;]<\/p>\n","protected":false},"author":1,"featured_media":6957,"comment_status":"closed","ping_status":"closed","sticky":false,"template":"","format":"standard","meta":{"footnotes":""},"categories":[188],"tags":[],"class_list":["post-6975","post","type-post","status-publish","format-standard","has-post-thumbnail","hentry","category-aktuelles-startseite"],"_links":{"self":[{"href":"https:\/\/sophie-scholl-schule.eu\/index.php?rest_route=\/wp\/v2\/posts\/6975","targetHints":{"allow":["GET"]}}],"collection":[{"href":"https:\/\/sophie-scholl-schule.eu\/index.php?rest_route=\/wp\/v2\/posts"}],"about":[{"href":"https:\/\/sophie-scholl-schule.eu\/index.php?rest_route=\/wp\/v2\/types\/post"}],"author":[{"embeddable":true,"href":"https:\/\/sophie-scholl-schule.eu\/index.php?rest_route=\/wp\/v2\/users\/1"}],"replies":[{"embeddable":true,"href":"https:\/\/sophie-scholl-schule.eu\/index.php?rest_route=%2Fwp%2Fv2%2Fcomments&post=6975"}],"version-history":[{"count":1,"href":"https:\/\/sophie-scholl-schule.eu\/index.php?rest_route=\/wp\/v2\/posts\/6975\/revisions"}],"predecessor-version":[{"id":6977,"href":"https:\/\/sophie-scholl-schule.eu\/index.php?rest_route=\/wp\/v2\/posts\/6975\/revisions\/6977"}],"wp:featuredmedia":[{"embeddable":true,"href":"https:\/\/sophie-scholl-schule.eu\/index.php?rest_route=\/wp\/v2\/media\/6957"}],"wp:attachment":[{"href":"https:\/\/sophie-scholl-schule.eu\/index.php?rest_route=%2Fwp%2Fv2%2Fmedia&parent=6975"}],"wp:term":[{"taxonomy":"category","embeddable":true,"href":"https:\/\/sophie-scholl-schule.eu\/index.php?rest_route=%2Fwp%2Fv2%2Fcategories&post=6975"},{"taxonomy":"post_tag","embeddable":true,"href":"https:\/\/sophie-scholl-schule.eu\/index.php?rest_route=%2Fwp%2Fv2%2Ftags&post=6975"}],"curies":[{"name":"wp","href":"https:\/\/api.w.org\/{rel}","templated":true}]}}