{"id":6970,"date":"2025-12-14T11:06:19","date_gmt":"2025-12-14T11:06:19","guid":{"rendered":"https:\/\/sophie-scholl-schule.eu\/?p=6970"},"modified":"2025-12-14T11:06:40","modified_gmt":"2025-12-14T11:06:40","slug":"delf-pruefung-2024-anmeldung-2-2","status":"publish","type":"post","link":"https:\/\/sophie-scholl-schule.eu\/?p=6970","title":{"rendered":"DELF-Pr\u00fcfung 2026"},"content":{"rendered":"\n<figure class=\"wp-block-image alignright size-full\"><img loading=\"lazy\" decoding=\"async\" width=\"250\" height=\"250\" src=\"https:\/\/sophie-scholl-schule.eu\/wp-content\/uploads\/2024\/11\/DELF-Logo.jpg\" alt=\"\" class=\"wp-image-6022\" srcset=\"https:\/\/sophie-scholl-schule.eu\/wp-content\/uploads\/2024\/11\/DELF-Logo.jpg 250w, https:\/\/sophie-scholl-schule.eu\/wp-content\/uploads\/2024\/11\/DELF-Logo-80x80.jpg 80w, https:\/\/sophie-scholl-schule.eu\/wp-content\/uploads\/2024\/11\/DELF-Logo-36x36.jpg 36w, https:\/\/sophie-scholl-schule.eu\/wp-content\/uploads\/2024\/11\/DELF-Logo-180x180.jpg 180w\" sizes=\"auto, (max-width: 250px) 100vw, 250px\" \/><\/figure>\n\n\n\n<p class=\"has-text-align-left\">Liebe Eltern,<\/p>\n\n\n\n<p>Sie k\u00f6nnen ab sofort Ihr Kind zu den DELF-Pr\u00fcfungen anmelden. In diesem Jahr stehen den<\/p>\n\n\n\n<p>Sch\u00fcler*innen zwei Termine fest:<\/p>\n\n\n\n<ul class=\"wp-block-list\">\n<li><strong>am Samstag, den 13.06.2026 (schriftlich)<\/strong><\/li>\n<\/ul>\n\n\n\n<p>und<\/p>\n\n\n\n<ul class=\"wp-block-list\">\n<li><strong>am Samstag, den 20.06.2026\u00a0<\/strong>(<strong>m\u00fcndlich<\/strong>, an der Sophie-Scholl-Schule)<br><br><\/li>\n<\/ul>\n\n\n\n<p>Alle Informationen und das Anmeldeformular finden Sie hier:<\/p>\n\n\n\n<p><a href=\"https:\/\/sophie-scholl-schule.eu\/wp-content\/uploads\/2025\/12\/Anmeldung-DELF-2026.pdf\">Infobrief<\/a><\/p>\n\n\n\n<p><a href=\"https:\/\/sophie-scholl-schule.eu\/wp-content\/uploads\/2025\/12\/Anmeldeformular_DELF-Scolaire_2026_JUNI.pdf\">Anmeldeformular<\/a><\/p>\n\n\n\n<p><\/p>\n","protected":false},"excerpt":{"rendered":"<p>Liebe Eltern, Sie k\u00f6nnen ab sofort Ihr Kind zu den DELF-Pr\u00fcfungen anmelden. In diesem Jahr stehen den Sch\u00fcler*innen zwei Termine fest: und Alle Informationen und das Anmeldeformular finden Sie hier: Infobrief Anmeldeformular<\/p>\n","protected":false},"author":1,"featured_media":6021,"comment_status":"closed","ping_status":"closed","sticky":false,"template":"","format":"standard","meta":{"footnotes":""},"categories":[188,146],"tags":[],"class_list":["post-6970","post","type-post","status-publish","format-standard","has-post-thumbnail","hentry","category-aktuelles-startseite","category-sesb"],"_links":{"self":[{"href":"https:\/\/sophie-scholl-schule.eu\/index.php?rest_route=\/wp\/v2\/posts\/6970","targetHints":{"allow":["GET"]}}],"collection":[{"href":"https:\/\/sophie-scholl-schule.eu\/index.php?rest_route=\/wp\/v2\/posts"}],"about":[{"href":"https:\/\/sophie-scholl-schule.eu\/index.php?rest_route=\/wp\/v2\/types\/post"}],"author":[{"embeddable":true,"href":"https:\/\/sophie-scholl-schule.eu\/index.php?rest_route=\/wp\/v2\/users\/1"}],"replies":[{"embeddable":true,"href":"https:\/\/sophie-scholl-schule.eu\/index.php?rest_route=%2Fwp%2Fv2%2Fcomments&post=6970"}],"version-history":[{"count":1,"href":"https:\/\/sophie-scholl-schule.eu\/index.php?rest_route=\/wp\/v2\/posts\/6970\/revisions"}],"predecessor-version":[{"id":6973,"href":"https:\/\/sophie-scholl-schule.eu\/index.php?rest_route=\/wp\/v2\/posts\/6970\/revisions\/6973"}],"wp:featuredmedia":[{"embeddable":true,"href":"https:\/\/sophie-scholl-schule.eu\/index.php?rest_route=\/wp\/v2\/media\/6021"}],"wp:attachment":[{"href":"https:\/\/sophie-scholl-schule.eu\/index.php?rest_route=%2Fwp%2Fv2%2Fmedia&parent=6970"}],"wp:term":[{"taxonomy":"category","embeddable":true,"href":"https:\/\/sophie-scholl-schule.eu\/index.php?rest_route=%2Fwp%2Fv2%2Fcategories&post=6970"},{"taxonomy":"post_tag","embeddable":true,"href":"https:\/\/sophie-scholl-schule.eu\/index.php?rest_route=%2Fwp%2Fv2%2Ftags&post=6970"}],"curies":[{"name":"wp","href":"https:\/\/api.w.org\/{rel}","templated":true}]}}