{"id":6945,"date":"2025-12-14T09:57:08","date_gmt":"2025-12-14T09:57:08","guid":{"rendered":"https:\/\/sophie-scholl-schule.eu\/?p=6945"},"modified":"2025-12-14T09:57:10","modified_gmt":"2025-12-14T09:57:10","slug":"informatik-biber-2025","status":"publish","type":"post","link":"https:\/\/sophie-scholl-schule.eu\/?p=6945","title":{"rendered":"Informatik-Biber 2025"},"content":{"rendered":"\n<figure class=\"wp-block-image aligncenter size-full is-resized\"><img loading=\"lazy\" decoding=\"async\" width=\"908\" height=\"532\" src=\"https:\/\/sophie-scholl-schule.eu\/wp-content\/uploads\/2025\/12\/InformatikBiber2025.png\" alt=\"\" class=\"wp-image-6946\" style=\"aspect-ratio:1.706837350401707;width:344px;height:auto\" srcset=\"https:\/\/sophie-scholl-schule.eu\/wp-content\/uploads\/2025\/12\/InformatikBiber2025.png 908w, https:\/\/sophie-scholl-schule.eu\/wp-content\/uploads\/2025\/12\/InformatikBiber2025-300x176.png 300w, https:\/\/sophie-scholl-schule.eu\/wp-content\/uploads\/2025\/12\/InformatikBiber2025-768x450.png 768w, https:\/\/sophie-scholl-schule.eu\/wp-content\/uploads\/2025\/12\/InformatikBiber2025-705x413.png 705w\" sizes=\"auto, (max-width: 908px) 100vw, 908px\" \/><\/figure>\n\n\n\n<p>Auch in diesem Jahr nahmen die MINT-Klassen wieder am BIBER-Wettbewerb teil \u2013 wieder wurden dabei Spitzenpl\u00e4tze erreicht, z.B. Enno Kambeck aus der 8.23 und Paule Amling aus der 9.23 mit der jeweiligen H\u00f6chstpunktzahl und damit 1. Preisen!<\/p>\n\n\n\n<p>Doch nicht nur das individuelle Abschneiden wurde gewertet, sondern auch das Abschneiden der einzelnen Klassen im Vergleich. Dabei zeigte sich, dass die jeweils \u00e4ltere Klasse in den Doppeljahrgangsstufen deutlich vorne lag. Die Klasse 7.23 erreichte im Schnitt 80,6 von max. 180 Punkten, die Klasse 8.23 hingegen schon 120,7 Punkte.<\/p>\n\n\n\n<p>Bei der Klasse 9.23 lag der Durchschnittswert bei&nbsp;&nbsp;86,6 von 140 Punkten, die Klasse 10.23 erreichte 98,4 Punkte.<\/p>\n\n\n\n<p>Alle Teilnehmenden mit vorderen Platzierungen werden von Herrn Zumpe zur Teilnahme am Bundeswettbewerb Informatik motiviert.&nbsp;<\/p>\n\n\n\n<p>Wir freuen uns \u00fcber die seit Jahren konstant guten Ergebnisse und die vielen vorderen Platzierung, aber auch \u00fcber die Freude und die Lust am Knobeln und Aufgabenl\u00f6sen, die man bei der Betreuung des Wettbewerbes erleben konnte.&nbsp;<\/p>\n","protected":false},"excerpt":{"rendered":"<p>Auch in diesem Jahr nahmen die MINT-Klassen wieder am BIBER-Wettbewerb teil \u2013 wieder wurden dabei Spitzenpl\u00e4tze erreicht, z.B. Enno Kambeck aus der 8.23 und Paule Amling aus der 9.23 mit der jeweiligen H\u00f6chstpunktzahl und damit 1. Preisen! Doch nicht nur das individuelle Abschneiden wurde gewertet, sondern auch das Abschneiden der einzelnen Klassen im Vergleich. Dabei [&hellip;]<\/p>\n","protected":false},"author":1,"featured_media":6946,"comment_status":"closed","ping_status":"closed","sticky":false,"template":"","format":"standard","meta":{"footnotes":""},"categories":[188],"tags":[],"class_list":["post-6945","post","type-post","status-publish","format-standard","has-post-thumbnail","hentry","category-aktuelles-startseite"],"_links":{"self":[{"href":"https:\/\/sophie-scholl-schule.eu\/index.php?rest_route=\/wp\/v2\/posts\/6945","targetHints":{"allow":["GET"]}}],"collection":[{"href":"https:\/\/sophie-scholl-schule.eu\/index.php?rest_route=\/wp\/v2\/posts"}],"about":[{"href":"https:\/\/sophie-scholl-schule.eu\/index.php?rest_route=\/wp\/v2\/types\/post"}],"author":[{"embeddable":true,"href":"https:\/\/sophie-scholl-schule.eu\/index.php?rest_route=\/wp\/v2\/users\/1"}],"replies":[{"embeddable":true,"href":"https:\/\/sophie-scholl-schule.eu\/index.php?rest_route=%2Fwp%2Fv2%2Fcomments&post=6945"}],"version-history":[{"count":1,"href":"https:\/\/sophie-scholl-schule.eu\/index.php?rest_route=\/wp\/v2\/posts\/6945\/revisions"}],"predecessor-version":[{"id":6947,"href":"https:\/\/sophie-scholl-schule.eu\/index.php?rest_route=\/wp\/v2\/posts\/6945\/revisions\/6947"}],"wp:featuredmedia":[{"embeddable":true,"href":"https:\/\/sophie-scholl-schule.eu\/index.php?rest_route=\/wp\/v2\/media\/6946"}],"wp:attachment":[{"href":"https:\/\/sophie-scholl-schule.eu\/index.php?rest_route=%2Fwp%2Fv2%2Fmedia&parent=6945"}],"wp:term":[{"taxonomy":"category","embeddable":true,"href":"https:\/\/sophie-scholl-schule.eu\/index.php?rest_route=%2Fwp%2Fv2%2Fcategories&post=6945"},{"taxonomy":"post_tag","embeddable":true,"href":"https:\/\/sophie-scholl-schule.eu\/index.php?rest_route=%2Fwp%2Fv2%2Ftags&post=6945"}],"curies":[{"name":"wp","href":"https:\/\/api.w.org\/{rel}","templated":true}]}}