{"id":4093,"date":"2024-06-20T15:54:00","date_gmt":"2024-06-20T15:54:00","guid":{"rendered":"https:\/\/sophie-scholl-schule.eu\/?p=4093"},"modified":"2024-10-31T13:16:45","modified_gmt":"2024-10-31T13:16:45","slug":"musical-the-addams-family","status":"publish","type":"post","link":"https:\/\/sophie-scholl-schule.eu\/?p=4093","title":{"rendered":"Musical &#8222;The Addams Family&#8220;"},"content":{"rendered":"\n<figure class=\"wp-block-image aligncenter size-full\"><img loading=\"lazy\" decoding=\"async\" width=\"429\" height=\"598\" src=\"https:\/\/sophie-scholl-schule.eu\/wp-content\/uploads\/2024\/10\/Flyer_Addams_Family1.jpg\" alt=\"\" class=\"wp-image-4094\" srcset=\"https:\/\/sophie-scholl-schule.eu\/wp-content\/uploads\/2024\/10\/Flyer_Addams_Family1.jpg 429w, https:\/\/sophie-scholl-schule.eu\/wp-content\/uploads\/2024\/10\/Flyer_Addams_Family1-215x300.jpg 215w\" sizes=\"auto, (max-width: 429px) 100vw, 429px\" \/><\/figure>\n\n\n\n<p>Die Sch\u00fclerinnen und Sch\u00fcler des Grundkurses Musical sowie der Musical- und der Veranstaltungstechnik-AG freuen sich, euch dieses Jahr unsere Version der ADDAMS FAMILY auf der Sophie-Scholl-B\u00fchne zu pr\u00e4sentieren.<\/p>\n\n\n\n<p>Das Musical basiert auf der gleichnamigen Comic-Reihe von Charles Addams aus den 1930er Jahren und dreht sich wie seine literarische Vorlage um die etwas untypische Familie Addams.<\/p>\n\n\n\n<p>Wednesday Addams, Tochter von Morticia und Gomez Addams, ist mittlerweile 18 Jahre alt und verliebt. Als Wednesday und ihr Liebster, Lucas Beineke, sich verloben, beschlie\u00dfen sie, den Familien die frohen Neuigkeiten bei einem Dinner zuhause bei den Addams zu verk\u00fcnden.<br>Das einzige Problem: Die Addams und die Beinekes k\u00f6nnten nicht unterschiedlicher sein. Die Addams sind exzentrisch und haben Freude an allem was grotesk und makaber ist. Die Beinekes hingegen sind die typische amerikanische Kernfamilie. Hier trifft leidenschaftlich auf spie\u00dfig, Wahrheit auf Geheimnisse und das Dinner scheint v\u00f6llig zu eskalieren\u2026<\/p>\n\n\n\n<p>Wir haben uns im Laufe des Schuljahrs m\u00e4chtig ins Zeug gelegt, um euch in die skurrile, d\u00fcster-am\u00fcsante und ganz und gar nicht \u201enormale\u201c Welt dieser liebenswert verr\u00fcckten Familie zu entf\u00fchren.<\/p>\n\n\n\n<p>Die Auff\u00fchrungen sind an folgen Terminen:<br>Donnerstag, 20. Juni (Premiere)<br>Freitag, 21. Juni<br>Montag, 24. Juni<br>Dienstag, 25. Juni<br>Donnerstag, 27. Juni<br>Freitag, 28. Juni (Derni\u00e8re)<\/p>\n\n\n\n<p>jeweils von 19 bis ca. 21:30 Uhr, Einlass ist um 18.30 Uhr.<\/p>\n\n\n\n<figure class=\"wp-block-image aligncenter size-full\"><img loading=\"lazy\" decoding=\"async\" width=\"429\" height=\"598\" src=\"https:\/\/sophie-scholl-schule.eu\/wp-content\/uploads\/2024\/10\/Flyer_Addams_Family2.jpg\" alt=\"\" class=\"wp-image-4095\" srcset=\"https:\/\/sophie-scholl-schule.eu\/wp-content\/uploads\/2024\/10\/Flyer_Addams_Family2.jpg 429w, https:\/\/sophie-scholl-schule.eu\/wp-content\/uploads\/2024\/10\/Flyer_Addams_Family2-215x300.jpg 215w\" sizes=\"auto, (max-width: 429px) 100vw, 429px\" \/><\/figure>\n","protected":false},"excerpt":{"rendered":"<p>Die Sch\u00fclerinnen und Sch\u00fcler des Grundkurses Musical sowie der Musical- und der Veranstaltungstechnik-AG freuen sich, euch dieses Jahr unsere Version der ADDAMS FAMILY auf der Sophie-Scholl-B\u00fchne zu pr\u00e4sentieren. Das Musical basiert auf der gleichnamigen Comic-Reihe von Charles Addams aus den 1930er Jahren und dreht sich wie seine literarische Vorlage um die etwas untypische Familie Addams. [&hellip;]<\/p>\n","protected":false},"author":1,"featured_media":4296,"comment_status":"closed","ping_status":"closed","sticky":false,"template":"","format":"standard","meta":{"footnotes":""},"categories":[188,155],"tags":[],"class_list":["post-4093","post","type-post","status-publish","format-standard","has-post-thumbnail","hentry","category-aktuelles-startseite","category-musical"],"_links":{"self":[{"href":"https:\/\/sophie-scholl-schule.eu\/index.php?rest_route=\/wp\/v2\/posts\/4093","targetHints":{"allow":["GET"]}}],"collection":[{"href":"https:\/\/sophie-scholl-schule.eu\/index.php?rest_route=\/wp\/v2\/posts"}],"about":[{"href":"https:\/\/sophie-scholl-schule.eu\/index.php?rest_route=\/wp\/v2\/types\/post"}],"author":[{"embeddable":true,"href":"https:\/\/sophie-scholl-schule.eu\/index.php?rest_route=\/wp\/v2\/users\/1"}],"replies":[{"embeddable":true,"href":"https:\/\/sophie-scholl-schule.eu\/index.php?rest_route=%2Fwp%2Fv2%2Fcomments&post=4093"}],"version-history":[{"count":1,"href":"https:\/\/sophie-scholl-schule.eu\/index.php?rest_route=\/wp\/v2\/posts\/4093\/revisions"}],"predecessor-version":[{"id":4096,"href":"https:\/\/sophie-scholl-schule.eu\/index.php?rest_route=\/wp\/v2\/posts\/4093\/revisions\/4096"}],"wp:featuredmedia":[{"embeddable":true,"href":"https:\/\/sophie-scholl-schule.eu\/index.php?rest_route=\/wp\/v2\/media\/4296"}],"wp:attachment":[{"href":"https:\/\/sophie-scholl-schule.eu\/index.php?rest_route=%2Fwp%2Fv2%2Fmedia&parent=4093"}],"wp:term":[{"taxonomy":"category","embeddable":true,"href":"https:\/\/sophie-scholl-schule.eu\/index.php?rest_route=%2Fwp%2Fv2%2Fcategories&post=4093"},{"taxonomy":"post_tag","embeddable":true,"href":"https:\/\/sophie-scholl-schule.eu\/index.php?rest_route=%2Fwp%2Fv2%2Ftags&post=4093"}],"curies":[{"name":"wp","href":"https:\/\/api.w.org\/{rel}","templated":true}]}}