{"id":3647,"date":"2024-04-15T09:19:40","date_gmt":"2024-04-15T09:19:40","guid":{"rendered":"https:\/\/sophie-scholl-schule.eu\/?p=3647"},"modified":"2024-10-31T13:16:45","modified_gmt":"2024-10-31T13:16:45","slug":"der-vorlesewettbewerb-des-7-jahrgangs-2024","status":"publish","type":"post","link":"https:\/\/sophie-scholl-schule.eu\/?p=3647","title":{"rendered":"Der Vorlesewettbewerb des 7. Jahrgangs 2024"},"content":{"rendered":"<p>&nbsp;<\/p>\n<p><img loading=\"lazy\" decoding=\"async\" class=\" alignleft size-full wp-image-3643\" src=\"https:\/\/sophie-scholl-schule.eu\/wp-content\/uploads\/2024\/04\/1_Gruppenfoto-scaled.jpeg\" alt=\"2 Gewinnerfoto\" style=\"margin-right: 10px; float: left;\" width=\"400\" height=\"225\" srcset=\"https:\/\/sophie-scholl-schule.eu\/wp-content\/uploads\/2024\/04\/1_Gruppenfoto-scaled.jpeg 2560w, https:\/\/sophie-scholl-schule.eu\/wp-content\/uploads\/2024\/04\/1_Gruppenfoto-300x169.jpeg 300w, https:\/\/sophie-scholl-schule.eu\/wp-content\/uploads\/2024\/04\/1_Gruppenfoto-1030x580.jpeg 1030w, https:\/\/sophie-scholl-schule.eu\/wp-content\/uploads\/2024\/04\/1_Gruppenfoto-768x432.jpeg 768w, https:\/\/sophie-scholl-schule.eu\/wp-content\/uploads\/2024\/04\/1_Gruppenfoto-1536x864.jpeg 1536w, https:\/\/sophie-scholl-schule.eu\/wp-content\/uploads\/2024\/04\/1_Gruppenfoto-2048x1153.jpeg 2048w, https:\/\/sophie-scholl-schule.eu\/wp-content\/uploads\/2024\/04\/1_Gruppenfoto-1500x844.jpeg 1500w, https:\/\/sophie-scholl-schule.eu\/wp-content\/uploads\/2024\/04\/1_Gruppenfoto-705x397.jpeg 705w\" sizes=\"auto, (max-width: 400px) 100vw, 400px\" \/>Am diesj\u00e4hrigen Vorlesewettbewerb der Sophie-Scholl-Schule nahmen wieder die besten Vorleser*innen des 7. Jahrgangs teil und stellten zun\u00e4chst ihre selbstgew\u00e4hlten B\u00fccher vor. F\u00fcr alle war es spannend zu sehen, wie unterschiedlich die Lesetechniken waren und es fiel der Jury, bestehend aus Siebtkl\u00e4sslern und dem Profilkurs Deutsch des 11. Jahrgangs, nicht leicht, die besten sechs Leser*innen zu k\u00fcren. Anschlie\u00dfend traten diese besten Sechs noch einmal gegeneinander an und zeigten, dass sie auch unge\u00fcbt Texte wunderbar vorlesen konnten. <br \/>Das Finale fiel noch nie so knapp aus wie in diesem Jahr: Fast punktgleich belegten die ersten drei Pl\u00e4tze Simon (711), Helene (722) und Noam (721) \u2013 herzlichen Gl\u00fcckwunsch!<br \/>Am 11. April 2024 fand der Lesewettbewerb der Berliner UNESCO-Projektschulen statt, an dem Helene und Simon unsere Schule w\u00fcrdig vertreten haben.<\/p>\n<p><!--more--><\/p>\n<p>&nbsp;<\/p>\n<p><img loading=\"lazy\" decoding=\"async\" class=\" size-full wp-image-3644\" src=\"https:\/\/sophie-scholl-schule.eu\/wp-content\/uploads\/2024\/04\/2_Gewinnerfoto-scaled.jpeg\" alt=\"2 Gewinnerfoto\" width=\"1000\" height=\"674\" srcset=\"https:\/\/sophie-scholl-schule.eu\/wp-content\/uploads\/2024\/04\/2_Gewinnerfoto-scaled.jpeg 2560w, https:\/\/sophie-scholl-schule.eu\/wp-content\/uploads\/2024\/04\/2_Gewinnerfoto-300x202.jpeg 300w, https:\/\/sophie-scholl-schule.eu\/wp-content\/uploads\/2024\/04\/2_Gewinnerfoto-1030x694.jpeg 1030w, https:\/\/sophie-scholl-schule.eu\/wp-content\/uploads\/2024\/04\/2_Gewinnerfoto-768x518.jpeg 768w, https:\/\/sophie-scholl-schule.eu\/wp-content\/uploads\/2024\/04\/2_Gewinnerfoto-1536x1036.jpeg 1536w, https:\/\/sophie-scholl-schule.eu\/wp-content\/uploads\/2024\/04\/2_Gewinnerfoto-2048x1381.jpeg 2048w, https:\/\/sophie-scholl-schule.eu\/wp-content\/uploads\/2024\/04\/2_Gewinnerfoto-1500x1011.jpeg 1500w, https:\/\/sophie-scholl-schule.eu\/wp-content\/uploads\/2024\/04\/2_Gewinnerfoto-705x475.jpeg 705w\" sizes=\"auto, (max-width: 1000px) 100vw, 1000px\" \/><\/p>\n<p><img loading=\"lazy\" decoding=\"async\" class=\" size-full wp-image-3645\" src=\"https:\/\/sophie-scholl-schule.eu\/wp-content\/uploads\/2024\/04\/3_Buechertisch-scaled.jpeg\" alt=\"3 B\u00fcchertisch\" width=\"1000\" height=\"766\" srcset=\"https:\/\/sophie-scholl-schule.eu\/wp-content\/uploads\/2024\/04\/3_Buechertisch-scaled.jpeg 2560w, https:\/\/sophie-scholl-schule.eu\/wp-content\/uploads\/2024\/04\/3_Buechertisch-300x230.jpeg 300w, https:\/\/sophie-scholl-schule.eu\/wp-content\/uploads\/2024\/04\/3_Buechertisch-1030x789.jpeg 1030w, https:\/\/sophie-scholl-schule.eu\/wp-content\/uploads\/2024\/04\/3_Buechertisch-768x588.jpeg 768w, https:\/\/sophie-scholl-schule.eu\/wp-content\/uploads\/2024\/04\/3_Buechertisch-1536x1177.jpeg 1536w, https:\/\/sophie-scholl-schule.eu\/wp-content\/uploads\/2024\/04\/3_Buechertisch-2048x1569.jpeg 2048w, https:\/\/sophie-scholl-schule.eu\/wp-content\/uploads\/2024\/04\/3_Buechertisch-1500x1149.jpeg 1500w, https:\/\/sophie-scholl-schule.eu\/wp-content\/uploads\/2024\/04\/3_Buechertisch-705x540.jpeg 705w\" sizes=\"auto, (max-width: 1000px) 100vw, 1000px\" \/><\/p>\n<p><img loading=\"lazy\" decoding=\"async\" class=\" size-full wp-image-3643\" src=\"https:\/\/sophie-scholl-schule.eu\/wp-content\/uploads\/2024\/04\/1_Gruppenfoto-scaled.jpeg\" alt=\"1 Gruppenfoto\" width=\"1000\" height=\"563\" srcset=\"https:\/\/sophie-scholl-schule.eu\/wp-content\/uploads\/2024\/04\/1_Gruppenfoto-scaled.jpeg 2560w, https:\/\/sophie-scholl-schule.eu\/wp-content\/uploads\/2024\/04\/1_Gruppenfoto-300x169.jpeg 300w, https:\/\/sophie-scholl-schule.eu\/wp-content\/uploads\/2024\/04\/1_Gruppenfoto-1030x580.jpeg 1030w, https:\/\/sophie-scholl-schule.eu\/wp-content\/uploads\/2024\/04\/1_Gruppenfoto-768x432.jpeg 768w, https:\/\/sophie-scholl-schule.eu\/wp-content\/uploads\/2024\/04\/1_Gruppenfoto-1536x864.jpeg 1536w, https:\/\/sophie-scholl-schule.eu\/wp-content\/uploads\/2024\/04\/1_Gruppenfoto-2048x1153.jpeg 2048w, https:\/\/sophie-scholl-schule.eu\/wp-content\/uploads\/2024\/04\/1_Gruppenfoto-1500x844.jpeg 1500w, https:\/\/sophie-scholl-schule.eu\/wp-content\/uploads\/2024\/04\/1_Gruppenfoto-705x397.jpeg 705w\" sizes=\"auto, (max-width: 1000px) 100vw, 1000px\" \/><\/p>\n<p><img loading=\"lazy\" decoding=\"async\" class=\" size-full wp-image-3646\" src=\"https:\/\/sophie-scholl-schule.eu\/wp-content\/uploads\/2024\/04\/UNESCO_Vorlesewettbewerb-scaled.jpg\" alt=\"UNESCO Vorlesewettbewerb\" width=\"1000\" height=\"750\" srcset=\"https:\/\/sophie-scholl-schule.eu\/wp-content\/uploads\/2024\/04\/UNESCO_Vorlesewettbewerb-scaled.jpg 2560w, https:\/\/sophie-scholl-schule.eu\/wp-content\/uploads\/2024\/04\/UNESCO_Vorlesewettbewerb-300x225.jpg 300w, https:\/\/sophie-scholl-schule.eu\/wp-content\/uploads\/2024\/04\/UNESCO_Vorlesewettbewerb-1030x773.jpg 1030w, https:\/\/sophie-scholl-schule.eu\/wp-content\/uploads\/2024\/04\/UNESCO_Vorlesewettbewerb-768x576.jpg 768w, https:\/\/sophie-scholl-schule.eu\/wp-content\/uploads\/2024\/04\/UNESCO_Vorlesewettbewerb-1536x1152.jpg 1536w, https:\/\/sophie-scholl-schule.eu\/wp-content\/uploads\/2024\/04\/UNESCO_Vorlesewettbewerb-2048x1536.jpg 2048w, https:\/\/sophie-scholl-schule.eu\/wp-content\/uploads\/2024\/04\/UNESCO_Vorlesewettbewerb-1500x1125.jpg 1500w, https:\/\/sophie-scholl-schule.eu\/wp-content\/uploads\/2024\/04\/UNESCO_Vorlesewettbewerb-705x529.jpg 705w\" sizes=\"auto, (max-width: 1000px) 100vw, 1000px\" \/><\/p>\n<p><em>Der Wettbewerb fand mit der freundlichen Unterst\u00fctzung des F\u00f6rdervereins der Schule statt, der B\u00fcchergutscheine f\u00fcr die drei Gewinner*innen stellte.<\/em><\/p>\n<p>&nbsp;<\/p>\n<p>&nbsp;<\/p>\n<p>&nbsp;<\/p>\n<p>&nbsp;<\/p>\n<p>&nbsp;<\/p>\n<p>&nbsp;<\/p>\n<p>&nbsp;<\/p>\n","protected":false},"excerpt":{"rendered":"<p>&nbsp; Am diesj\u00e4hrigen Vorlesewettbewerb der Sophie-Scholl-Schule nahmen wieder die besten Vorleser*innen des 7. Jahrgangs teil und stellten zun\u00e4chst ihre selbstgew\u00e4hlten B\u00fccher vor. F\u00fcr alle war es spannend zu sehen, wie unterschiedlich die Lesetechniken waren und es fiel der Jury, bestehend aus Siebtkl\u00e4sslern und dem Profilkurs Deutsch des 11. Jahrgangs, nicht leicht, die besten sechs Leser*innen [&hellip;]<\/p>\n","protected":false},"author":1,"featured_media":3643,"comment_status":"closed","ping_status":"","sticky":false,"template":"","format":"standard","meta":{"footnotes":""},"categories":[188,1],"tags":[],"class_list":["post-3647","post","type-post","status-publish","format-standard","has-post-thumbnail","hentry","category-aktuelles-startseite","category-uncategorized"],"_links":{"self":[{"href":"https:\/\/sophie-scholl-schule.eu\/index.php?rest_route=\/wp\/v2\/posts\/3647","targetHints":{"allow":["GET"]}}],"collection":[{"href":"https:\/\/sophie-scholl-schule.eu\/index.php?rest_route=\/wp\/v2\/posts"}],"about":[{"href":"https:\/\/sophie-scholl-schule.eu\/index.php?rest_route=\/wp\/v2\/types\/post"}],"author":[{"embeddable":true,"href":"https:\/\/sophie-scholl-schule.eu\/index.php?rest_route=\/wp\/v2\/users\/1"}],"replies":[{"embeddable":true,"href":"https:\/\/sophie-scholl-schule.eu\/index.php?rest_route=%2Fwp%2Fv2%2Fcomments&post=3647"}],"version-history":[{"count":1,"href":"https:\/\/sophie-scholl-schule.eu\/index.php?rest_route=\/wp\/v2\/posts\/3647\/revisions"}],"predecessor-version":[{"id":4459,"href":"https:\/\/sophie-scholl-schule.eu\/index.php?rest_route=\/wp\/v2\/posts\/3647\/revisions\/4459"}],"wp:featuredmedia":[{"embeddable":true,"href":"https:\/\/sophie-scholl-schule.eu\/index.php?rest_route=\/wp\/v2\/media\/3643"}],"wp:attachment":[{"href":"https:\/\/sophie-scholl-schule.eu\/index.php?rest_route=%2Fwp%2Fv2%2Fmedia&parent=3647"}],"wp:term":[{"taxonomy":"category","embeddable":true,"href":"https:\/\/sophie-scholl-schule.eu\/index.php?rest_route=%2Fwp%2Fv2%2Fcategories&post=3647"},{"taxonomy":"post_tag","embeddable":true,"href":"https:\/\/sophie-scholl-schule.eu\/index.php?rest_route=%2Fwp%2Fv2%2Ftags&post=3647"}],"curies":[{"name":"wp","href":"https:\/\/api.w.org\/{rel}","templated":true}]}}