{"id":3624,"date":"2024-03-01T10:34:11","date_gmt":"2024-03-01T10:34:11","guid":{"rendered":"https:\/\/sophie-scholl-schule.eu\/?p=3624"},"modified":"2024-11-05T11:31:04","modified_gmt":"2024-11-05T11:31:04","slug":"deutsch-franzoesische-freundschaft","status":"publish","type":"post","link":"https:\/\/sophie-scholl-schule.eu\/?p=3624","title":{"rendered":"deutsch-franz\u00f6sische Freundschaft"},"content":{"rendered":"<p>Die deutsch-franz\u00f6sische Freundschaft wurde w\u00e4hrend der gesamten Woche vom 22. Januar bis Freitag, den 26. Januar gefeiert. Es begann mit dem wunderbaren Konzert von MFA Kera, die kam, um zu singen und ihren Text <em>Fatou Rama<\/em> zu lesen und \u00fcber ihr Leben von Madagaskar \u00fcber den Senegal bis in die USA und nach Frankreich zu erz\u00e4hlen. Die Sch\u00fclerinnen und Sch\u00fcler der 8. und 12. Klasse \u00fcberraschten ihre Mitsch\u00fclerInnen, indem sie spontan am Unterricht beitraten und in Gruppen ein Gedicht vortrugen. Eine andere Klasse backte Cr\u00eapes und zeigte franz\u00f6sische Filme, und unser tolles Mensa-Team kochte die ganze Woche \u00fcber Gerichte aus der Frankophonie mit Speisen aus Kanada, Kamerun, Belgien und Frankreich.<\/p>\n<p><!--more--><\/p>\n<p>&nbsp;<\/p>\n<p><img loading=\"lazy\" decoding=\"async\" class=\" size-full wp-image-3622\" src=\"https:\/\/sophie-scholl-schule.eu\/wp-content\/uploads\/2024\/03\/IMG_4429-rotated.jpg\" alt=\"IMG 4429\" width=\"640\" height=\"640\" srcset=\"https:\/\/sophie-scholl-schule.eu\/wp-content\/uploads\/2024\/03\/IMG_4429-rotated.jpg 640w, https:\/\/sophie-scholl-schule.eu\/wp-content\/uploads\/2024\/03\/IMG_4429-300x300.jpg 300w, https:\/\/sophie-scholl-schule.eu\/wp-content\/uploads\/2024\/03\/IMG_4429-80x80.jpg 80w, https:\/\/sophie-scholl-schule.eu\/wp-content\/uploads\/2024\/03\/IMG_4429-36x36.jpg 36w, https:\/\/sophie-scholl-schule.eu\/wp-content\/uploads\/2024\/03\/IMG_4429-180x180.jpg 180w\" sizes=\"auto, (max-width: 640px) 100vw, 640px\" \/><\/p>\n<p><img loading=\"lazy\" decoding=\"async\" class=\" size-full wp-image-3623\" src=\"https:\/\/sophie-scholl-schule.eu\/wp-content\/uploads\/2024\/03\/IMG_4438-rotated.jpg\" alt=\"IMG 4438\" width=\"640\" height=\"480\" \/><\/p>\n<p>&nbsp;<\/p>\n","protected":false},"excerpt":{"rendered":"<p>Die deutsch-franz\u00f6sische Freundschaft wurde w\u00e4hrend der gesamten Woche vom 22. Januar bis Freitag, den 26. Januar gefeiert. Es begann mit dem wunderbaren Konzert von MFA Kera, die kam, um zu singen und ihren Text Fatou Rama zu lesen und \u00fcber ihr Leben von Madagaskar \u00fcber den Senegal bis in die USA und nach Frankreich zu [&hellip;]<\/p>\n","protected":false},"author":1,"featured_media":3622,"comment_status":"closed","ping_status":"closed","sticky":false,"template":"","format":"standard","meta":{"footnotes":""},"categories":[188,146],"tags":[],"class_list":["post-3624","post","type-post","status-publish","format-standard","has-post-thumbnail","hentry","category-aktuelles-startseite","category-sesb"],"_links":{"self":[{"href":"https:\/\/sophie-scholl-schule.eu\/index.php?rest_route=\/wp\/v2\/posts\/3624","targetHints":{"allow":["GET"]}}],"collection":[{"href":"https:\/\/sophie-scholl-schule.eu\/index.php?rest_route=\/wp\/v2\/posts"}],"about":[{"href":"https:\/\/sophie-scholl-schule.eu\/index.php?rest_route=\/wp\/v2\/types\/post"}],"author":[{"embeddable":true,"href":"https:\/\/sophie-scholl-schule.eu\/index.php?rest_route=\/wp\/v2\/users\/1"}],"replies":[{"embeddable":true,"href":"https:\/\/sophie-scholl-schule.eu\/index.php?rest_route=%2Fwp%2Fv2%2Fcomments&post=3624"}],"version-history":[{"count":1,"href":"https:\/\/sophie-scholl-schule.eu\/index.php?rest_route=\/wp\/v2\/posts\/3624\/revisions"}],"predecessor-version":[{"id":4461,"href":"https:\/\/sophie-scholl-schule.eu\/index.php?rest_route=\/wp\/v2\/posts\/3624\/revisions\/4461"}],"wp:featuredmedia":[{"embeddable":true,"href":"https:\/\/sophie-scholl-schule.eu\/index.php?rest_route=\/wp\/v2\/media\/3622"}],"wp:attachment":[{"href":"https:\/\/sophie-scholl-schule.eu\/index.php?rest_route=%2Fwp%2Fv2%2Fmedia&parent=3624"}],"wp:term":[{"taxonomy":"category","embeddable":true,"href":"https:\/\/sophie-scholl-schule.eu\/index.php?rest_route=%2Fwp%2Fv2%2Fcategories&post=3624"},{"taxonomy":"post_tag","embeddable":true,"href":"https:\/\/sophie-scholl-schule.eu\/index.php?rest_route=%2Fwp%2Fv2%2Ftags&post=3624"}],"curies":[{"name":"wp","href":"https:\/\/api.w.org\/{rel}","templated":true}]}}