{"id":3475,"date":"2022-11-21T11:06:06","date_gmt":"2022-11-21T11:06:06","guid":{"rendered":"https:\/\/sophie-scholl-schule.eu\/?p=3475"},"modified":"2024-11-05T11:38:02","modified_gmt":"2024-11-05T11:38:02","slug":"austausch-mit-pariser-lycee","status":"publish","type":"post","link":"https:\/\/sophie-scholl-schule.eu\/?p=3475","title":{"rendered":"Austausch mit Pariser Lyc\u00e9e"},"content":{"rendered":"<p>Zwischen dem 9. und 16. November haben Sch\u00fcler der 12. Klasse SESB Sch\u00fcler des Lyc\u00e9e Janson de Sailly in Paris bei sich aufgenommen. Am Montag, den 14.11, gab es eine gemeinsame Projektarbeit: die Sch\u00fcler haben deutsche und franz\u00f6sische Lyrik zum Thema Gro\u00dfstadt gelesen und Eindr\u00fccke ausgetauscht. Das Projekt wird kommenden Januar in Paris fortgesetzt.<\/p>\n<p><!--more--><\/p>\n<p>&nbsp;<\/p>\n<p>Zum Abschluss haben alle Teilnehmer gemeinsam das Gorki Theater besucht, um das St\u00fcck Mutter Courage von Bertolt Brecht zu sehen, nach einer Einf\u00fchrung von einer Theaterp\u00e4dagogin. Die moderne Inszenierung hat den Sch\u00fclern gut gefallen. Wir k\u00f6nnen es kaum erwarten, im Januar nach Paris zu fahren.<\/p>\n<p><img loading=\"lazy\" decoding=\"async\" class=\" size-full wp-image-3472\" src=\"https:\/\/sophie-scholl-schule.eu\/wp-content\/uploads\/2022\/11\/20221114_155013-scaled.jpg\" alt=\"20221114 155013\" width=\"1000\" height=\"750\" srcset=\"https:\/\/sophie-scholl-schule.eu\/wp-content\/uploads\/2022\/11\/20221114_155013-scaled.jpg 2560w, https:\/\/sophie-scholl-schule.eu\/wp-content\/uploads\/2022\/11\/20221114_155013-300x225.jpg 300w, https:\/\/sophie-scholl-schule.eu\/wp-content\/uploads\/2022\/11\/20221114_155013-1030x773.jpg 1030w, https:\/\/sophie-scholl-schule.eu\/wp-content\/uploads\/2022\/11\/20221114_155013-768x576.jpg 768w, https:\/\/sophie-scholl-schule.eu\/wp-content\/uploads\/2022\/11\/20221114_155013-1536x1152.jpg 1536w, https:\/\/sophie-scholl-schule.eu\/wp-content\/uploads\/2022\/11\/20221114_155013-2048x1536.jpg 2048w, https:\/\/sophie-scholl-schule.eu\/wp-content\/uploads\/2022\/11\/20221114_155013-1500x1125.jpg 1500w, https:\/\/sophie-scholl-schule.eu\/wp-content\/uploads\/2022\/11\/20221114_155013-705x529.jpg 705w\" sizes=\"auto, (max-width: 1000px) 100vw, 1000px\" \/><\/p>\n<p><img loading=\"lazy\" decoding=\"async\" class=\" size-full wp-image-3473\" src=\"https:\/\/sophie-scholl-schule.eu\/wp-content\/uploads\/2022\/11\/IMG-20221117-WA0000.jpg\" alt=\"IMG 20221117 WA0000\" width=\"1000\" height=\"750\" srcset=\"https:\/\/sophie-scholl-schule.eu\/wp-content\/uploads\/2022\/11\/IMG-20221117-WA0000.jpg 2016w, https:\/\/sophie-scholl-schule.eu\/wp-content\/uploads\/2022\/11\/IMG-20221117-WA0000-300x225.jpg 300w, https:\/\/sophie-scholl-schule.eu\/wp-content\/uploads\/2022\/11\/IMG-20221117-WA0000-1030x773.jpg 1030w, https:\/\/sophie-scholl-schule.eu\/wp-content\/uploads\/2022\/11\/IMG-20221117-WA0000-768x576.jpg 768w, https:\/\/sophie-scholl-schule.eu\/wp-content\/uploads\/2022\/11\/IMG-20221117-WA0000-1536x1152.jpg 1536w, https:\/\/sophie-scholl-schule.eu\/wp-content\/uploads\/2022\/11\/IMG-20221117-WA0000-1500x1125.jpg 1500w, https:\/\/sophie-scholl-schule.eu\/wp-content\/uploads\/2022\/11\/IMG-20221117-WA0000-705x529.jpg 705w\" sizes=\"auto, (max-width: 1000px) 100vw, 1000px\" \/><\/p>\n<p><img loading=\"lazy\" decoding=\"async\" class=\" size-full wp-image-3474\" src=\"https:\/\/sophie-scholl-schule.eu\/wp-content\/uploads\/2022\/11\/20221114_180857-scaled.jpg\" alt=\"20221114 180857\" width=\"1000\" height=\"750\" srcset=\"https:\/\/sophie-scholl-schule.eu\/wp-content\/uploads\/2022\/11\/20221114_180857-scaled.jpg 2560w, https:\/\/sophie-scholl-schule.eu\/wp-content\/uploads\/2022\/11\/20221114_180857-300x225.jpg 300w, https:\/\/sophie-scholl-schule.eu\/wp-content\/uploads\/2022\/11\/20221114_180857-1030x773.jpg 1030w, https:\/\/sophie-scholl-schule.eu\/wp-content\/uploads\/2022\/11\/20221114_180857-768x576.jpg 768w, https:\/\/sophie-scholl-schule.eu\/wp-content\/uploads\/2022\/11\/20221114_180857-1536x1152.jpg 1536w, https:\/\/sophie-scholl-schule.eu\/wp-content\/uploads\/2022\/11\/20221114_180857-2048x1536.jpg 2048w, https:\/\/sophie-scholl-schule.eu\/wp-content\/uploads\/2022\/11\/20221114_180857-1500x1125.jpg 1500w, https:\/\/sophie-scholl-schule.eu\/wp-content\/uploads\/2022\/11\/20221114_180857-705x529.jpg 705w\" sizes=\"auto, (max-width: 1000px) 100vw, 1000px\" \/><\/p>\n","protected":false},"excerpt":{"rendered":"<p>Zwischen dem 9. und 16. November haben Sch\u00fcler der 12. Klasse SESB Sch\u00fcler des Lyc\u00e9e Janson de Sailly in Paris bei sich aufgenommen. Am Montag, den 14.11, gab es eine gemeinsame Projektarbeit: die Sch\u00fcler haben deutsche und franz\u00f6sische Lyrik zum Thema Gro\u00dfstadt gelesen und Eindr\u00fccke ausgetauscht. Das Projekt wird kommenden Januar in Paris fortgesetzt.<\/p>\n","protected":false},"author":1,"featured_media":3472,"comment_status":"closed","ping_status":"","sticky":false,"template":"","format":"standard","meta":{"footnotes":""},"categories":[188,146,1],"tags":[],"class_list":["post-3475","post","type-post","status-publish","format-standard","has-post-thumbnail","hentry","category-aktuelles-startseite","category-sesb","category-uncategorized"],"_links":{"self":[{"href":"https:\/\/sophie-scholl-schule.eu\/index.php?rest_route=\/wp\/v2\/posts\/3475","targetHints":{"allow":["GET"]}}],"collection":[{"href":"https:\/\/sophie-scholl-schule.eu\/index.php?rest_route=\/wp\/v2\/posts"}],"about":[{"href":"https:\/\/sophie-scholl-schule.eu\/index.php?rest_route=\/wp\/v2\/types\/post"}],"author":[{"embeddable":true,"href":"https:\/\/sophie-scholl-schule.eu\/index.php?rest_route=\/wp\/v2\/users\/1"}],"replies":[{"embeddable":true,"href":"https:\/\/sophie-scholl-schule.eu\/index.php?rest_route=%2Fwp%2Fv2%2Fcomments&post=3475"}],"version-history":[{"count":1,"href":"https:\/\/sophie-scholl-schule.eu\/index.php?rest_route=\/wp\/v2\/posts\/3475\/revisions"}],"predecessor-version":[{"id":4502,"href":"https:\/\/sophie-scholl-schule.eu\/index.php?rest_route=\/wp\/v2\/posts\/3475\/revisions\/4502"}],"wp:featuredmedia":[{"embeddable":true,"href":"https:\/\/sophie-scholl-schule.eu\/index.php?rest_route=\/wp\/v2\/media\/3472"}],"wp:attachment":[{"href":"https:\/\/sophie-scholl-schule.eu\/index.php?rest_route=%2Fwp%2Fv2%2Fmedia&parent=3475"}],"wp:term":[{"taxonomy":"category","embeddable":true,"href":"https:\/\/sophie-scholl-schule.eu\/index.php?rest_route=%2Fwp%2Fv2%2Fcategories&post=3475"},{"taxonomy":"post_tag","embeddable":true,"href":"https:\/\/sophie-scholl-schule.eu\/index.php?rest_route=%2Fwp%2Fv2%2Ftags&post=3475"}],"curies":[{"name":"wp","href":"https:\/\/api.w.org\/{rel}","templated":true}]}}