{"id":3454,"date":"2022-10-12T07:41:39","date_gmt":"2022-10-12T07:41:39","guid":{"rendered":"https:\/\/sophie-scholl-schule.eu\/?p=3454"},"modified":"2024-11-05T11:38:02","modified_gmt":"2024-11-05T11:38:02","slug":"jean-christophe-rufin-an-der-sophie-scholl-schule","status":"publish","type":"post","link":"https:\/\/sophie-scholl-schule.eu\/?p=3454","title":{"rendered":"Jean-Christophe Rufin an der Sophie-Scholl-Schule"},"content":{"rendered":"<pre class=\"moz-quote-pre\" wrap=\"\">Am Samstag, den 17. September, besuchten die Abibac-Klassen die Lesung des Romans, an dem sie im Unterricht gearbeitet hatten: Der geh\u00e4ngte von Conakry geschrieben von Jean-Christophe Rufin. Nach der Lesung lie\u00dfen sich einige Sch\u00fcler ihr Buch signieren oder nutzten die Gelegenheit zu einem pers\u00f6nlichen Gespr\u00e4ch mit dem bekannten franz\u00f6sischen Autor.<br \/><br \/><img loading=\"lazy\" decoding=\"async\" class=\" size-full wp-image-3451\" src=\"https:\/\/sophie-scholl-schule.eu\/wp-content\/uploads\/2022\/10\/IMG_8729-rotated.jpg\" alt=\"IMG 8729\" width=\"640\" height=\"640\" srcset=\"https:\/\/sophie-scholl-schule.eu\/wp-content\/uploads\/2022\/10\/IMG_8729-rotated.jpg 640w, https:\/\/sophie-scholl-schule.eu\/wp-content\/uploads\/2022\/10\/IMG_8729-300x300.jpg 300w, https:\/\/sophie-scholl-schule.eu\/wp-content\/uploads\/2022\/10\/IMG_8729-80x80.jpg 80w, https:\/\/sophie-scholl-schule.eu\/wp-content\/uploads\/2022\/10\/IMG_8729-36x36.jpg 36w, https:\/\/sophie-scholl-schule.eu\/wp-content\/uploads\/2022\/10\/IMG_8729-180x180.jpg 180w\" sizes=\"auto, (max-width: 640px) 100vw, 640px\" \/><br \/><img loading=\"lazy\" decoding=\"async\" class=\" size-full wp-image-3452\" src=\"https:\/\/sophie-scholl-schule.eu\/wp-content\/uploads\/2022\/10\/IMG_8744-rotated.jpg\" alt=\"IMG 8744\" width=\"640\" height=\"640\" srcset=\"https:\/\/sophie-scholl-schule.eu\/wp-content\/uploads\/2022\/10\/IMG_8744-rotated.jpg 640w, https:\/\/sophie-scholl-schule.eu\/wp-content\/uploads\/2022\/10\/IMG_8744-300x300.jpg 300w, https:\/\/sophie-scholl-schule.eu\/wp-content\/uploads\/2022\/10\/IMG_8744-80x80.jpg 80w, https:\/\/sophie-scholl-schule.eu\/wp-content\/uploads\/2022\/10\/IMG_8744-36x36.jpg 36w, https:\/\/sophie-scholl-schule.eu\/wp-content\/uploads\/2022\/10\/IMG_8744-180x180.jpg 180w\" sizes=\"auto, (max-width: 640px) 100vw, 640px\" \/><br \/><img loading=\"lazy\" decoding=\"async\" class=\" size-full wp-image-3453\" src=\"https:\/\/sophie-scholl-schule.eu\/wp-content\/uploads\/2022\/10\/IMG_8745.jpg\" alt=\"IMG 8745\" width=\"640\" height=\"543\" srcset=\"https:\/\/sophie-scholl-schule.eu\/wp-content\/uploads\/2022\/10\/IMG_8745.jpg 640w, https:\/\/sophie-scholl-schule.eu\/wp-content\/uploads\/2022\/10\/IMG_8745-300x255.jpg 300w\" sizes=\"auto, (max-width: 640px) 100vw, 640px\" \/><\/pre>\n","protected":false},"excerpt":{"rendered":"<p>Am Samstag, den 17. September, besuchten die Abibac-Klassen die Lesung des Romans, an dem sie im Unterricht gearbeitet hatten: Der geh\u00e4ngte von Conakry geschrieben von Jean-Christophe Rufin. Nach der Lesung lie\u00dfen sich einige Sch\u00fcler ihr Buch signieren oder nutzten die Gelegenheit zu einem pers\u00f6nlichen Gespr\u00e4ch mit dem bekannten franz\u00f6sischen Autor.<\/p>\n","protected":false},"author":1,"featured_media":3451,"comment_status":"closed","ping_status":"","sticky":false,"template":"","format":"standard","meta":{"footnotes":""},"categories":[188,146,1],"tags":[],"class_list":["post-3454","post","type-post","status-publish","format-standard","has-post-thumbnail","hentry","category-aktuelles-startseite","category-sesb","category-uncategorized"],"_links":{"self":[{"href":"https:\/\/sophie-scholl-schule.eu\/index.php?rest_route=\/wp\/v2\/posts\/3454","targetHints":{"allow":["GET"]}}],"collection":[{"href":"https:\/\/sophie-scholl-schule.eu\/index.php?rest_route=\/wp\/v2\/posts"}],"about":[{"href":"https:\/\/sophie-scholl-schule.eu\/index.php?rest_route=\/wp\/v2\/types\/post"}],"author":[{"embeddable":true,"href":"https:\/\/sophie-scholl-schule.eu\/index.php?rest_route=\/wp\/v2\/users\/1"}],"replies":[{"embeddable":true,"href":"https:\/\/sophie-scholl-schule.eu\/index.php?rest_route=%2Fwp%2Fv2%2Fcomments&post=3454"}],"version-history":[{"count":1,"href":"https:\/\/sophie-scholl-schule.eu\/index.php?rest_route=\/wp\/v2\/posts\/3454\/revisions"}],"predecessor-version":[{"id":4507,"href":"https:\/\/sophie-scholl-schule.eu\/index.php?rest_route=\/wp\/v2\/posts\/3454\/revisions\/4507"}],"wp:featuredmedia":[{"embeddable":true,"href":"https:\/\/sophie-scholl-schule.eu\/index.php?rest_route=\/wp\/v2\/media\/3451"}],"wp:attachment":[{"href":"https:\/\/sophie-scholl-schule.eu\/index.php?rest_route=%2Fwp%2Fv2%2Fmedia&parent=3454"}],"wp:term":[{"taxonomy":"category","embeddable":true,"href":"https:\/\/sophie-scholl-schule.eu\/index.php?rest_route=%2Fwp%2Fv2%2Fcategories&post=3454"},{"taxonomy":"post_tag","embeddable":true,"href":"https:\/\/sophie-scholl-schule.eu\/index.php?rest_route=%2Fwp%2Fv2%2Ftags&post=3454"}],"curies":[{"name":"wp","href":"https:\/\/api.w.org\/{rel}","templated":true}]}}