{"id":3437,"date":"2022-06-28T08:25:14","date_gmt":"2022-06-28T08:25:14","guid":{"rendered":"https:\/\/sophie-scholl-schule.eu\/?p=3437"},"modified":"2024-10-31T13:16:46","modified_gmt":"2024-10-31T13:16:46","slug":"im-rennen-um-den-deutschen-engagementpreis-2022","status":"publish","type":"post","link":"https:\/\/sophie-scholl-schule.eu\/?p=3437","title":{"rendered":"Im Rennen um den Deutschen Engagementpreis 2022"},"content":{"rendered":"<p><a href=\"index.php?option=com_content&amp;view=article&amp;id=761;lichtinstallation-100-jahre-sophie-scholl-2&amp;catid=89;projekte-kunst&amp;Itemid=660\" title=\"Lichtinstallation - 100 Jahre Sophie Scholl\" target=\"_blank\" rel=\"noopener\"><img loading=\"lazy\" decoding=\"async\" src=\"https:\/\/sophie-scholl-schule.eu\/wp-content\/uploads\/2022\/06\/fb_nominiert_header2.png\" alt=\"fb nominiert header2\" style=\"margin-right: 10px; float: left;\" width=\"541\" height=\"200\" \/><\/a><\/p>\n<p>Die Ausstellung \u201e100 Jahre Sophie Scholl \u2013 Was uns heute wichtig ist\u201c am Ort der Erinnerung (Bunker Pallasstra\u00dfe) ist f\u00fcr den Deutschen Engagementpreis 2022 nominiert. Der Deutsche Engagementpreis ist der Preis der Preise f\u00fcr freiwilliges Engagement in Deutschland.<\/p>\n<p><!--more--><\/p>\n<p>Nominiert werden k\u00f6nnen allj\u00e4hrlich Preistr\u00e4gerinnen und Preistr\u00e4ger anderer Engagementpreise in Deutschland. Wir haben dieses Jahr zwei Preise im Wettbewerb Demokratisch Handeln f\u00fcr Jugend und Schule gewonnen. Nominierung lohnt sich: Auf die Gewinnerinnen und Gewinner der f\u00fcnf Kategorien Chancen schaffen, <br \/>Leben bewahren, Zusammenhalt leben, Grenzen \u00fcberwinden und Demokratie st\u00e4rken warten Preisgelder in H\u00f6he von je 5.000 Euro. Eine Experten-Jury bestimmt die Preistr\u00e4gerinnen und Preistr\u00e4ger dieser Kategorien. \u00dcber den mit 10.000 Euro dotierten Publikumspreis stimmt die \u00d6ffentlichkeit im Herbst 2022 ab. Die Teilnahme sorgt f\u00fcr hohe mediale Aufmerksamkeit und macht so auf das Engagement der vielen b\u00fcrgerschaftlich engagierten Menschen aufmerksam. <br \/>Hier finden Sie weitere Informationen zum Wettbewerb des Deutschen Engagementpreises: <a href=\"https:\/\/www.deutscher-engagementpreis.de\/wettbewerb\/ \">www.deutscher-engagementpreis.de\/wettbewerb\/ <\/a><\/p>\n<p>&nbsp;<\/p>\n<h2 style=\"text-align: center;\"><span style=\"color: #ff6600;\"><strong><a href=\"index.php?option=com_content&amp;view=article&amp;id=761;lichtinstallation-100-jahre-sophie-scholl-2&amp;catid=89;projekte-kunst&amp;Itemid=660\" title=\"Kunstausstellung\" target=\"_blank\" style=\"color: #ff6600; border: 2px solid darkgrey; padding: 10px;\" rel=\"noopener\">zur Kunstausstellung<\/a><span><\/span><\/strong><\/span><\/h2>\n<h3>&nbsp;<\/h3>\n<h3><strong>Die Kunstausstellung &#8222;100 Jahre Sophie Scholl &#8211; Was ist uns heute wichtig?&#8220;<\/strong><\/h3>\n<p>fand im September 2021 statt. Anl\u00e4sslich des hundertj\u00e4hrigen Geburtstags Sophie Scholls haben die Sch\u00fcler*innen der Kunstklassen des neunten und zehnten Jahrgangs unter Anleitung von Anja Lutscher und Andrea Busse-Hurt sich die Frage gestellt, welche Werte ihnen heute wichtig sind und wof\u00fcr sie sich einsetzen m\u00f6chten. Vieles, wof\u00fcr Sophie Scholl eingetreten war, ist f\u00fcr sie heute auch noch bedeutsam, wie Freiheit, Gerechtigkeit und Frieden. Aber es kommen auch neue Werte und Ziele hinzu, zum Beispiel Natur- und Tierschutz sowie Nachhaltigkeit. Die Sch\u00fcler*innen haben sich intensiv mit unterschiedlichen Aspekten dieser Themenbereiche auseinandergesetzt. Das Ergebnis war eine Vielfalt sehr ausdrucksstarker Zeichnungen, die zusammengestellt von der K\u00fcnstlerin Karen Thastum gro\u00dfformatig an den nahegelegenen Bunker projiziert wurden.<\/p>\n<p>Das Geb\u00e4ude der Sophie-Scholl-Schule war von 1943-45 ein Lager f\u00fcr Zwangsarbeiter*innen. Die Internierten mussten den nahe gelegenen Bunker bauen. 2002 wurde am Bunker ein \u201eOrt der Erinnerung\u201c eingeweiht, der am authentischen Ort auf das Schicksal der Zwangsarbeiter*innen aufmerksam macht. Sch\u00fcler*innen hatten im Rahmen einer freiwilligen Arbeitsgemeinschaft unter Anleitung von Bodo F\u00f6rster und Andrea Busse-Hurt eine k\u00fcnstlerische Konzeption f\u00fcr den Erinnerungsort entwickelt: Am Bunker wurden Acrylglastafeln mit Zitaten von Zeitzeug*innen angebracht, durch eine Art Skulptur entlang des ehemaligen Lagerzauns wird auf die Geschichte aufmerksam gemacht. Der \u201eOrt der Erinnerung\u201c ist seitdem Teil der Schule. Regelm\u00e4\u00dfig sind im Bunker k\u00fcnstlerische Ausstellungen von Sch\u00fcler*innen zu sehen, durch die der Ort und die Geschichte lebendig werden. Die beteiligten Sch\u00fcler*innen werden zu Fachleuten, die ihr Wissen und ihre Erfahrungen vermitteln.<\/p>\n<p>Am Ort der Erinnerung finden seit 20 Jahren regelm\u00e4\u00dfig Kunstausstellungen statt. Die kontinuierliche Projektarbeit dient dazu, immer neue Sch\u00fclerjahrg\u00e4nge einzubeziehen. Jede Ausstellung hatte einen anderen inhaltlichen und k\u00fcnstlerischen Schwerpunkt. Pr\u00e4sentiert wurden Malerei, Zeichnungen, Installationen, Objekte, Filme, Performances und Projektionen. An jedem Projekt sind viele Personen beteiligt, auch die letzte Ausstellung war nur durch ein gro\u00dfes freiwilliges Engagement von Sch\u00fcler*innen, den anleitenden Lehrerinnen, der beteiligten K\u00fcnstlerin und dem Kunstamt, Eltern und dem F\u00f6rderverein der Schule sowie der Schulleitung m\u00f6glich. Bisherige Ausstellungen:<\/p>\n<p>\u201eT\u00e4ter- Opfer\u201c, 2002<\/p>\n<p>\u201eKriegsende in Sch\u00f6neberg\u201c, 2003<\/p>\n<p>\u201eKl\u00e4nge im Beton\u201c, 2004<\/p>\n<p>&nbsp;\u201eHeimat\u201c, 2006<\/p>\n<p>\u201eInnen und Au\u00dfen\u201c, 2008<\/p>\n<p>\u201eGezwungen \u2013 Das Arbeitslager in der Augusta-Schule\u201c, 2012<\/p>\n<p>\u201eSchatzkammer der Werte\u201c, 2014<\/p>\n<p>\u201eZeichnen gegen das Vergessen\u201c, 2019<\/p>\n<p>\u201e100 Jahre Sophie Scholl \u2013 Was ist uns heute wichtig?\u201c, 2021<\/p>\n","protected":false},"excerpt":{"rendered":"<p>Die Ausstellung \u201e100 Jahre Sophie Scholl \u2013 Was uns heute wichtig ist\u201c am Ort der Erinnerung (Bunker Pallasstra\u00dfe) ist f\u00fcr den Deutschen Engagementpreis 2022 nominiert. Der Deutsche Engagementpreis ist der Preis der Preise f\u00fcr freiwilliges Engagement in Deutschland.<\/p>\n","protected":false},"author":1,"featured_media":3436,"comment_status":"closed","ping_status":"","sticky":false,"template":"","format":"standard","meta":{"footnotes":""},"categories":[188,1],"tags":[],"class_list":["post-3437","post","type-post","status-publish","format-standard","has-post-thumbnail","hentry","category-aktuelles-startseite","category-uncategorized"],"_links":{"self":[{"href":"https:\/\/sophie-scholl-schule.eu\/index.php?rest_route=\/wp\/v2\/posts\/3437","targetHints":{"allow":["GET"]}}],"collection":[{"href":"https:\/\/sophie-scholl-schule.eu\/index.php?rest_route=\/wp\/v2\/posts"}],"about":[{"href":"https:\/\/sophie-scholl-schule.eu\/index.php?rest_route=\/wp\/v2\/types\/post"}],"author":[{"embeddable":true,"href":"https:\/\/sophie-scholl-schule.eu\/index.php?rest_route=\/wp\/v2\/users\/1"}],"replies":[{"embeddable":true,"href":"https:\/\/sophie-scholl-schule.eu\/index.php?rest_route=%2Fwp%2Fv2%2Fcomments&post=3437"}],"version-history":[{"count":1,"href":"https:\/\/sophie-scholl-schule.eu\/index.php?rest_route=\/wp\/v2\/posts\/3437\/revisions"}],"predecessor-version":[{"id":4512,"href":"https:\/\/sophie-scholl-schule.eu\/index.php?rest_route=\/wp\/v2\/posts\/3437\/revisions\/4512"}],"wp:featuredmedia":[{"embeddable":true,"href":"https:\/\/sophie-scholl-schule.eu\/index.php?rest_route=\/wp\/v2\/media\/3436"}],"wp:attachment":[{"href":"https:\/\/sophie-scholl-schule.eu\/index.php?rest_route=%2Fwp%2Fv2%2Fmedia&parent=3437"}],"wp:term":[{"taxonomy":"category","embeddable":true,"href":"https:\/\/sophie-scholl-schule.eu\/index.php?rest_route=%2Fwp%2Fv2%2Fcategories&post=3437"},{"taxonomy":"post_tag","embeddable":true,"href":"https:\/\/sophie-scholl-schule.eu\/index.php?rest_route=%2Fwp%2Fv2%2Ftags&post=3437"}],"curies":[{"name":"wp","href":"https:\/\/api.w.org\/{rel}","templated":true}]}}