{"id":3430,"date":"2022-06-20T11:21:24","date_gmt":"2022-06-20T11:21:24","guid":{"rendered":"https:\/\/sophie-scholl-schule.eu\/?p=3430"},"modified":"2024-11-05T11:38:02","modified_gmt":"2024-11-05T11:38:02","slug":"besuch-in-der-franzoesischen-botschaft","status":"publish","type":"post","link":"https:\/\/sophie-scholl-schule.eu\/?p=3430","title":{"rendered":"Besuch in der franz\u00f6sischen Botschaft"},"content":{"rendered":"<p>Am Dienstag, den 24. Mai, wurde die Franz\u00f6sischklasse 112 von Frau Rivoire zu einer Konferenz in die franz\u00f6sische Botschaft eingeladen, um \u00fcber die franz\u00f6sische Pr\u00e4sidentschaft des Europ\u00e4ischen Rates zu diskutieren und Fragen zu stellen, die sie im Unterricht mit Hilfe der Jungen Europ\u00e4ischen F\u00f6deralist.innen vorbereitet hatten.<br \/>\n<!--more--><br \/>\n<br \/>Die Botschafterin, Frau Anne-Marie Desc\u00f4tes, bedankte sich in ihrer Er\u00f6ffnungsrede \u00f6ffentlich bei den Sch\u00fclerinnen und Sch\u00fclern von Sophie Scholl f\u00fcr ihre Anwesenheit und viele Sch\u00fcler und Sch\u00fclerinnen konnten ihr sachdienliche Fragen stellen, ihre Anliegen vorbringen und \u00fcber die Zukunft Europas diskutieren.<\/p>\n<p><img loading=\"lazy\" decoding=\"async\" class=\" size-full wp-image-3429\" src=\"https:\/\/sophie-scholl-schule.eu\/wp-content\/uploads\/2022\/06\/IMG_6028-rotated.jpg\" alt=\"IMG 6028\" width=\"640\" height=\"480\" \/><\/p>\n","protected":false},"excerpt":{"rendered":"<p>Am Dienstag, den 24. Mai, wurde die Franz\u00f6sischklasse 112 von Frau Rivoire zu einer Konferenz in die franz\u00f6sische Botschaft eingeladen, um \u00fcber die franz\u00f6sische Pr\u00e4sidentschaft des Europ\u00e4ischen Rates zu diskutieren und Fragen zu stellen, die sie im Unterricht mit Hilfe der Jungen Europ\u00e4ischen F\u00f6deralist.innen vorbereitet hatten.<\/p>\n","protected":false},"author":1,"featured_media":3429,"comment_status":"closed","ping_status":"","sticky":false,"template":"","format":"standard","meta":{"footnotes":""},"categories":[188,146,1],"tags":[],"class_list":["post-3430","post","type-post","status-publish","format-standard","has-post-thumbnail","hentry","category-aktuelles-startseite","category-sesb","category-uncategorized"],"_links":{"self":[{"href":"https:\/\/sophie-scholl-schule.eu\/index.php?rest_route=\/wp\/v2\/posts\/3430","targetHints":{"allow":["GET"]}}],"collection":[{"href":"https:\/\/sophie-scholl-schule.eu\/index.php?rest_route=\/wp\/v2\/posts"}],"about":[{"href":"https:\/\/sophie-scholl-schule.eu\/index.php?rest_route=\/wp\/v2\/types\/post"}],"author":[{"embeddable":true,"href":"https:\/\/sophie-scholl-schule.eu\/index.php?rest_route=\/wp\/v2\/users\/1"}],"replies":[{"embeddable":true,"href":"https:\/\/sophie-scholl-schule.eu\/index.php?rest_route=%2Fwp%2Fv2%2Fcomments&post=3430"}],"version-history":[{"count":1,"href":"https:\/\/sophie-scholl-schule.eu\/index.php?rest_route=\/wp\/v2\/posts\/3430\/revisions"}],"predecessor-version":[{"id":4517,"href":"https:\/\/sophie-scholl-schule.eu\/index.php?rest_route=\/wp\/v2\/posts\/3430\/revisions\/4517"}],"wp:featuredmedia":[{"embeddable":true,"href":"https:\/\/sophie-scholl-schule.eu\/index.php?rest_route=\/wp\/v2\/media\/3429"}],"wp:attachment":[{"href":"https:\/\/sophie-scholl-schule.eu\/index.php?rest_route=%2Fwp%2Fv2%2Fmedia&parent=3430"}],"wp:term":[{"taxonomy":"category","embeddable":true,"href":"https:\/\/sophie-scholl-schule.eu\/index.php?rest_route=%2Fwp%2Fv2%2Fcategories&post=3430"},{"taxonomy":"post_tag","embeddable":true,"href":"https:\/\/sophie-scholl-schule.eu\/index.php?rest_route=%2Fwp%2Fv2%2Ftags&post=3430"}],"curies":[{"name":"wp","href":"https:\/\/api.w.org\/{rel}","templated":true}]}}