{"id":3338,"date":"2021-09-28T09:08:15","date_gmt":"2021-09-28T09:08:15","guid":{"rendered":"https:\/\/sophie-scholl-schule.eu\/?p=3338"},"modified":"2025-01-11T14:10:41","modified_gmt":"2025-01-11T14:10:41","slug":"geschichtswettbewerb-des-bundespraesidenten-2021","status":"publish","type":"post","link":"https:\/\/sophie-scholl-schule.eu\/?p=3338","title":{"rendered":"Geschichtswettbewerb des Bundespr\u00e4sidenten"},"content":{"rendered":"<p>Am 27.9.2021 hat im Zeughauskino die Landespreisverleihung des Geschichtswettbewerbs des Bundespr\u00e4sidenten. Esme Buden, Nils-Milan Ide und Leander Treuwerth nahmen ihre Urkunden stolz entgegen und warten nun mit gro\u00dfer Spannung auf die Ergebnisse auf Bundesebene.<br \/>Wir dr\u00fccken Ihnen die Daumen!<\/p>\n<p>Francesca Useli<br \/>\n<!--more-->\n<\/p>\n<p><img loading=\"lazy\" decoding=\"async\" class=\" size-full wp-image-3337\" src=\"https:\/\/sophie-scholl-schule.eu\/wp-content\/uploads\/2021\/09\/geschichtswettbewerb_useli.jpg\" alt=\"geschichtswettbewerb useli\" width=\"1000\" height=\"674\" srcset=\"https:\/\/sophie-scholl-schule.eu\/wp-content\/uploads\/2021\/09\/geschichtswettbewerb_useli.jpg 1000w, https:\/\/sophie-scholl-schule.eu\/wp-content\/uploads\/2021\/09\/geschichtswettbewerb_useli-300x202.jpg 300w, https:\/\/sophie-scholl-schule.eu\/wp-content\/uploads\/2021\/09\/geschichtswettbewerb_useli-768x518.jpg 768w, https:\/\/sophie-scholl-schule.eu\/wp-content\/uploads\/2021\/09\/geschichtswettbewerb_useli-705x475.jpg 705w\" sizes=\"auto, (max-width: 1000px) 100vw, 1000px\" \/><\/p>\n<p>Foto: K\u00f6rber-Stiftung \/ David Ausserhofer<\/p>\n","protected":false},"excerpt":{"rendered":"<p>Am 27.9.2021 hat im Zeughauskino die Landespreisverleihung des Geschichtswettbewerbs des Bundespr\u00e4sidenten. Esme Buden, Nils-Milan Ide und Leander Treuwerth nahmen ihre Urkunden stolz entgegen und warten nun mit gro\u00dfer Spannung auf die Ergebnisse auf Bundesebene.Wir dr\u00fccken Ihnen die Daumen! Francesca Useli<\/p>\n","protected":false},"author":1,"featured_media":3337,"comment_status":"closed","ping_status":"","sticky":false,"template":"","format":"standard","meta":{"footnotes":""},"categories":[188,121],"tags":[],"class_list":["post-3338","post","type-post","status-publish","format-standard","has-post-thumbnail","hentry","category-aktuelles-startseite","category-gwi"],"_links":{"self":[{"href":"https:\/\/sophie-scholl-schule.eu\/index.php?rest_route=\/wp\/v2\/posts\/3338","targetHints":{"allow":["GET"]}}],"collection":[{"href":"https:\/\/sophie-scholl-schule.eu\/index.php?rest_route=\/wp\/v2\/posts"}],"about":[{"href":"https:\/\/sophie-scholl-schule.eu\/index.php?rest_route=\/wp\/v2\/types\/post"}],"author":[{"embeddable":true,"href":"https:\/\/sophie-scholl-schule.eu\/index.php?rest_route=\/wp\/v2\/users\/1"}],"replies":[{"embeddable":true,"href":"https:\/\/sophie-scholl-schule.eu\/index.php?rest_route=%2Fwp%2Fv2%2Fcomments&post=3338"}],"version-history":[{"count":1,"href":"https:\/\/sophie-scholl-schule.eu\/index.php?rest_route=\/wp\/v2\/posts\/3338\/revisions"}],"predecessor-version":[{"id":4541,"href":"https:\/\/sophie-scholl-schule.eu\/index.php?rest_route=\/wp\/v2\/posts\/3338\/revisions\/4541"}],"wp:featuredmedia":[{"embeddable":true,"href":"https:\/\/sophie-scholl-schule.eu\/index.php?rest_route=\/wp\/v2\/media\/3337"}],"wp:attachment":[{"href":"https:\/\/sophie-scholl-schule.eu\/index.php?rest_route=%2Fwp%2Fv2%2Fmedia&parent=3338"}],"wp:term":[{"taxonomy":"category","embeddable":true,"href":"https:\/\/sophie-scholl-schule.eu\/index.php?rest_route=%2Fwp%2Fv2%2Fcategories&post=3338"},{"taxonomy":"post_tag","embeddable":true,"href":"https:\/\/sophie-scholl-schule.eu\/index.php?rest_route=%2Fwp%2Fv2%2Ftags&post=3338"}],"curies":[{"name":"wp","href":"https:\/\/api.w.org\/{rel}","templated":true}]}}