{"id":3336,"date":"2021-09-21T12:23:52","date_gmt":"2021-09-21T12:23:52","guid":{"rendered":"https:\/\/sophie-scholl-schule.eu\/?p=3336"},"modified":"2024-11-05T11:38:02","modified_gmt":"2024-11-05T11:38:02","slug":"la-generation-merkel","status":"publish","type":"post","link":"https:\/\/sophie-scholl-schule.eu\/?p=3336","title":{"rendered":"La g\u00e9n\u00e9ration Merkel"},"content":{"rendered":"<p>Die Journalistin Pascale Hugues hat f\u00fcr die franz\u00f6sische Zeitung Le Point einen Artikel geschrieben, nachdem sie 6 Sch\u00fcler aus meiner Franz\u00f6sischklasse 12LK interviewt hat. Das Hauptthema war ihr Eindruck von dem, was Angela Merkel in ihren 16 Jahren als Bundeskanzlerin und als einzige Bundeskanzlerin, die sie seit ihrer Geburt kennen, erreicht hat.<\/p>\n<h3><a href=\"https:\/\/sophie-scholl-schule.eu\/wp-content\/uploads\/2021\/09\/GenerationMerkel_Le_Point.pdf\" title=\"La g\u00e9n\u00e9ration Merkel\" target=\"_blank\">Zum Artikel<\/a><\/h3>\n","protected":false},"excerpt":{"rendered":"<p>Die Journalistin Pascale Hugues hat f\u00fcr die franz\u00f6sische Zeitung Le Point einen Artikel geschrieben, nachdem sie 6 Sch\u00fcler aus meiner Franz\u00f6sischklasse 12LK interviewt hat. Das Hauptthema war ihr Eindruck von dem, was Angela Merkel in ihren 16 Jahren als Bundeskanzlerin und als einzige Bundeskanzlerin, die sie seit ihrer Geburt kennen, erreicht hat. Zum Artikel<\/p>\n","protected":false},"author":1,"featured_media":0,"comment_status":"closed","ping_status":"","sticky":false,"template":"","format":"standard","meta":{"footnotes":""},"categories":[188,146,1],"tags":[],"class_list":["post-3336","post","type-post","status-publish","format-standard","hentry","category-aktuelles-startseite","category-sesb","category-uncategorized"],"_links":{"self":[{"href":"https:\/\/sophie-scholl-schule.eu\/index.php?rest_route=\/wp\/v2\/posts\/3336","targetHints":{"allow":["GET"]}}],"collection":[{"href":"https:\/\/sophie-scholl-schule.eu\/index.php?rest_route=\/wp\/v2\/posts"}],"about":[{"href":"https:\/\/sophie-scholl-schule.eu\/index.php?rest_route=\/wp\/v2\/types\/post"}],"author":[{"embeddable":true,"href":"https:\/\/sophie-scholl-schule.eu\/index.php?rest_route=\/wp\/v2\/users\/1"}],"replies":[{"embeddable":true,"href":"https:\/\/sophie-scholl-schule.eu\/index.php?rest_route=%2Fwp%2Fv2%2Fcomments&post=3336"}],"version-history":[{"count":1,"href":"https:\/\/sophie-scholl-schule.eu\/index.php?rest_route=\/wp\/v2\/posts\/3336\/revisions"}],"predecessor-version":[{"id":4542,"href":"https:\/\/sophie-scholl-schule.eu\/index.php?rest_route=\/wp\/v2\/posts\/3336\/revisions\/4542"}],"wp:attachment":[{"href":"https:\/\/sophie-scholl-schule.eu\/index.php?rest_route=%2Fwp%2Fv2%2Fmedia&parent=3336"}],"wp:term":[{"taxonomy":"category","embeddable":true,"href":"https:\/\/sophie-scholl-schule.eu\/index.php?rest_route=%2Fwp%2Fv2%2Fcategories&post=3336"},{"taxonomy":"post_tag","embeddable":true,"href":"https:\/\/sophie-scholl-schule.eu\/index.php?rest_route=%2Fwp%2Fv2%2Ftags&post=3336"}],"curies":[{"name":"wp","href":"https:\/\/api.w.org\/{rel}","templated":true}]}}