{"id":3327,"date":"2021-06-16T14:09:04","date_gmt":"2021-06-16T14:09:04","guid":{"rendered":"https:\/\/sophie-scholl-schule.eu\/?p=3327"},"modified":"2024-10-31T13:16:57","modified_gmt":"2024-10-31T13:16:57","slug":"geschichtswettbewerb-des-bundespraesidenten","status":"publish","type":"post","link":"https:\/\/sophie-scholl-schule.eu\/?p=3327","title":{"rendered":"Geschichtswettbewerb"},"content":{"rendered":"<h4>Geschichtswettbewerb des Bundespr\u00e4sidenten 2020\/21<\/h4>\n<h5>\u00bbBewegte Zeiten. Sport macht Gesellschaft\u00ab<\/h5>\n<p><img loading=\"lazy\" decoding=\"async\" class=\" alignleft size-full wp-image-3326\" src=\"https:\/\/sophie-scholl-schule.eu\/wp-content\/uploads\/2021\/06\/Geschichtswettbewerb.jpg\" alt=\"Geschichtswettbewerb\" style=\"margin-right: 10px; float: left;\" width=\"200\" height=\"100\" srcset=\"https:\/\/sophie-scholl-schule.eu\/wp-content\/uploads\/2021\/06\/Geschichtswettbewerb.jpg 1200w, https:\/\/sophie-scholl-schule.eu\/wp-content\/uploads\/2021\/06\/Geschichtswettbewerb-300x150.jpg 300w, https:\/\/sophie-scholl-schule.eu\/wp-content\/uploads\/2021\/06\/Geschichtswettbewerb-1030x515.jpg 1030w, https:\/\/sophie-scholl-schule.eu\/wp-content\/uploads\/2021\/06\/Geschichtswettbewerb-768x384.jpg 768w, https:\/\/sophie-scholl-schule.eu\/wp-content\/uploads\/2021\/06\/Geschichtswettbewerb-705x353.jpg 705w\" sizes=\"auto, (max-width: 200px) 100vw, 200px\" \/><br \/>\n<!--more--><br \/>\nBeim diesj\u00e4hrigen Geschichts-wettbewerb des Bundespr\u00e4sidenten war unsere Schule sehr erfolgreich. Nils-Milan Ide (12. Jahrgang) und Leander Treuwerth (12. Jahrgang) haben einen 1. Preis auf Landesebene gewonnen und sind nun eine Runde weiter.<\/p>\n<p>Die Sch\u00fcler haben diesen Erfolg mit ihrer Arbeit \u201eFest der T\u00e4uschung: Olympia 1936 \u2013 Ein geeignetes Mittel nationalsozialistischer Propaganda?\u201c erreicht.<br \/>Esme Buden (1012) habe ebenfalls einen 1. Preis auf Landesebene mit ihrer Arbeit \u201eMein Verein im Wandel der Zeit. Der BSV von 1878 von Gr\u00fcndung zur Neugr\u00fcndung\u201c erreicht. Auch Esme ist eine Runde weiter.<\/p>\n<p>&nbsp;<\/p>\n<p>Wir w\u00fcnschen Esme, Milan und Leander viel Erfolg f\u00fcr den Wettbewerb auf Bundesebene!<\/p>\n<p>Unsere Schule hat weiterhin f\u00fcr zwei eingereichte Beitr\u00e4ge jeweils einen F\u00f6rderpreis gewonnen.<\/p>\n<p>Josephine Hoff (12. Jahrgang) und Tara Vidic (12. Jahrgang) haben den Preis mit ihrer Arbeit \u201eIm Sturzflug! \u2013 Die Verkn\u00fcpfung zwischen Sport und Politik im Nationalsozialistischen System: Eine Untersuchung am Beispiel von Melitta von Stauffenberg\u201c gewonnen.<\/p>\n<p>Lena Bode, Hilario Ngomane, Julien Stolpe, Keanu Kassem, Lione Maas, Luis Mu\u00f1oz Gonzalez, Richard Linienk\u00e4mper und Ruben Shenouda (alle aus dem 11. Jahrgang, Wahlpflichtfach Geschichte) haben ebenfalls einen F\u00f6rderpreis mit einem Beitrag mit dem Titel \u201e Frisch voran!\u2013 Wie die Zeiten uns ver\u00e4ndert haben und wie wir diese mitgestaltet haben. Die Geschichte der Ruderriege der Sophie-Scholl-Schule\u201c geweonnen. Der Beitrag ist als Podcast hier zu h\u00f6ren: <a href=\"https:\/\/soundcloud.com\/user-781343347\/ruderriege-geschichte-frisch-voran1\">https:\/\/soundcloud.com\/user-781343347\/ruderriege-geschichte-frisch-voran1<\/a><\/p>\n<p>Ein gro\u00dfes Lob f\u00fcr eure tolle Leistung!<\/p>\n<p>Francesca Useli<\/p>\n<p><img loading=\"lazy\" decoding=\"async\" class=\" size-full wp-image-3326\" src=\"https:\/\/sophie-scholl-schule.eu\/wp-content\/uploads\/2021\/06\/Geschichtswettbewerb.jpg\" alt=\"Geschichtswettbewerb\" width=\"1200\" height=\"600\" srcset=\"https:\/\/sophie-scholl-schule.eu\/wp-content\/uploads\/2021\/06\/Geschichtswettbewerb.jpg 1200w, https:\/\/sophie-scholl-schule.eu\/wp-content\/uploads\/2021\/06\/Geschichtswettbewerb-300x150.jpg 300w, https:\/\/sophie-scholl-schule.eu\/wp-content\/uploads\/2021\/06\/Geschichtswettbewerb-1030x515.jpg 1030w, https:\/\/sophie-scholl-schule.eu\/wp-content\/uploads\/2021\/06\/Geschichtswettbewerb-768x384.jpg 768w, https:\/\/sophie-scholl-schule.eu\/wp-content\/uploads\/2021\/06\/Geschichtswettbewerb-705x353.jpg 705w\" sizes=\"auto, (max-width: 1200px) 100vw, 1200px\" \/><\/p>\n<p>&nbsp;<\/p>\n<p>&nbsp;<\/p>\n","protected":false},"excerpt":{"rendered":"<p>Geschichtswettbewerb des Bundespr\u00e4sidenten 2020\/21 \u00bbBewegte Zeiten. Sport macht Gesellschaft\u00ab<\/p>\n","protected":false},"author":1,"featured_media":3326,"comment_status":"closed","ping_status":"","sticky":false,"template":"","format":"standard","meta":{"footnotes":""},"categories":[188,1],"tags":[],"class_list":["post-3327","post","type-post","status-publish","format-standard","has-post-thumbnail","hentry","category-aktuelles-startseite","category-uncategorized"],"_links":{"self":[{"href":"https:\/\/sophie-scholl-schule.eu\/index.php?rest_route=\/wp\/v2\/posts\/3327","targetHints":{"allow":["GET"]}}],"collection":[{"href":"https:\/\/sophie-scholl-schule.eu\/index.php?rest_route=\/wp\/v2\/posts"}],"about":[{"href":"https:\/\/sophie-scholl-schule.eu\/index.php?rest_route=\/wp\/v2\/types\/post"}],"author":[{"embeddable":true,"href":"https:\/\/sophie-scholl-schule.eu\/index.php?rest_route=\/wp\/v2\/users\/1"}],"replies":[{"embeddable":true,"href":"https:\/\/sophie-scholl-schule.eu\/index.php?rest_route=%2Fwp%2Fv2%2Fcomments&post=3327"}],"version-history":[{"count":1,"href":"https:\/\/sophie-scholl-schule.eu\/index.php?rest_route=\/wp\/v2\/posts\/3327\/revisions"}],"predecessor-version":[{"id":4547,"href":"https:\/\/sophie-scholl-schule.eu\/index.php?rest_route=\/wp\/v2\/posts\/3327\/revisions\/4547"}],"wp:featuredmedia":[{"embeddable":true,"href":"https:\/\/sophie-scholl-schule.eu\/index.php?rest_route=\/wp\/v2\/media\/3326"}],"wp:attachment":[{"href":"https:\/\/sophie-scholl-schule.eu\/index.php?rest_route=%2Fwp%2Fv2%2Fmedia&parent=3327"}],"wp:term":[{"taxonomy":"category","embeddable":true,"href":"https:\/\/sophie-scholl-schule.eu\/index.php?rest_route=%2Fwp%2Fv2%2Fcategories&post=3327"},{"taxonomy":"post_tag","embeddable":true,"href":"https:\/\/sophie-scholl-schule.eu\/index.php?rest_route=%2Fwp%2Fv2%2Ftags&post=3327"}],"curies":[{"name":"wp","href":"https:\/\/api.w.org\/{rel}","templated":true}]}}