{"id":3323,"date":"2021-06-12T15:40:05","date_gmt":"2021-06-12T15:40:05","guid":{"rendered":"https:\/\/sophie-scholl-schule.eu\/?p=3323"},"modified":"2024-10-31T13:16:57","modified_gmt":"2024-10-31T13:16:57","slug":"auf-dem-weg-in-richtung-weltall","status":"publish","type":"post","link":"https:\/\/sophie-scholl-schule.eu\/?p=3323","title":{"rendered":"Auf dem Weg in Richtung Weltall"},"content":{"rendered":"<p style=\"text-align: left; margin-top: 10px;\"><em><img loading=\"lazy\" decoding=\"async\" class=\" alignleft size-full wp-image-3320\" src=\"https:\/\/sophie-scholl-schule.eu\/wp-content\/uploads\/2021\/06\/Landung_nahe_Autobahn.png\" alt=\"Weltallbild\" style=\"margin-right: 10px; margin-bottom: 20px; float: left;\" width=\"356\" height=\"200\" srcset=\"https:\/\/sophie-scholl-schule.eu\/wp-content\/uploads\/2021\/06\/Landung_nahe_Autobahn.png 1805w, https:\/\/sophie-scholl-schule.eu\/wp-content\/uploads\/2021\/06\/Landung_nahe_Autobahn-300x169.png 300w, https:\/\/sophie-scholl-schule.eu\/wp-content\/uploads\/2021\/06\/Landung_nahe_Autobahn-1030x579.png 1030w, https:\/\/sophie-scholl-schule.eu\/wp-content\/uploads\/2021\/06\/Landung_nahe_Autobahn-768x432.png 768w, https:\/\/sophie-scholl-schule.eu\/wp-content\/uploads\/2021\/06\/Landung_nahe_Autobahn-1536x864.png 1536w, https:\/\/sophie-scholl-schule.eu\/wp-content\/uploads\/2021\/06\/Landung_nahe_Autobahn-1500x843.png 1500w, https:\/\/sophie-scholl-schule.eu\/wp-content\/uploads\/2021\/06\/Landung_nahe_Autobahn-705x396.png 705w\" sizes=\"auto, (max-width: 356px) 100vw, 356px\" \/><\/em><\/p>\n<p>Die Klasse 7-23 (MINT) beendete ihr Projekt zum Aufbau der Atmosph\u00e4re mit dem gelungenen Start eines Wetterballons. Der Aufstieg erfolgte in <a href=\"https:\/\/www.otto-lilienthal.de\/\" target=\"_blank\" rel=\"noopener\">St\u00f6lln<\/a>, vom ersten Flugplatz der Welt!<\/p>\n<p>&nbsp;<\/p>\n<p><!--more--><\/p>\n<p style=\"margin-top: 15px;\">Die Klasse 7-23 (MINT) beendete ihr Projekt zum Aufbau der Atmosph\u00e4re mit dem gelungenen Start eines Wetterballons. Der Aufstieg erfolgte in <a href=\"https:\/\/www.otto-lilienthal.de\/\" target=\"_blank\" rel=\"noopener\">St\u00f6lln<\/a>, vom ersten Flugplatz der Welt!<\/p>\n<p><em><img loading=\"lazy\" decoding=\"async\" class=\" size-full wp-image-3321\" src=\"https:\/\/sophie-scholl-schule.eu\/wp-content\/uploads\/2021\/06\/Ballonstart_2.png\" alt=\"Ballonstart 2\" style=\"display: block; margin: 10px auto;\" width=\"600\" height=\"647\" srcset=\"https:\/\/sophie-scholl-schule.eu\/wp-content\/uploads\/2021\/06\/Ballonstart_2.png 997w, https:\/\/sophie-scholl-schule.eu\/wp-content\/uploads\/2021\/06\/Ballonstart_2-278x300.png 278w, https:\/\/sophie-scholl-schule.eu\/wp-content\/uploads\/2021\/06\/Ballonstart_2-955x1030.png 955w, https:\/\/sophie-scholl-schule.eu\/wp-content\/uploads\/2021\/06\/Ballonstart_2-768x828.png 768w, https:\/\/sophie-scholl-schule.eu\/wp-content\/uploads\/2021\/06\/Ballonstart_2-654x705.png 654w\" sizes=\"auto, (max-width: 600px) 100vw, 600px\" \/><\/em><\/p>\n<p>Der Ballon transportierte in einer Sonde verschiedene selbst entwickelte und realisierte Experimente, z.B. Samen, um deren anschlie\u00dfende Keimf\u00e4higkeit zu testen, und einen selbst gebauten Sensor zur Messung der UV-Strahlung. Nat\u00fcrlich flog auch eine Kamera mit, um alles zu dokumentieren.<\/p>\n<p>&nbsp;<\/p>\n<p>&nbsp;<\/p>\n<p>Der Ballon stieg 35km hoch und damit bis an den Rand des Weltalls. Man sah das Schwarz des Weltalls und die Erde als gro\u00dfe Kugel!<\/p>\n<p><em><img loading=\"lazy\" decoding=\"async\" class=\" size-full wp-image-3322\" src=\"https:\/\/sophie-scholl-schule.eu\/wp-content\/uploads\/2021\/06\/Weltallbild.png\" alt=\"Weltallbild\" style=\"display: block; margin-left: auto; margin-right: auto;\" width=\"600\" height=\"335\" srcset=\"https:\/\/sophie-scholl-schule.eu\/wp-content\/uploads\/2021\/06\/Weltallbild.png 1789w, https:\/\/sophie-scholl-schule.eu\/wp-content\/uploads\/2021\/06\/Weltallbild-300x168.png 300w, https:\/\/sophie-scholl-schule.eu\/wp-content\/uploads\/2021\/06\/Weltallbild-1030x575.png 1030w, https:\/\/sophie-scholl-schule.eu\/wp-content\/uploads\/2021\/06\/Weltallbild-768x429.png 768w, https:\/\/sophie-scholl-schule.eu\/wp-content\/uploads\/2021\/06\/Weltallbild-1536x858.png 1536w, https:\/\/sophie-scholl-schule.eu\/wp-content\/uploads\/2021\/06\/Weltallbild-1500x838.png 1500w, https:\/\/sophie-scholl-schule.eu\/wp-content\/uploads\/2021\/06\/Weltallbild-705x394.png 705w\" sizes=\"auto, (max-width: 600px) 100vw, 600px\" \/><\/em><\/p>\n<p>&nbsp;<\/p>\n<p>&nbsp;<\/p>\n<p>&nbsp;<\/p>\n<p>Nach dem Platzen gelangte die Sonde am Fallschirm sicher auf die Erde zur\u00fcck und landete (knapp!!!) neben der Autobahn, wo sie schnell geborgen werden konnte.<\/p>\n<p><em><img loading=\"lazy\" decoding=\"async\" class=\" size-full wp-image-3320\" src=\"https:\/\/sophie-scholl-schule.eu\/wp-content\/uploads\/2021\/06\/Landung_nahe_Autobahn.png\" alt=\"Landung nahe Autobahn\" style=\"display: block; margin-left: auto; margin-right: auto;\" width=\"600\" height=\"337\" srcset=\"https:\/\/sophie-scholl-schule.eu\/wp-content\/uploads\/2021\/06\/Landung_nahe_Autobahn.png 1805w, https:\/\/sophie-scholl-schule.eu\/wp-content\/uploads\/2021\/06\/Landung_nahe_Autobahn-300x169.png 300w, https:\/\/sophie-scholl-schule.eu\/wp-content\/uploads\/2021\/06\/Landung_nahe_Autobahn-1030x579.png 1030w, https:\/\/sophie-scholl-schule.eu\/wp-content\/uploads\/2021\/06\/Landung_nahe_Autobahn-768x432.png 768w, https:\/\/sophie-scholl-schule.eu\/wp-content\/uploads\/2021\/06\/Landung_nahe_Autobahn-1536x864.png 1536w, https:\/\/sophie-scholl-schule.eu\/wp-content\/uploads\/2021\/06\/Landung_nahe_Autobahn-1500x843.png 1500w, https:\/\/sophie-scholl-schule.eu\/wp-content\/uploads\/2021\/06\/Landung_nahe_Autobahn-705x396.png 705w\" sizes=\"auto, (max-width: 600px) 100vw, 600px\" \/><\/em><\/p>\n<p>Weitere Informationen, kleine Videos und auch die Auswertung der Daten finden sich <a href=\"https:\/\/drive.google.com\/drive\/folders\/1ZRj6FPgcCx1_9J6liNrwKeYCiH4h9bjE?usp=sharing\" target=\"_blank\" rel=\"noopener\">hier<\/a>.<\/p>\n","protected":false},"excerpt":{"rendered":"<p>Die Klasse 7-23 (MINT) beendete ihr Projekt zum Aufbau der Atmosph\u00e4re mit dem gelungenen Start eines Wetterballons. Der Aufstieg erfolgte in St\u00f6lln, vom ersten Flugplatz der Welt! &nbsp;<\/p>\n","protected":false},"author":1,"featured_media":3320,"comment_status":"closed","ping_status":"","sticky":false,"template":"","format":"standard","meta":{"footnotes":""},"categories":[188,1],"tags":[],"class_list":["post-3323","post","type-post","status-publish","format-standard","has-post-thumbnail","hentry","category-aktuelles-startseite","category-uncategorized"],"_links":{"self":[{"href":"https:\/\/sophie-scholl-schule.eu\/index.php?rest_route=\/wp\/v2\/posts\/3323","targetHints":{"allow":["GET"]}}],"collection":[{"href":"https:\/\/sophie-scholl-schule.eu\/index.php?rest_route=\/wp\/v2\/posts"}],"about":[{"href":"https:\/\/sophie-scholl-schule.eu\/index.php?rest_route=\/wp\/v2\/types\/post"}],"author":[{"embeddable":true,"href":"https:\/\/sophie-scholl-schule.eu\/index.php?rest_route=\/wp\/v2\/users\/1"}],"replies":[{"embeddable":true,"href":"https:\/\/sophie-scholl-schule.eu\/index.php?rest_route=%2Fwp%2Fv2%2Fcomments&post=3323"}],"version-history":[{"count":1,"href":"https:\/\/sophie-scholl-schule.eu\/index.php?rest_route=\/wp\/v2\/posts\/3323\/revisions"}],"predecessor-version":[{"id":4549,"href":"https:\/\/sophie-scholl-schule.eu\/index.php?rest_route=\/wp\/v2\/posts\/3323\/revisions\/4549"}],"wp:featuredmedia":[{"embeddable":true,"href":"https:\/\/sophie-scholl-schule.eu\/index.php?rest_route=\/wp\/v2\/media\/3320"}],"wp:attachment":[{"href":"https:\/\/sophie-scholl-schule.eu\/index.php?rest_route=%2Fwp%2Fv2%2Fmedia&parent=3323"}],"wp:term":[{"taxonomy":"category","embeddable":true,"href":"https:\/\/sophie-scholl-schule.eu\/index.php?rest_route=%2Fwp%2Fv2%2Fcategories&post=3323"},{"taxonomy":"post_tag","embeddable":true,"href":"https:\/\/sophie-scholl-schule.eu\/index.php?rest_route=%2Fwp%2Fv2%2Ftags&post=3323"}],"curies":[{"name":"wp","href":"https:\/\/api.w.org\/{rel}","templated":true}]}}