{"id":3256,"date":"2021-02-06T17:16:22","date_gmt":"2021-02-06T17:16:22","guid":{"rendered":"https:\/\/sophie-scholl-schule.eu\/?p=3256"},"modified":"2025-01-11T14:10:41","modified_gmt":"2025-01-11T14:10:41","slug":"frisch-voran","status":"publish","type":"post","link":"https:\/\/sophie-scholl-schule.eu\/?p=3256","title":{"rendered":"Frisch voran!"},"content":{"rendered":"<h4><img loading=\"lazy\" decoding=\"async\" class=\" alignleft size-full wp-image-3255\" src=\"https:\/\/sophie-scholl-schule.eu\/wp-content\/uploads\/2021\/02\/ruderriege.jpg\" alt=\"ruderriege\" style=\"margin-right: 10px; float: left;\" width=\"209\" height=\"163\" srcset=\"https:\/\/sophie-scholl-schule.eu\/wp-content\/uploads\/2021\/02\/ruderriege.jpg 465w, https:\/\/sophie-scholl-schule.eu\/wp-content\/uploads\/2021\/02\/ruderriege-300x234.jpg 300w\" sizes=\"auto, (max-width: 209px) 100vw, 209px\" \/><\/h4>\n<h4>\u201eFrisch voran!\u201c<\/h4>\n<p>Wie die Zeiten uns ver\u00e4ndert haben und wie wir diese mitgestaltet haben. <br \/>Die Geschichte der Ruderriege der Sophie-Scholl-Schule.<br \/>\n<!--more-->\n<\/p>\n<p><img loading=\"lazy\" decoding=\"async\" class=\" alignleft size-full wp-image-3255\" src=\"https:\/\/sophie-scholl-schule.eu\/wp-content\/uploads\/2021\/02\/ruderriege.jpg\" alt=\"ruderriege\" style=\"margin-right: 10px; float: left;\" width=\"465\" height=\"362\" srcset=\"https:\/\/sophie-scholl-schule.eu\/wp-content\/uploads\/2021\/02\/ruderriege.jpg 465w, https:\/\/sophie-scholl-schule.eu\/wp-content\/uploads\/2021\/02\/ruderriege-300x234.jpg 300w\" sizes=\"auto, (max-width: 465px) 100vw, 465px\" \/><\/p>\n<p>Im Rahmen des diesj\u00e4hrigen Geschichtswettbewerbes des Bundespr\u00e4sidenten (zum Thema \u201eBewegte Zeiten. Sport macht Gesellschaft\u201c) haben wir uns, der Wahlpflichtkurs Geschichte (11. Jahrgang), mit Vergangenheit und Gegenwart der Ruderriege des Sophie-Scholl-Schule besch\u00e4ftigt. Die Ruderriege ist im September 2020 hundert Jahre alt geworden, gegr\u00fcndet wurde sie 1920, in der Weimarer Republik. Wir haben dazu<\/p>\n<p>einen Podcast gestaltet, der die Geschichte dieser besonderen Ruderriege erz\u00e4hlt und verdeutlicht, wie sie durch die geschichtlichen Ereignisse gepr\u00e4gt wurde aber diese auch selbst pr\u00e4gte.<\/p>\n<p>Unser Podcast ist hier zu h\u00f6ren: <a href=\"https:\/\/soundcloud.com\/user-781343347\">https:\/\/soundcloud.com\/user-781343347<\/a><\/p>\n<p>Teilnehmer:innen: Lena Bode, Kenau Kassem, Lionel Maas, Luis Munos-Gonzales, Hilario Ngomane, Richard Linienk\u00e4mper, Ruben Shenouda, Julien Stolpe<br \/>Tutorin: Francesca Useli<\/p>\n<p>Wir bedanken uns herzlich f\u00fcr die tatkr\u00e4ftige Unterst\u00fctzung:<br \/>&#8211; bei Herrn Manuel Roth, der mit gro\u00dfer Leidenschaft seit Jahrzehnten die Ruder-AG leitet und uns wichtige Informationen \u00fcber die Geschichte der Ruderriege gegeben hat und viele Quellen zur Verf\u00fcgung gestellt hat, <br \/>&#8211; bei Herrn Bodo F\u00f6rster, der uns wichtige Quellen aus dem Schularchiv zur Verf\u00fcgung gestellt hat,<br \/>&#8211; bei Herrn Jan Francois, der zusammen mit Herrn Roth die Ruder-AG organisiert und diese 100 Jahre alte Tradition am Leben h\u00e4lt, <br \/>&#8211; bei Frau Lia Raber (ehemalige Lehrerin der Sophie-Scholl-Schule) und bei Frau Hannah Schleupner (ehemalige Sch\u00fclerin), die f\u00fcr uns wichtige Zeitzeuginnen waren.<\/p>\n<p>Wir w\u00fcnschen allen viel Spa\u00df beim H\u00f6ren.<\/p>\n<p>&nbsp;<\/p>\n","protected":false},"excerpt":{"rendered":"<p>\u201eFrisch voran!\u201c Wie die Zeiten uns ver\u00e4ndert haben und wie wir diese mitgestaltet haben. Die Geschichte der Ruderriege der Sophie-Scholl-Schule.<\/p>\n","protected":false},"author":1,"featured_media":3255,"comment_status":"closed","ping_status":"","sticky":false,"template":"","format":"standard","meta":{"footnotes":""},"categories":[188,121],"tags":[],"class_list":["post-3256","post","type-post","status-publish","format-standard","has-post-thumbnail","hentry","category-aktuelles-startseite","category-gwi"],"_links":{"self":[{"href":"https:\/\/sophie-scholl-schule.eu\/index.php?rest_route=\/wp\/v2\/posts\/3256","targetHints":{"allow":["GET"]}}],"collection":[{"href":"https:\/\/sophie-scholl-schule.eu\/index.php?rest_route=\/wp\/v2\/posts"}],"about":[{"href":"https:\/\/sophie-scholl-schule.eu\/index.php?rest_route=\/wp\/v2\/types\/post"}],"author":[{"embeddable":true,"href":"https:\/\/sophie-scholl-schule.eu\/index.php?rest_route=\/wp\/v2\/users\/1"}],"replies":[{"embeddable":true,"href":"https:\/\/sophie-scholl-schule.eu\/index.php?rest_route=%2Fwp%2Fv2%2Fcomments&post=3256"}],"version-history":[{"count":1,"href":"https:\/\/sophie-scholl-schule.eu\/index.php?rest_route=\/wp\/v2\/posts\/3256\/revisions"}],"predecessor-version":[{"id":4560,"href":"https:\/\/sophie-scholl-schule.eu\/index.php?rest_route=\/wp\/v2\/posts\/3256\/revisions\/4560"}],"wp:featuredmedia":[{"embeddable":true,"href":"https:\/\/sophie-scholl-schule.eu\/index.php?rest_route=\/wp\/v2\/media\/3255"}],"wp:attachment":[{"href":"https:\/\/sophie-scholl-schule.eu\/index.php?rest_route=%2Fwp%2Fv2%2Fmedia&parent=3256"}],"wp:term":[{"taxonomy":"category","embeddable":true,"href":"https:\/\/sophie-scholl-schule.eu\/index.php?rest_route=%2Fwp%2Fv2%2Fcategories&post=3256"},{"taxonomy":"post_tag","embeddable":true,"href":"https:\/\/sophie-scholl-schule.eu\/index.php?rest_route=%2Fwp%2Fv2%2Ftags&post=3256"}],"curies":[{"name":"wp","href":"https:\/\/api.w.org\/{rel}","templated":true}]}}