{"id":3242,"date":"2021-01-08T10:37:09","date_gmt":"2021-01-08T10:37:09","guid":{"rendered":"https:\/\/sophie-scholl-schule.eu\/?p=3242"},"modified":"2024-10-31T13:16:58","modified_gmt":"2024-10-31T13:16:58","slug":"faqs-haeufig-gestellte-fragen-mint","status":"publish","type":"post","link":"https:\/\/sophie-scholl-schule.eu\/?p=3242","title":{"rendered":"FAQs &#8211; h\u00e4ufig gestellte Fragen"},"content":{"rendered":"<p><strong>FAQs (h\u00e4ufig gestellten Fragen) zum Aufnahmeverfahren f\u00fcr den Profilzug MINT<\/strong><\/p>\n<p><em>Wie viele Pl\u00e4tze gibt es f\u00fcr MINT? <\/em><\/p>\n<p>Es gibt 26 Pl\u00e4tze in der MINT-Klasse. Einige wenige Pl\u00e4tze sind f\u00fcr Kinder mit sonderp\u00e4dagogischem F\u00f6rderbedarf reserviert.<\/p>\n<p><em>Wie viele Kinder bewerben sich f\u00fcr die MINT-Klasse?<\/em><\/p>\n<p>In den vergangenen Jahren haben sich mehr Sch\u00fcler\/in&shy;nen beworben, als es Pl\u00e4tze gab. Die Zahlen schwankten von Jahr zu Jahr um rund 30 Bewerbungen. Daten der Vergangenheit lassen aber keine Prognose der Zukunft zu!<\/p>\n<p><em>Was z\u00e4hlt f\u00fcr eine Bewerbung?<\/em><\/p>\n<p>Die Aufnahme erfolgt nach einem Punktesystem. Punkte erh\u00e4lt man f\u00fcr die Zeugnisnoten in NaWi, Mathematik und Deutsch (Texte verfassen), f\u00fcr die Bearbeitung eines Tests, f\u00fcr seine Interessen im Bereich MINT und f\u00fcr nachgewiesene weitere Aktivit\u00e4ten in diesem Bereich.&nbsp; N\u00e4heres finden sie in den Aufnahmekriterien auf unserer <a href=\"https:\/\/www.sophie-scholl-schule.eu\/554-anmeldeverfahren-2019-21\">homepage<\/a>.<\/p>\n<p><em>Wieviel z\u00e4hlen die Noten der anderen F\u00e4cher?<\/em> <em>Gibt es einen NC?<\/em><\/p>\n<p>F\u00fcr die Aufnahme z\u00e4hlen keine anderen Noten. Die Durchschnittsnote ist nicht entscheidend. Allerdings reservieren wir als ISS einen Teil unserer Pl\u00e4tze f\u00fcr Bewerbungen mit einem Durchschnitt von \u00fcber 2,8 \u2013 damit haben auch Sch\u00fclerInnen eine Chance, deren Interessen und Begabungen im MINT-Bereich liegen, die aber in anderen schulischen Bereichen nicht so gut abschnitten.<\/p>\n<p><em>Was passiert in dem Aufnahme-Gespr\u00e4ch?<\/em><\/p>\n<p>Zuallererst: Wir sind nett! Wir unterhalten uns mit dem Kind im Beisein seiner Eltern \u00fcber seine Interessen und Begabungen im MINT-Bereich. Typische Fragen sind: \u201eWas interessiert Dich besonders an den Naturwissenschaften?\u201c, \u201eErz\u00e4hle, was Dir im NaWi-Unterricht besonders Spa\u00df gemacht hat \u2013 und warum?\u201c. Wir suchen dabei nach Gespr\u00e4chsm\u00f6glichkeiten, nicht nach L\u00fccken.<\/p>\n<p>Bringen Sie bitte den NaWi-Hefter mit \u2013 daraus ergeben sich oft Gespr\u00e4chsanl\u00e4sse.<\/p>\n<p><em>Was ist das f\u00fcr ein Test? Kann man daf\u00fcr \u00fcben?<\/em><\/p>\n<p>Der Test ist ein L\u00fcckentext, bei dem jeweils Satzteile oder einzelne W\u00f6rter erg\u00e4nzt werden m\u00fcssen. Man kann dabei aus einem der vier Bereiche Informatik, Biologie, Chemie oder Physik w\u00e4hlen. Die Inhalte basieren auf dem NaWi-Unterricht der Grundschule. Insofern kann es nicht schaden, sich den Hefter des laufenden Schuljahres noch einmal anzuschauen.&nbsp;<\/p>\n<p><em>Werden \u00fcber den NaWi-Unterricht in der Grundschule hinausgehende schulische und au\u00dferschulische Aktivit\u00e4ten beim Bewerbungsverfahren ber\u00fccksichtigt? <\/em><\/p>\n<p>Ja, die Teilnahme an Kursen und Wettbewerben sowie andere Aktivit\u00e4ten innerhalb und au\u00dferhalb der Schule aus den letzten zwei Jahren flie\u00dfen mit in die Punktvergabe ein. Wir brauchen daf\u00fcr allerdings einen Nachweis \u2013 eine Foto gen\u00fcgt.<\/p>\n<p><em>Mein Kind hat ein gro\u00dfes Interesse an Informatik, hasst aber Biologie. Ist das ein Problem?<\/em><\/p>\n<p>Wir f\u00f6rdern Begabungen aus dem gesamten MINT-Bereich. Insofern ist sicherlich auch das eine oder andere Biologieprojekt mit dabei\u2026 Allerdings kann man seine Interessen auch in Informatik-AGs vertiefen.<\/p>\n","protected":false},"excerpt":{"rendered":"<p>FAQs (h\u00e4ufig gestellten Fragen) zum Aufnahmeverfahren f\u00fcr den Profilzug MINT Wie viele Pl\u00e4tze gibt es f\u00fcr MINT? Es gibt 26 Pl\u00e4tze in der MINT-Klasse. Einige wenige Pl\u00e4tze sind f\u00fcr Kinder mit sonderp\u00e4dagogischem F\u00f6rderbedarf reserviert. Wie viele Kinder bewerben sich f\u00fcr die MINT-Klasse? In den vergangenen Jahren haben sich mehr Sch\u00fcler\/in&shy;nen beworben, als es Pl\u00e4tze gab. [&hellip;]<\/p>\n","protected":false},"author":1,"featured_media":0,"comment_status":"closed","ping_status":"","sticky":false,"template":"","format":"standard","meta":{"footnotes":""},"categories":[188,1],"tags":[],"class_list":["post-3242","post","type-post","status-publish","format-standard","hentry","category-aktuelles-startseite","category-uncategorized"],"_links":{"self":[{"href":"https:\/\/sophie-scholl-schule.eu\/index.php?rest_route=\/wp\/v2\/posts\/3242","targetHints":{"allow":["GET"]}}],"collection":[{"href":"https:\/\/sophie-scholl-schule.eu\/index.php?rest_route=\/wp\/v2\/posts"}],"about":[{"href":"https:\/\/sophie-scholl-schule.eu\/index.php?rest_route=\/wp\/v2\/types\/post"}],"author":[{"embeddable":true,"href":"https:\/\/sophie-scholl-schule.eu\/index.php?rest_route=\/wp\/v2\/users\/1"}],"replies":[{"embeddable":true,"href":"https:\/\/sophie-scholl-schule.eu\/index.php?rest_route=%2Fwp%2Fv2%2Fcomments&post=3242"}],"version-history":[{"count":1,"href":"https:\/\/sophie-scholl-schule.eu\/index.php?rest_route=\/wp\/v2\/posts\/3242\/revisions"}],"predecessor-version":[{"id":4562,"href":"https:\/\/sophie-scholl-schule.eu\/index.php?rest_route=\/wp\/v2\/posts\/3242\/revisions\/4562"}],"wp:attachment":[{"href":"https:\/\/sophie-scholl-schule.eu\/index.php?rest_route=%2Fwp%2Fv2%2Fmedia&parent=3242"}],"wp:term":[{"taxonomy":"category","embeddable":true,"href":"https:\/\/sophie-scholl-schule.eu\/index.php?rest_route=%2Fwp%2Fv2%2Fcategories&post=3242"},{"taxonomy":"post_tag","embeddable":true,"href":"https:\/\/sophie-scholl-schule.eu\/index.php?rest_route=%2Fwp%2Fv2%2Ftags&post=3242"}],"curies":[{"name":"wp","href":"https:\/\/api.w.org\/{rel}","templated":true}]}}