{"id":3225,"date":"2021-01-05T09:30:29","date_gmt":"2021-01-05T09:30:29","guid":{"rendered":"https:\/\/sophie-scholl-schule.eu\/?p=3225"},"modified":"2024-10-31T13:16:58","modified_gmt":"2024-10-31T13:16:58","slug":"faqs-haeufig-gestellte-fragen-wat","status":"publish","type":"post","link":"https:\/\/sophie-scholl-schule.eu\/?p=3225","title":{"rendered":"FAQs &#8211; h\u00e4ufig gestellte Fragen"},"content":{"rendered":"<h4><strong>FAQs (h\u00e4ufig gestellten Fragen) zum Aufnahmeverfahren f\u00fcr den Profilzug WAT<\/strong><\/h4>\n<p><strong><em>Wof\u00fcr steht WAT?<\/em><\/strong><\/p>\n<p><strong>WAT steht f\u00fcr Wirtschaft-Arbeit-Technik<\/strong>. Dieses Profilfach umfasst den Bereich der Arbeit in seinen vielf\u00e4ltigen Ausformungen rund um Produktion und Reproduktion. Wir stehen f\u00fcr Kreatives Handeln auf Basis anwendungsorientierter Techniken im Bereich von Wirtschaft, Technik und Hauswirtschaft.<\/p>\n<p><strong><em>Wie viele Pl\u00e4tze gibt es f\u00fcr WAT? Wie viele Kinder bewerben sich<\/em><\/strong><em>?<\/em><\/p>\n<p>Es gibt 26 Pl\u00e4tze in der WAT-Klasse. In den vergangenen Jahren haben sich mehr Sch\u00fcler\/in&shy;nen beworben, als es Pl\u00e4tze gab. Die Zahlen schwanken von Jahr zu Jahr.<\/p>\n<p><strong><em>Gibt es mehr Jungen in den WAT-Klassen?<\/em><\/strong><\/p>\n<p>In den letzten Jahren war der Anteil von Jungen und M\u00e4dchen ungef\u00e4hr gleich.<\/p>\n<p><strong><em>Werden hier Handwerker_innen ausgebildet?<\/em><\/strong><strong> \/ <em>Muss man Wirtschaft als Leistungskurs w\u00e4hlen?<\/em><\/strong><br \/> Nein, wir sehen das Wahlpflichtfach WAT als besondere Form der F\u00f6rderung der Entwick&shy;lung individueller St\u00e4rken an. Es ist keine Festlegung f\u00fcr die weitere schulische oder berufliche Laufbahn.<\/p>\n<p><strong><em>Was ist der Unterschied zwischen Kunst und WAT? bzw. Wann sollte mein Kind sich f\u00fcr WAT entscheiden und wann f\u00fcr Kunst?<\/em><\/strong><\/p>\n<p>WAT orientiert sich in erster Linie an Techniken und Verfahren im Bereich von Technik und (Haus)wirtschaft und geht in Richtung Projektmanagement. Kunst hingegen orientiert sich verst\u00e4rkt an Verfahren und Techniken aus dem Bereich der Kunst. Ein Kind, das gerne \u201ebastelt\u201c und \u201emacht\u201c, Dinge bauen m\u00f6chte und Ideen konstruktiv in die Realit\u00e4t umsetzen m\u00f6chte ist in diesem Bereich sicherlich gut aufgehoben. &nbsp;<\/p>\n<p><strong><em>Welche Projekte und wie viele sollen denn eingereicht werden?<\/em><\/strong><\/p>\n<p>Es kann grunds\u00e4tzlich alles mitgebracht werden, was zu einem der Themenfelder WAT passt (Textil, K\u00fcche, Projekte aus Holz und\/oder Metall, Fischer Technik, \u2026). Die Projekte k\u00f6nnen auch im Rahmen schulischer (AG, WUV etc.) bzw. au\u00dferschulischer Angebote (z.B. Workshops in den genannten Themenfeldern) entstanden sein.&nbsp;<strong>Wichtig ist, dass sich die Sch\u00fclerin\/ der Sch\u00fcler allerdings f\u00fcr ein m\u00f6glichst eigenst\u00e4ndig gefertigtes Projekt entscheidet, das er mitbringt und ausf\u00fchrlich vorstellt.<\/strong><\/p>\n<p><strong><em>Wie aktuell m\u00fcssen die Arbeiten sein?<\/em><\/strong><em><br \/> <\/em>Die Arbeiten m\u00fcssen in den letzten zwei Jahren entstanden sein.<\/p>\n<p><strong><em>Wieviel z\u00e4hlen die Noten der anderen F\u00e4cher?<\/em><\/strong><strong> <em>Gibt es einen NC?<\/em> <\/strong><\/p>\n<p>F\u00fcr die Aufnahme in den Profilzweig WAT z\u00e4hlen die Kunstnote, die Note in Mathematik und die Gesamtnote im Fach Deutsch. Die Durchschnittsnote ist nicht entscheidend.<\/p>\n<p><strong><em>Werden im Aufnahmeverfahren schulische und au\u00dferschulische Aktivit\u00e4ten mit ber\u00fccksichtigt? <\/em><\/strong><\/p>\n<p>Ja, die Teilnahme an Kursen in den letzten zwei Jahren flie\u00dft mit in die Bewertung ein. Nachweise \u00fcber au\u00dferschulische Erfahrungen ohne Angaben eines Anfangs- und Enddatums und\/oder ohne Ausstellungsdatum k\u00f6nnen leider nicht ber\u00fccksichtigt werden.<\/p>\n","protected":false},"excerpt":{"rendered":"<p>FAQs (h\u00e4ufig gestellten Fragen) zum Aufnahmeverfahren f\u00fcr den Profilzug WAT Wof\u00fcr steht WAT? WAT steht f\u00fcr Wirtschaft-Arbeit-Technik. Dieses Profilfach umfasst den Bereich der Arbeit in seinen vielf\u00e4ltigen Ausformungen rund um Produktion und Reproduktion. Wir stehen f\u00fcr Kreatives Handeln auf Basis anwendungsorientierter Techniken im Bereich von Wirtschaft, Technik und Hauswirtschaft. Wie viele Pl\u00e4tze gibt es f\u00fcr [&hellip;]<\/p>\n","protected":false},"author":1,"featured_media":0,"comment_status":"closed","ping_status":"","sticky":false,"template":"","format":"standard","meta":{"footnotes":""},"categories":[188,1],"tags":[],"class_list":["post-3225","post","type-post","status-publish","format-standard","hentry","category-aktuelles-startseite","category-uncategorized"],"_links":{"self":[{"href":"https:\/\/sophie-scholl-schule.eu\/index.php?rest_route=\/wp\/v2\/posts\/3225","targetHints":{"allow":["GET"]}}],"collection":[{"href":"https:\/\/sophie-scholl-schule.eu\/index.php?rest_route=\/wp\/v2\/posts"}],"about":[{"href":"https:\/\/sophie-scholl-schule.eu\/index.php?rest_route=\/wp\/v2\/types\/post"}],"author":[{"embeddable":true,"href":"https:\/\/sophie-scholl-schule.eu\/index.php?rest_route=\/wp\/v2\/users\/1"}],"replies":[{"embeddable":true,"href":"https:\/\/sophie-scholl-schule.eu\/index.php?rest_route=%2Fwp%2Fv2%2Fcomments&post=3225"}],"version-history":[{"count":1,"href":"https:\/\/sophie-scholl-schule.eu\/index.php?rest_route=\/wp\/v2\/posts\/3225\/revisions"}],"predecessor-version":[{"id":4563,"href":"https:\/\/sophie-scholl-schule.eu\/index.php?rest_route=\/wp\/v2\/posts\/3225\/revisions\/4563"}],"wp:attachment":[{"href":"https:\/\/sophie-scholl-schule.eu\/index.php?rest_route=%2Fwp%2Fv2%2Fmedia&parent=3225"}],"wp:term":[{"taxonomy":"category","embeddable":true,"href":"https:\/\/sophie-scholl-schule.eu\/index.php?rest_route=%2Fwp%2Fv2%2Fcategories&post=3225"},{"taxonomy":"post_tag","embeddable":true,"href":"https:\/\/sophie-scholl-schule.eu\/index.php?rest_route=%2Fwp%2Fv2%2Ftags&post=3225"}],"curies":[{"name":"wp","href":"https:\/\/api.w.org\/{rel}","templated":true}]}}