{"id":3223,"date":"2021-01-05T09:30:29","date_gmt":"2021-01-05T09:30:29","guid":{"rendered":"https:\/\/sophie-scholl-schule.eu\/?p=3223"},"modified":"2024-10-31T13:16:58","modified_gmt":"2024-10-31T13:16:58","slug":"faqs-haeufig-gestellte-fragen-kunst","status":"publish","type":"post","link":"https:\/\/sophie-scholl-schule.eu\/?p=3223","title":{"rendered":"FAQs &#8211; h\u00e4ufig gestellte Fragen"},"content":{"rendered":"<h3 class=\"western\"><span style=\"font-family: arial, helvetica, sans-serif; font-size: 14pt;\" face=\"Times New Roman, serif\"><span size=\"3\"><span style=\"text-decoration: underline;\"><strong>FAQs (h\u00e4ufig gestellten Fragen) zum Aufnahmeverfahren f\u00fcr den Profilzug Kunst<\/strong><\/span><\/span><\/span><\/h3>\n<p class=\"western\"><span style=\"font-family: arial, helvetica, sans-serif;\"><strong><span face=\"Times New Roman, serif\"><span style=\"font-size: medium;\" size=\"3\"><i>Wie viele Pl\u00e4tze gibt es f\u00fcr Kunst? Wie viele Kinder bewerben sich?<\/i><\/span><\/span><\/strong><span face=\"Times New Roman, serif\"><span style=\"font-size: medium;\" size=\"3\"> <br \/> Es gibt 26 Pl\u00e4tze in der Kunstklasse. In den vergangenen Jahren haben sich mehr Sch\u00fcler\/in&shy;nen beworben, als es Pl\u00e4tze gab. Die Zahlen schwanken von Jahr zu Jahr.<\/span><\/span><\/span><\/p>\n<p class=\"western\"><span style=\"font-family: arial, helvetica, sans-serif;\"><strong><span face=\"Times New Roman, serif\"><span style=\"font-size: medium;\" size=\"3\"><i>Werden hier K\u00fcnstlerinnen und K\u00fcnstler ausgebildet?<\/i><\/span><\/span><span face=\"Times New Roman, serif\"><span style=\"font-size: medium;\" size=\"3\"> \/ <\/span><\/span><span face=\"Times New Roman, serif\"><span style=\"font-size: medium;\" size=\"3\"><i>Muss man Kunst als Leistungskurs w\u00e4hlen?<\/i><\/span><\/span><\/strong><span face=\"Times New Roman, serif\"><span style=\"font-size: medium;\" size=\"3\"><br \/> Nein, wir sehen das Neigungsfach Kunst als besondere Form der F\u00f6rderung der Entwick&shy;lung an. Es ist keine Festlegung f\u00fcr die weitere schulische oder berufliche Laufbahn, kann aber in den Klassenstufen 7-10 nicht abgew\u00e4hlt werden.<\/span><\/span><\/span><\/p>\n<p class=\"western\"><span style=\"font-family: arial, helvetica, sans-serif;\"><strong><span face=\"Times New Roman, serif\"><span style=\"font-size: medium;\" size=\"3\"><i>Mein Kind hat eine gro\u00dfe zeichnerische Begabung, hasst aber zu malen. Ist das ein Problem?<\/i><\/span><\/span><\/strong><span face=\"Times New Roman, serif\"><span style=\"font-size: medium;\" size=\"3\"> <br \/> Wir f\u00f6rdern besondere Begabungen. Wichtig f\u00fcr die Aufnahme ist die Vielseitigkeit der vor&shy;ge&shy;legten Techniken, denn im Kunstunterricht werden alle Techniken unterrichtet. <\/span><\/span><\/span><\/p>\n<p class=\"western\"><span style=\"font-family: arial, helvetica, sans-serif;\"><strong><span face=\"Times New Roman, serif\"><span style=\"font-size: medium;\" size=\"3\"><i>Kann ich auch plastische Arbeiten einreichen?<\/i><\/span><\/span><\/strong><span face=\"Times New Roman, serif\"><span style=\"font-size: medium;\" size=\"3\"> <br \/> Plastische Arbeiten k\u00f6nnen als Original oder abfotografiert gezeigt werden. <\/span><\/span><\/span><\/p>\n<p class=\"western\"><span style=\"font-family: arial, helvetica, sans-serif;\"><strong><span face=\"Times New Roman, serif\"><span style=\"font-size: medium;\" size=\"3\"><i>Wie gro\u00df d\u00fcrfen die Arbeiten sein?<\/i><\/span><\/span><\/strong><span face=\"Times New Roman, serif\"><span style=\"font-size: medium;\" size=\"3\"> <br \/> Eine Gr\u00f6\u00dfenbeschr\u00e4nkung bei den Arbeiten gibt es nicht.<\/span><\/span><\/span><\/p>\n<p class=\"western\"><span style=\"font-family: arial, helvetica, sans-serif;\"><strong><span face=\"Times New Roman, serif\"><span style=\"font-size: medium;\" size=\"3\"><i>Z\u00e4hlt eine Serie als eine Arbeit?<\/i><\/span><\/span><\/strong><span face=\"Times New Roman, serif\"><span style=\"font-size: medium;\" size=\"3\"> <br \/> Eine deutlich zusammenh\u00e4ngende Serie z\u00e4hlt als <\/span><\/span><span face=\"Times New Roman, serif\"><span style=\"font-size: medium;\" size=\"3\"><span style=\"text-decoration: underline;\">eine<\/span><\/span><\/span><span face=\"Times New Roman, serif\"><span style=\"font-size: medium;\" size=\"3\"> Arbeit. <\/span><\/span><\/span><\/p>\n<p class=\"western\"><span style=\"font-family: arial, helvetica, sans-serif;\"><strong><span face=\"Times New Roman, serif\"><span style=\"font-size: medium;\" size=\"3\"><i>K\u00f6nnen auch digitale Arbeiten gezeigt werden?<\/i><\/span><\/span><\/strong><span face=\"Times New Roman, serif\"><span style=\"font-size: medium;\" size=\"3\"> <br \/> Ja. Dann muss das Abspielger\u00e4t aber mitgebracht werden.<\/span><\/span><\/span><\/p>\n<p class=\"western\"><span style=\"font-family: arial, helvetica, sans-serif;\"><strong><a name=\"_GoBack\"><\/a><span face=\"Times New Roman, serif\"><span style=\"font-size: medium;\" size=\"3\"><i>D\u00fcrfen Arbeiten aus der Grundschule gezeigt werden?<\/i><\/span><\/span><\/strong><span face=\"Times New Roman, serif\"><span style=\"font-size: medium;\" size=\"3\"> <br \/> Ja, die gezeigten Arbeiten sollten aber nicht ausschlie\u00dflich aus der Grundschule kommen. Die Arbeiten sollten nach Qualit\u00e4t und nicht nach Entstehungsort ausgew\u00e4hlt werden. <\/span><\/span><\/span><\/p>\n<p class=\"western\"><span style=\"font-family: arial, helvetica, sans-serif;\"><span face=\"Times New Roman, serif\"><span style=\"font-size: medium;\" size=\"3\"><i><strong>Wie aktuell m\u00fcssen die Arbeiten sein?<\/strong><br \/> <\/i><\/span><\/span><span face=\"Times New Roman, serif\"><span style=\"font-size: medium;\" size=\"3\">Die Arbeiten m\u00fcssen in den letzten zwei Jahren entstanden sein.<\/span><\/span><\/span><\/p>\n<p class=\"western\"><span style=\"font-family: arial, helvetica, sans-serif;\"><strong><span face=\"Times New Roman, serif\"><span style=\"font-size: medium;\" size=\"3\"><i>Wieviel z\u00e4hlen die Noten der anderen F\u00e4cher?<\/i><\/span><\/span><span face=\"Times New Roman, serif\"><span style=\"font-size: medium;\" size=\"3\"> <\/span><\/span><span face=\"Times New Roman, serif\"><span style=\"font-size: medium;\" size=\"3\"><i>Gibt es einen NC?<br \/><\/i><\/span><\/span><\/strong><\/span><span style=\"font-family: arial, helvetica, sans-serif;\"><span face=\"Times New Roman, serif\"><span style=\"font-size: medium;\" size=\"3\">F\u00fcr die Aufnahme in den Profilzweig Kunst z\u00e4hlen die Kunstnote (doppelte Wertung) und die Deutschnote (einfach Wertung). Die Durchschnittsnote ist nicht entscheidend. <\/span><\/span><\/span><\/p>\n<p class=\"western\"><strong><span style=\"font-family: arial, helvetica, sans-serif;\"><span face=\"Times New Roman, serif\"><span style=\"font-size: medium;\" size=\"3\"><i>Werden \u00fcber den Kunstunterricht in der Grundschule hinausgehende schulische<\/i><\/span><\/span><span face=\"Times New Roman, serif\"><span style=\"font-size: medium;\" size=\"3\"><i> und au\u00dferschulische Aktivit\u00e4ten beim Bewerbungsverfahren mit ber\u00fccksichtigt?<br \/><\/i><\/span><\/span><\/span><\/strong><span face=\"Times New Roman, serif\" style=\"font-family: arial, helvetica, sans-serif; background-color: inherit; color: inherit; font-size: 1rem; caret-color: auto;\"><span style=\"font-size: medium;\" size=\"3\">Ja, die Teilnahme an Kursen in den letzten zwei Jahren flie\u00dft mit in die Bewertung ein. Die Kurse m\u00fcssen dabei von T<\/span><\/span><span style=\"font-size: medium; background-color: inherit; color: inherit; caret-color: auto;\">r\u00e4gern mit ausdr\u00fccklichem k\u00fcnstlerischem Schwerpunkt angeboten worden sein&nbsp;<\/span><span face=\"Times New Roman, serif\" style=\"font-family: arial, helvetica, sans-serif; background-color: inherit; color: inherit; font-size: 1rem; caret-color: auto;\"><span style=\"font-size: medium;\" size=\"3\">und insgesamt \u00fcber einen Zeitraum von mindestens 6 Monaten&nbsp;<\/span><\/span><span face=\"Times New Roman, serif\" style=\"font-family: arial, helvetica, sans-serif; background-color: inherit; color: inherit; font-size: 1rem; caret-color: auto;\"><span style=\"font-size: medium;\" size=\"3\">regelm\u00e4\u00dfig stattgefunden haben (mind. 2. Std. pro Woche), so dass ein zeitlicher Gesamtumfang von mind. 40 Stunden nicht unterschritten wird. Nachweise \u00fcber au\u00dferschulische Erfahrungen ohne Angaben eines Anfangs- und Enddatums und\/oder ohne Ausstellungsdatum sowie kurze Wochened- und Ferienkurse k\u00f6nnen leider nicht ber\u00fccksichtigt werden.<\/span><\/span><\/p>\n<p class=\"western\"><span style=\"font-family: arial, helvetica, sans-serif;\"><span face=\"Times New Roman, serif\"><span style=\"font-size: medium;\" size=\"3\"><\/span><\/span><\/span><\/p>\n","protected":false},"excerpt":{"rendered":"<p>FAQs (h\u00e4ufig gestellten Fragen) zum Aufnahmeverfahren f\u00fcr den Profilzug Kunst Wie viele Pl\u00e4tze gibt es f\u00fcr Kunst? Wie viele Kinder bewerben sich? Es gibt 26 Pl\u00e4tze in der Kunstklasse. In den vergangenen Jahren haben sich mehr Sch\u00fcler\/in&shy;nen beworben, als es Pl\u00e4tze gab. Die Zahlen schwanken von Jahr zu Jahr. Werden hier K\u00fcnstlerinnen und K\u00fcnstler ausgebildet? [&hellip;]<\/p>\n","protected":false},"author":1,"featured_media":0,"comment_status":"closed","ping_status":"","sticky":false,"template":"","format":"standard","meta":{"footnotes":""},"categories":[188,1],"tags":[],"class_list":["post-3223","post","type-post","status-publish","format-standard","hentry","category-aktuelles-startseite","category-uncategorized"],"_links":{"self":[{"href":"https:\/\/sophie-scholl-schule.eu\/index.php?rest_route=\/wp\/v2\/posts\/3223","targetHints":{"allow":["GET"]}}],"collection":[{"href":"https:\/\/sophie-scholl-schule.eu\/index.php?rest_route=\/wp\/v2\/posts"}],"about":[{"href":"https:\/\/sophie-scholl-schule.eu\/index.php?rest_route=\/wp\/v2\/types\/post"}],"author":[{"embeddable":true,"href":"https:\/\/sophie-scholl-schule.eu\/index.php?rest_route=\/wp\/v2\/users\/1"}],"replies":[{"embeddable":true,"href":"https:\/\/sophie-scholl-schule.eu\/index.php?rest_route=%2Fwp%2Fv2%2Fcomments&post=3223"}],"version-history":[{"count":1,"href":"https:\/\/sophie-scholl-schule.eu\/index.php?rest_route=\/wp\/v2\/posts\/3223\/revisions"}],"predecessor-version":[{"id":4564,"href":"https:\/\/sophie-scholl-schule.eu\/index.php?rest_route=\/wp\/v2\/posts\/3223\/revisions\/4564"}],"wp:attachment":[{"href":"https:\/\/sophie-scholl-schule.eu\/index.php?rest_route=%2Fwp%2Fv2%2Fmedia&parent=3223"}],"wp:term":[{"taxonomy":"category","embeddable":true,"href":"https:\/\/sophie-scholl-schule.eu\/index.php?rest_route=%2Fwp%2Fv2%2Fcategories&post=3223"},{"taxonomy":"post_tag","embeddable":true,"href":"https:\/\/sophie-scholl-schule.eu\/index.php?rest_route=%2Fwp%2Fv2%2Ftags&post=3223"}],"curies":[{"name":"wp","href":"https:\/\/api.w.org\/{rel}","templated":true}]}}