{"id":2946,"date":"2019-03-25T14:30:57","date_gmt":"2019-03-25T14:30:57","guid":{"rendered":"https:\/\/sophie-scholl-schule.eu\/?p=2946"},"modified":"2024-11-05T11:38:02","modified_gmt":"2024-11-05T11:38:02","slug":"journee-decouverte-au-ministere-du-travail","status":"publish","type":"post","link":"https:\/\/sophie-scholl-schule.eu\/?p=2946","title":{"rendered":"Journ\u00e9e d\u00e9couverte au Minist\u00e8re du Travail"},"content":{"rendered":"<h4><strong>Journ\u00e9e d\u00e9couverte au Minist\u00e8re du Travail et des affaires sociales pour les classes 12 de la SESB<\/strong><\/h4>\n<h4><strong><em>Entdeckungstag am Bundesministerium f\u00fcr Arbeit und Soziales f\u00fcr den LK aus dem 12. Jahrgang der SESB<\/em><\/strong><\/h4>\n<p><img loading=\"lazy\" decoding=\"async\" class=\"img-responsive size-full wp-image-2945\" src=\"https:\/\/sophie-scholl-schule.eu\/wp-content\/uploads\/2019\/03\/D3S3408.JPG\" alt=\" D3S3408\" width=\"2000\" height=\"1331\" srcset=\"https:\/\/sophie-scholl-schule.eu\/wp-content\/uploads\/2019\/03\/D3S3408.JPG 2000w, https:\/\/sophie-scholl-schule.eu\/wp-content\/uploads\/2019\/03\/D3S3408-300x200.jpg 300w, https:\/\/sophie-scholl-schule.eu\/wp-content\/uploads\/2019\/03\/D3S3408-1030x685.jpg 1030w, https:\/\/sophie-scholl-schule.eu\/wp-content\/uploads\/2019\/03\/D3S3408-768x511.jpg 768w, https:\/\/sophie-scholl-schule.eu\/wp-content\/uploads\/2019\/03\/D3S3408-1536x1022.jpg 1536w, https:\/\/sophie-scholl-schule.eu\/wp-content\/uploads\/2019\/03\/D3S3408-1500x998.jpg 1500w, https:\/\/sophie-scholl-schule.eu\/wp-content\/uploads\/2019\/03\/D3S3408-705x469.jpg 705w\" sizes=\"auto, (max-width: 2000px) 100vw, 2000px\" \/><\/p>\n<p><!--more--><\/p>\n<p>&nbsp;<\/p>\n<table cellpadding=\"10\">\n<tbody>\n<tr>\n<td>\n<p>Le mercredi 20 mars, les \u00e9l\u00e8ves de la classe 12 ont \u00e9t\u00e9 invit\u00e9s au Minist\u00e8re du Travail et des affaires sociales dans le cadre des journ\u00e9es d\u00e9couvertes, organis\u00e9es par l\u2019OFAJ.<\/p>\n<p>Un programme riche et vari\u00e9 leur a \u00e9t\u00e9 propos\u00e9: apr\u00e8s l\u2019allocution du Secr\u00e9taire g\u00e9n\u00e9ral de l\u2019OFAJ, M. Tobias B\u00fctow, les \u00e9l\u00e8ves ont eu la possibilit\u00e9 de s\u2019entretenir avec le Secr\u00e9taire g\u00e9n\u00e9ral Dr. Rolf Schmachtenberg dont le plaidoyer en faveur de l\u2019Europe a ravi les \u00e9l\u00e8ves. Tr\u00e8s fr\u00e9quemment, des comparaisons avec la France ont fait l\u2019objet des discussions.<\/p>\n<p>Dans un deuxi\u00e8me temps, Mme Sabine Kohl, responsable du service de traduction et d\u2019interpr\u00e9tariat au Minist\u00e8re a pr\u00e9sent\u00e9 ses t\u00e2ches dans toute leur diversit\u00e9. Les exemples concrets ainsi que la pr\u00e9sentation de perspectives d\u2019emploi dans un Minist\u00e8re \u2013 tourn\u00e9 vers l\u2019international a permis de montrer aux \u00e9l\u00e8ves que leur cursus pr\u00e9sentait de belles perspectives d\u2019avenir.<\/p>\n<p>L\u2019encadrement de cette journ\u00e9e, assur\u00e9 par Mme Leonie Schmale de l\u2019OFAJ a largement contribu\u00e9 \u00e0 la r\u00e9ussite de cette apr\u00e8s-midi.<\/p>\n<\/td>\n<td>\n<p>Am Mittwoch 20. M\u00e4rz folgten die Sch\u00fcler*innen aus dem 12. Jahrgang einer Einladung ins Bundesministerium f\u00fcr Arbeit und Soziales; diese fand im Rahmen der vom DFJW gestalteten Entdeckungstage statt.<\/p>\n<p>Das inhaltlich reichhaltige und vielf\u00e4ltige Programm begann mit einer Ansprache vom Generalsekret\u00e4r des DFJW, Herrn Tobias B\u00fctow.<\/p>\n<p>Anschlie\u00dfend hatten die Sch\u00fcler*innen die M\u00f6glichkeit, sich mit Staatssekret\u00e4r Herrn Dr. Rolf Schmachtenberg zu unterhalten. Der \u00fcberzeugte Europ\u00e4er, in Aachen geboren, bezog sich h\u00e4ufig auf Frankreich und erweckte somit ein besonders gro\u00dfes Interesse bei den Sch\u00fcler*innen aus der SESB.<\/p>\n<p>Im 2. Teil des Entdeckungstages sprach Frau Sabine Kohl, die f\u00fcr den Sprachendienst am Ministerium zust\u00e4ndig ist, \u00fcber ihre T\u00e4tigkeit. Sie brachte konkrete Beispiele aus der Praxis mit und schilderte somit den Sch\u00fcler*innen aus der SESB welche M\u00f6glichkeiten und Zukunftsperspektiven diese mit dem Besuch der bilingualen Klassen haben.<\/p>\n<p>Die Organisation des Entdeckungstages, welche durch Frau Leonie Schmale aus dem DFJW gestaltet wurde, trug dem gro\u00dfen Erfolg des Nachmittags bei.<\/p>\n<\/td>\n<\/tr>\n<\/tbody>\n<\/table>\n","protected":false},"excerpt":{"rendered":"<p>Journ\u00e9e d\u00e9couverte au Minist\u00e8re du Travail et des affaires sociales pour les classes 12 de la SESB Entdeckungstag am Bundesministerium f\u00fcr Arbeit und Soziales f\u00fcr den LK aus dem 12. Jahrgang der SESB<\/p>\n","protected":false},"author":1,"featured_media":2945,"comment_status":"closed","ping_status":"","sticky":false,"template":"","format":"standard","meta":{"footnotes":""},"categories":[188,146,1],"tags":[],"class_list":["post-2946","post","type-post","status-publish","format-standard","has-post-thumbnail","hentry","category-aktuelles-startseite","category-sesb","category-uncategorized"],"_links":{"self":[{"href":"https:\/\/sophie-scholl-schule.eu\/index.php?rest_route=\/wp\/v2\/posts\/2946","targetHints":{"allow":["GET"]}}],"collection":[{"href":"https:\/\/sophie-scholl-schule.eu\/index.php?rest_route=\/wp\/v2\/posts"}],"about":[{"href":"https:\/\/sophie-scholl-schule.eu\/index.php?rest_route=\/wp\/v2\/types\/post"}],"author":[{"embeddable":true,"href":"https:\/\/sophie-scholl-schule.eu\/index.php?rest_route=\/wp\/v2\/users\/1"}],"replies":[{"embeddable":true,"href":"https:\/\/sophie-scholl-schule.eu\/index.php?rest_route=%2Fwp%2Fv2%2Fcomments&post=2946"}],"version-history":[{"count":1,"href":"https:\/\/sophie-scholl-schule.eu\/index.php?rest_route=\/wp\/v2\/posts\/2946\/revisions"}],"predecessor-version":[{"id":4669,"href":"https:\/\/sophie-scholl-schule.eu\/index.php?rest_route=\/wp\/v2\/posts\/2946\/revisions\/4669"}],"wp:featuredmedia":[{"embeddable":true,"href":"https:\/\/sophie-scholl-schule.eu\/index.php?rest_route=\/wp\/v2\/media\/2945"}],"wp:attachment":[{"href":"https:\/\/sophie-scholl-schule.eu\/index.php?rest_route=%2Fwp%2Fv2%2Fmedia&parent=2946"}],"wp:term":[{"taxonomy":"category","embeddable":true,"href":"https:\/\/sophie-scholl-schule.eu\/index.php?rest_route=%2Fwp%2Fv2%2Fcategories&post=2946"},{"taxonomy":"post_tag","embeddable":true,"href":"https:\/\/sophie-scholl-schule.eu\/index.php?rest_route=%2Fwp%2Fv2%2Ftags&post=2946"}],"curies":[{"name":"wp","href":"https:\/\/api.w.org\/{rel}","templated":true}]}}