{"id":2845,"date":"2018-09-18T16:42:16","date_gmt":"2018-09-18T16:42:16","guid":{"rendered":"https:\/\/sophie-scholl-schule.eu\/?p=2845"},"modified":"2024-10-31T13:17:12","modified_gmt":"2024-10-31T13:17:12","slug":"tonali-ein-klassik-musik-projekt","status":"publish","type":"post","link":"https:\/\/sophie-scholl-schule.eu\/?p=2845","title":{"rendered":"TONALi &#8211; ein Klassik-Musik-Projekt"},"content":{"rendered":"<p><img loading=\"lazy\" decoding=\"async\" class=\" size-full wp-image-2844\" src=\"https:\/\/sophie-scholl-schule.eu\/wp-content\/uploads\/2018\/09\/Tonali-SSO.jpeg\" alt=\"Tonali SSO\" width=\"749\" height=\"459\" srcset=\"https:\/\/sophie-scholl-schule.eu\/wp-content\/uploads\/2018\/09\/Tonali-SSO.jpeg 749w, https:\/\/sophie-scholl-schule.eu\/wp-content\/uploads\/2018\/09\/Tonali-SSO-300x184.jpeg 300w, https:\/\/sophie-scholl-schule.eu\/wp-content\/uploads\/2018\/09\/Tonali-SSO-705x432.jpeg 705w\" sizes=\"auto, (max-width: 749px) 100vw, 749px\" \/><\/p>\n<p><!--more--><\/p>\n<p>&nbsp;<\/p>\n<p>TONALi- ein Projekt um junge Sch\u00fcler in die Welt der Klassik und<br \/>des Projektmanagement einzuf\u00fchren. Denn unsere Generation bringt es zu noch viel<br \/>mehr, als uns Musiker nur von hinter dem Bildschirm anzugucken. Wir gehen hinter<br \/>die Kulissen! Aber es ist noch weit mehr als das.<br \/>TONALi bedeutet Verantwortung. Verantwortung, Kommunikation, Koordination und<br \/>eine Menge Spa\u00df wenn das Geplante gelingt. Doch lasst uns erstmal von vorne<br \/>anfangen, denn aus was besteht dieses \u201eTONALi\u201c \u00fcberhaupt?<br \/>Gegr\u00fcndet wurde TONALi 2009 von zwei diplomierten Cellisten als ein<br \/>Instrumentalwettbewerb, der sich schnell zu etwas noch viel Gr\u00f6\u00dferem entwickelt hat.<br \/>Jedes Jahr nehmen ein paar ausgew\u00e4hlte Schulen daran teil. Ihnen werden junge<br \/>Musiker vorgestellt und zugeteilt, die teilweise schon auf der ganzen Welt aufgetreten<br \/>sind und zusammen mit ihnen werden sie f\u00fcr sie ein Konzert planen, aufbauen, und<br \/>schlussendlich bei zwei Konzerten vorf\u00fchren. Das Besondere daran: allein die Sch\u00fcler<br \/>planen wie, wo und wann was passiert. Von der K\u00fcnstlerbetreuung \u00fcber das<br \/>Projektmanagement bis hin zur Pressearbeit.<br \/>Mittlerweile erfreut sich nicht nur Deutschland, sondern auch L\u00e4nder auf anderen<br \/>Kontinenten, wie z.B. China an dem Projekt.<br \/>Und dieses Jahr findet das Projekt zum ersten Mal \u00fcberhaupt in Berlin statt und wir<br \/>d\u00fcrfen daran teilnehmen, die Sch\u00fcler der Sophie-Scholl-Schule in Tempelhof-<br \/>Sch\u00f6neberg. Zusammen mit der wunderbaren Cellistin Ildik\u00f3 Szab\u00f3 nehmen wir zwei<br \/>Konzerte in Angriff, die jeweils am 04. Oktober 2018 in unserer Aula und am 22.<br \/>November 2018 im Konzertsaal der UdK Berlin, dieses Mal zusammen mit zwei<br \/>anderen \u201eTonalisten\u201c und der magdeburgischen Philharmonie, stattfinden wird. Wir<br \/>laden euch herzlich ein unser Schulkonzert am 04.10 um 19:00 f\u00fcr nur 3\u20ac zu besuchen<br \/>und wer wei\u00df, vielleicht gef\u00e4llt euch das, was ihr h\u00f6rt ja so gut, dass ihr gleich ein<br \/>Ticket f\u00fcr das noch gr\u00f6\u00dfere Konzert in der UdK ergattern wollt.<\/p>\n<p>Mit viel Engagement,<br \/>die Sch\u00fcler der Sophie-Scholl-Schule<\/p>\n<p>&nbsp;<\/p>\n","protected":false},"excerpt":{"rendered":"","protected":false},"author":1,"featured_media":2844,"comment_status":"closed","ping_status":"","sticky":false,"template":"","format":"standard","meta":{"footnotes":""},"categories":[188,1],"tags":[],"class_list":["post-2845","post","type-post","status-publish","format-standard","has-post-thumbnail","hentry","category-aktuelles-startseite","category-uncategorized"],"_links":{"self":[{"href":"https:\/\/sophie-scholl-schule.eu\/index.php?rest_route=\/wp\/v2\/posts\/2845","targetHints":{"allow":["GET"]}}],"collection":[{"href":"https:\/\/sophie-scholl-schule.eu\/index.php?rest_route=\/wp\/v2\/posts"}],"about":[{"href":"https:\/\/sophie-scholl-schule.eu\/index.php?rest_route=\/wp\/v2\/types\/post"}],"author":[{"embeddable":true,"href":"https:\/\/sophie-scholl-schule.eu\/index.php?rest_route=\/wp\/v2\/users\/1"}],"replies":[{"embeddable":true,"href":"https:\/\/sophie-scholl-schule.eu\/index.php?rest_route=%2Fwp%2Fv2%2Fcomments&post=2845"}],"version-history":[{"count":1,"href":"https:\/\/sophie-scholl-schule.eu\/index.php?rest_route=\/wp\/v2\/posts\/2845\/revisions"}],"predecessor-version":[{"id":4691,"href":"https:\/\/sophie-scholl-schule.eu\/index.php?rest_route=\/wp\/v2\/posts\/2845\/revisions\/4691"}],"wp:featuredmedia":[{"embeddable":true,"href":"https:\/\/sophie-scholl-schule.eu\/index.php?rest_route=\/wp\/v2\/media\/2844"}],"wp:attachment":[{"href":"https:\/\/sophie-scholl-schule.eu\/index.php?rest_route=%2Fwp%2Fv2%2Fmedia&parent=2845"}],"wp:term":[{"taxonomy":"category","embeddable":true,"href":"https:\/\/sophie-scholl-schule.eu\/index.php?rest_route=%2Fwp%2Fv2%2Fcategories&post=2845"},{"taxonomy":"post_tag","embeddable":true,"href":"https:\/\/sophie-scholl-schule.eu\/index.php?rest_route=%2Fwp%2Fv2%2Ftags&post=2845"}],"curies":[{"name":"wp","href":"https:\/\/api.w.org\/{rel}","templated":true}]}}