{"id":2802,"date":"2018-06-30T10:22:59","date_gmt":"2018-06-30T10:22:59","guid":{"rendered":"https:\/\/sophie-scholl-schule.eu\/?p=2802"},"modified":"2024-10-31T13:17:12","modified_gmt":"2024-10-31T13:17:12","slug":"globale-bildungskampagne","status":"publish","type":"post","link":"https:\/\/sophie-scholl-schule.eu\/?p=2802","title":{"rendered":"Globale Bildungskampagne"},"content":{"rendered":"<p>Im Rahmen einer Veranstaltung der \u201eGlobalen Bildungskampagne\u201c, einer Organisation, die sich f\u00fcr das Recht auf Bildung in Entwicklungsl\u00e4ndern einsetzt, nahmen die Sch\u00fclerinnen und Sch\u00fcler der Klasse 1023 an einer Zusammenkunft zwischen mehreren Bundestagsabgeordneten, Sch\u00fclern, Kampagneleitern, Frau Bogensch\u00fctz und Herrn Wedler am 07.06.2018 teil.<\/p>\n<p><!--more--><\/p>\n<p>Die Veranstaltung fand vor dem Reichstag statt und verlief in der Form eines World Caf\u00e9s. Das hei\u00dft, auf 4 Tischen verteilt lagen Fragen, welche die Sch\u00fclerinnen und Sch\u00fcler gemeinsam mit den Politikerinnen und Politikern besprechen sollten. Die zentrale Fragestellung lautete : Warum sollte Deutschland in \u00e4rmeren L\u00e4nder mehr Geld in Bildung investieren? Zum Ende konnten wir sie noch Fragen abseits von diesem Thema stellen.<\/p>\n<p>&nbsp;<\/p>\n<p><img loading=\"lazy\" decoding=\"async\" class=\" size-full wp-image-2799\" src=\"https:\/\/sophie-scholl-schule.eu\/wp-content\/uploads\/2018\/06\/bildungskampagne.jpg\" alt=\"bildungskampagne\" width=\"801\" height=\"534\" srcset=\"https:\/\/sophie-scholl-schule.eu\/wp-content\/uploads\/2018\/06\/bildungskampagne.jpg 800w, https:\/\/sophie-scholl-schule.eu\/wp-content\/uploads\/2018\/06\/bildungskampagne-300x200.jpg 300w, https:\/\/sophie-scholl-schule.eu\/wp-content\/uploads\/2018\/06\/bildungskampagne-768x512.jpg 768w, https:\/\/sophie-scholl-schule.eu\/wp-content\/uploads\/2018\/06\/bildungskampagne-705x470.jpg 705w\" sizes=\"auto, (max-width: 801px) 100vw, 801px\" \/><\/p>\n<p><img loading=\"lazy\" decoding=\"async\" class=\" size-full wp-image-2800\" src=\"https:\/\/sophie-scholl-schule.eu\/wp-content\/uploads\/2018\/06\/Sophie-Scholl-Schule_Making_Of_IMG_8039.JPG\" alt=\"Sophie Scholl Schule Making Of IMG 8039\" width=\"800\" height=\"599\" srcset=\"https:\/\/sophie-scholl-schule.eu\/wp-content\/uploads\/2018\/06\/Sophie-Scholl-Schule_Making_Of_IMG_8039.JPG 1280w, https:\/\/sophie-scholl-schule.eu\/wp-content\/uploads\/2018\/06\/Sophie-Scholl-Schule_Making_Of_IMG_8039-300x225.jpg 300w, https:\/\/sophie-scholl-schule.eu\/wp-content\/uploads\/2018\/06\/Sophie-Scholl-Schule_Making_Of_IMG_8039-1030x773.jpg 1030w, https:\/\/sophie-scholl-schule.eu\/wp-content\/uploads\/2018\/06\/Sophie-Scholl-Schule_Making_Of_IMG_8039-768x576.jpg 768w, https:\/\/sophie-scholl-schule.eu\/wp-content\/uploads\/2018\/06\/Sophie-Scholl-Schule_Making_Of_IMG_8039-705x529.jpg 705w\" sizes=\"auto, (max-width: 800px) 100vw, 800px\" \/><\/p>\n<p><img loading=\"lazy\" decoding=\"async\" class=\" size-full wp-image-2801\" src=\"https:\/\/sophie-scholl-schule.eu\/wp-content\/uploads\/2018\/06\/HKW_Abschlussveranstaltung_14_Juni_2018.JPG\" alt=\"HKW Abschlussveranstaltung 14 Juni 2018\" width=\"801\" height=\"1067\" srcset=\"https:\/\/sophie-scholl-schule.eu\/wp-content\/uploads\/2018\/06\/HKW_Abschlussveranstaltung_14_Juni_2018.JPG 1536w, https:\/\/sophie-scholl-schule.eu\/wp-content\/uploads\/2018\/06\/HKW_Abschlussveranstaltung_14_Juni_2018-225x300.jpg 225w, https:\/\/sophie-scholl-schule.eu\/wp-content\/uploads\/2018\/06\/HKW_Abschlussveranstaltung_14_Juni_2018-773x1030.jpg 773w, https:\/\/sophie-scholl-schule.eu\/wp-content\/uploads\/2018\/06\/HKW_Abschlussveranstaltung_14_Juni_2018-768x1024.jpg 768w, https:\/\/sophie-scholl-schule.eu\/wp-content\/uploads\/2018\/06\/HKW_Abschlussveranstaltung_14_Juni_2018-1152x1536.jpg 1152w, https:\/\/sophie-scholl-schule.eu\/wp-content\/uploads\/2018\/06\/HKW_Abschlussveranstaltung_14_Juni_2018-1125x1500.jpg 1125w, https:\/\/sophie-scholl-schule.eu\/wp-content\/uploads\/2018\/06\/HKW_Abschlussveranstaltung_14_Juni_2018-529x705.jpg 529w\" sizes=\"auto, (max-width: 801px) 100vw, 801px\" \/><br \/>Das Veranstaltung war sehr interessant, vor allem die Unterhaltungen mit den Politikerinnen und Politikern und deren unterschiedlichen Ansichten. Unter anderem hat es uns sehr gefallen, dass wir den Abgeordneten direkt Fragen stellen konnten, z.B. warum sie nicht nach besten Wissen und Gewissen abstimmten, sondern immer wie ihre Fraktion. Als nicht gelungen empfanden wir, dass nicht von jeder Partei ein Abgeordneter Zeit f\u00fcr uns gefunden hat. So waren zwei Politiker der FDP sowie jeweils eine Politikerin der Gr\u00fcnen sowie ein Politiker der SPD. Uns h\u00e4tte aber auch die Meinung der Partei die Linke sowie speziell der AfD interessiert, sie h\u00e4tten noch mehr Schwung in die Debatte gebracht und die Sch\u00fclerinnen und Sch\u00fcler h\u00e4tten ein breiteres Meinungsfeld zu diesem Themenfeld kennengelernt.<br \/>Au\u00dferdem waren manche Diskussionen nicht zielf\u00fchrend, da die Abgeordneten unsere Fragen h\u00e4ufig umgangen haben. Dies fanden wir alle sehr schade. Die Abgeordneten mussten dann auch relativ fr\u00fch gehen, da sie zur namentlichen Abstimmung zum Familienr\u00fcckzug von Fl\u00fcchtlingen pr\u00e4sent sein mussten.<br \/>Anschlie\u00dfend gaben zwei Sch\u00fcler unserer Klasse, Johannes und Faustino noch ein Fernsehinterview, in dem allgemeine Fragen zum Event gestellt wurden.<br \/>Felix Serrier und Faustino von Maxen<\/p>\n","protected":false},"excerpt":{"rendered":"<p>Im Rahmen einer Veranstaltung der \u201eGlobalen Bildungskampagne\u201c, einer Organisation, die sich f\u00fcr das Recht auf Bildung in Entwicklungsl\u00e4ndern einsetzt, nahmen die Sch\u00fclerinnen und Sch\u00fcler der Klasse 1023 an einer Zusammenkunft zwischen mehreren Bundestagsabgeordneten, Sch\u00fclern, Kampagneleitern, Frau Bogensch\u00fctz und Herrn Wedler am 07.06.2018 teil.<\/p>\n","protected":false},"author":1,"featured_media":2799,"comment_status":"closed","ping_status":"","sticky":false,"template":"","format":"standard","meta":{"footnotes":""},"categories":[188,1],"tags":[],"class_list":["post-2802","post","type-post","status-publish","format-standard","has-post-thumbnail","hentry","category-aktuelles-startseite","category-uncategorized"],"_links":{"self":[{"href":"https:\/\/sophie-scholl-schule.eu\/index.php?rest_route=\/wp\/v2\/posts\/2802","targetHints":{"allow":["GET"]}}],"collection":[{"href":"https:\/\/sophie-scholl-schule.eu\/index.php?rest_route=\/wp\/v2\/posts"}],"about":[{"href":"https:\/\/sophie-scholl-schule.eu\/index.php?rest_route=\/wp\/v2\/types\/post"}],"author":[{"embeddable":true,"href":"https:\/\/sophie-scholl-schule.eu\/index.php?rest_route=\/wp\/v2\/users\/1"}],"replies":[{"embeddable":true,"href":"https:\/\/sophie-scholl-schule.eu\/index.php?rest_route=%2Fwp%2Fv2%2Fcomments&post=2802"}],"version-history":[{"count":1,"href":"https:\/\/sophie-scholl-schule.eu\/index.php?rest_route=\/wp\/v2\/posts\/2802\/revisions"}],"predecessor-version":[{"id":4701,"href":"https:\/\/sophie-scholl-schule.eu\/index.php?rest_route=\/wp\/v2\/posts\/2802\/revisions\/4701"}],"wp:featuredmedia":[{"embeddable":true,"href":"https:\/\/sophie-scholl-schule.eu\/index.php?rest_route=\/wp\/v2\/media\/2799"}],"wp:attachment":[{"href":"https:\/\/sophie-scholl-schule.eu\/index.php?rest_route=%2Fwp%2Fv2%2Fmedia&parent=2802"}],"wp:term":[{"taxonomy":"category","embeddable":true,"href":"https:\/\/sophie-scholl-schule.eu\/index.php?rest_route=%2Fwp%2Fv2%2Fcategories&post=2802"},{"taxonomy":"post_tag","embeddable":true,"href":"https:\/\/sophie-scholl-schule.eu\/index.php?rest_route=%2Fwp%2Fv2%2Ftags&post=2802"}],"curies":[{"name":"wp","href":"https:\/\/api.w.org\/{rel}","templated":true}]}}