{"id":2792,"date":"2018-06-18T14:20:35","date_gmt":"2018-06-18T14:20:35","guid":{"rendered":"https:\/\/sophie-scholl-schule.eu\/?p=2792"},"modified":"2024-10-31T13:17:12","modified_gmt":"2024-10-31T13:17:12","slug":"schools-of-tomorrow","status":"publish","type":"post","link":"https:\/\/sophie-scholl-schule.eu\/?p=2792","title":{"rendered":"Schools of Tomorrow"},"content":{"rendered":"<h4>Preisverleihung des Ideenwettbewerbs \u201eSchools of Tomorrow\u201c vom <br \/>Haus der Kulturen der Welt und dem Bundespr\u00e4sidenten<\/h4>\n<p>Am 14.06.2018 waren wir, der Deutsch-GR-Kurs 823\/824, zusammen mit Fr. Salzer, Fr. Arndt und Fr. Sch\u00fctz beim Finale des \u201eSchools of Tomorrow-Festivals\u201c im Haus der Kulturen der Welt. Mit einer Klassenzeitung zum Thema \u201eSchule der Zukunft\u201c und dem Titel \u201eSchule, die keine Grenzen kennt\u201c wurden wir unter den besten f\u00fcnf Beitr\u00e4gen der Altersgruppe 10-14 Jahre f\u00fcr den Hauptpreis nominiert. Man konnte eine Reise nach Hamburg in die Redaktion der Zeitung \u201eDie Zeit\u201c gewinnen.<br \/>\n<!--more--><br \/>\n<br \/>Eingeschickt wurden 220 Beitr\u00e4ge aus 27 verschiedenen L\u00e4ndern. Die Sch\u00fclerinnen und Sch\u00fcler forderten \u00fcberall auf der Welt \u00e4hnliche Dinge f\u00fcr die Zukunft: eine angstfreie, technisch gut ausgestattete, saubere und demokratische Schule. Aus allen Forderungen wurde ein Manifest verfasst, das auf der Preisverleihung verlesen wurde. Unsere Ideen reichten von Robotern in der Mensa bis hin zum smarten Essen und einem selbstgestaltbaren Stundenplan oder Gleitzeit-Unterricht.<\/p>\n<p>{gallery}aktuelles\/galleries\/sot,limit=0,random=1,width=200,height=150,gap_h=10,gap_v=10{\/gallery}<\/p>\n<p>Nach der 6. Stunde fuhren wir gemeinsam zum Schloss Bellevue und liefen zum Haus der Kulturen der Welt. Zun\u00e4chst konnten wir uns die Ausstellung und die Ergebnisse der Projekte zum \u201eSchool of Tomorrow Festival\u201c bewundern. Da die Organisation etwas chaotisch war, konnten einige von uns sehen, wie der Bundespr\u00e4sident und seine Frau in einer Limousine angefahren kamen. Aus Sicherheitsgr\u00fcnden durften wir nicht zum selben Zeitpunkt wie er im Foyer sein und warteten bis er seinen Rundgang gemacht hatte. Wir fanden uns in einem gro\u00dfen Saal zusammen, wo alle nominierten Projekte auf einer Leinwand gezeigt wurden. Dann hielt der Bundespr\u00e4sident die Er\u00f6ffnungsrede und die Jury \u00fcberreichte die Preise. Leider haben wir nicht den Hauptpreis gewonnen, bekommen aber dennoch eine Urkunde.<\/p>\n<p>Weitere Informationen zu unserem Beitrag und der Bewertung durch die Jury finden sich unter:<\/p>\n<p><a href=\"https:\/\/www.hkw.de\/de\/programm\/projekte\/2017\/schools_of_tomorrow\/ideenwettbewerb\/unsere_schule_ideenwettbewerb_2018.php\" target=\"_blank\" rel=\"noopener\">https:\/\/www.hkw.de\/de\/programm\/projekte\/2017\/schools_of_tomorrow\/ideenwettbewerb\/unsere_schule_ideenwettbewerb_2018.php<\/a><\/p>\n","protected":false},"excerpt":{"rendered":"<p>Preisverleihung des Ideenwettbewerbs \u201eSchools of Tomorrow\u201c vom Haus der Kulturen der Welt und dem Bundespr\u00e4sidenten Am 14.06.2018 waren wir, der Deutsch-GR-Kurs 823\/824, zusammen mit Fr. Salzer, Fr. Arndt und Fr. Sch\u00fctz beim Finale des \u201eSchools of Tomorrow-Festivals\u201c im Haus der Kulturen der Welt. Mit einer Klassenzeitung zum Thema \u201eSchule der Zukunft\u201c und dem Titel \u201eSchule, [&hellip;]<\/p>\n","protected":false},"author":1,"featured_media":0,"comment_status":"closed","ping_status":"","sticky":false,"template":"","format":"standard","meta":{"footnotes":""},"categories":[188,1],"tags":[],"class_list":["post-2792","post","type-post","status-publish","format-standard","hentry","category-aktuelles-startseite","category-uncategorized"],"_links":{"self":[{"href":"https:\/\/sophie-scholl-schule.eu\/index.php?rest_route=\/wp\/v2\/posts\/2792","targetHints":{"allow":["GET"]}}],"collection":[{"href":"https:\/\/sophie-scholl-schule.eu\/index.php?rest_route=\/wp\/v2\/posts"}],"about":[{"href":"https:\/\/sophie-scholl-schule.eu\/index.php?rest_route=\/wp\/v2\/types\/post"}],"author":[{"embeddable":true,"href":"https:\/\/sophie-scholl-schule.eu\/index.php?rest_route=\/wp\/v2\/users\/1"}],"replies":[{"embeddable":true,"href":"https:\/\/sophie-scholl-schule.eu\/index.php?rest_route=%2Fwp%2Fv2%2Fcomments&post=2792"}],"version-history":[{"count":1,"href":"https:\/\/sophie-scholl-schule.eu\/index.php?rest_route=\/wp\/v2\/posts\/2792\/revisions"}],"predecessor-version":[{"id":4705,"href":"https:\/\/sophie-scholl-schule.eu\/index.php?rest_route=\/wp\/v2\/posts\/2792\/revisions\/4705"}],"wp:attachment":[{"href":"https:\/\/sophie-scholl-schule.eu\/index.php?rest_route=%2Fwp%2Fv2%2Fmedia&parent=2792"}],"wp:term":[{"taxonomy":"category","embeddable":true,"href":"https:\/\/sophie-scholl-schule.eu\/index.php?rest_route=%2Fwp%2Fv2%2Fcategories&post=2792"},{"taxonomy":"post_tag","embeddable":true,"href":"https:\/\/sophie-scholl-schule.eu\/index.php?rest_route=%2Fwp%2Fv2%2Ftags&post=2792"}],"curies":[{"name":"wp","href":"https:\/\/api.w.org\/{rel}","templated":true}]}}