{"id":2657,"date":"2017-07-05T10:09:14","date_gmt":"2017-07-05T10:09:14","guid":{"rendered":"https:\/\/sophie-scholl-schule.eu\/?p=2657"},"modified":"2024-10-31T13:17:31","modified_gmt":"2024-10-31T13:17:31","slug":"auszeichnung-schueler-schulen-schueler","status":"publish","type":"post","link":"https:\/\/sophie-scholl-schule.eu\/?p=2657","title":{"rendered":"Auszeichnung &#8211; Sch\u00fcler schulen Sch\u00fcler"},"content":{"rendered":"<p>&nbsp;<\/p>\n<p style=\"margin-bottom: 0cm; font-weight: normal;\"><span style=\"font-family: Open Sans,sans-serif;\"><img loading=\"lazy\" decoding=\"async\" class=\" alignleft size-full wp-image-2655\" src=\"https:\/\/sophie-scholl-schule.eu\/wp-content\/uploads\/2017\/07\/IMG_20170621_092727.jpg\" alt=\"IMG 20170621 092727\" style=\"margin-right: 10px; float: left;\" width=\"363\" height=\"104\" srcset=\"https:\/\/sophie-scholl-schule.eu\/wp-content\/uploads\/2017\/07\/IMG_20170621_092727.jpg 1712w, https:\/\/sophie-scholl-schule.eu\/wp-content\/uploads\/2017\/07\/IMG_20170621_092727-300x86.jpg 300w, https:\/\/sophie-scholl-schule.eu\/wp-content\/uploads\/2017\/07\/IMG_20170621_092727-1030x295.jpg 1030w, https:\/\/sophie-scholl-schule.eu\/wp-content\/uploads\/2017\/07\/IMG_20170621_092727-768x220.jpg 768w, https:\/\/sophie-scholl-schule.eu\/wp-content\/uploads\/2017\/07\/IMG_20170621_092727-1536x441.jpg 1536w, https:\/\/sophie-scholl-schule.eu\/wp-content\/uploads\/2017\/07\/IMG_20170621_092727-1500x430.jpg 1500w, https:\/\/sophie-scholl-schule.eu\/wp-content\/uploads\/2017\/07\/IMG_20170621_092727-705x202.jpg 705w\" sizes=\"auto, (max-width: 363px) 100vw, 363px\" \/>Das Schulprojekt \u201eSch\u00fcler schulen Sch\u00fcler\u201c zum Thema \u201eRassismus\u201c wurde am 19. Juni 2017 mit dem Preis des \u201eB\u00fcndnis f\u00fcr Demokratie und Toleranz \u2013 gegen Extremismus und Gewalt\u201c im Roten Rathaus ausgezeichnet. Die Urkunde wurde von Sch\u00fclern&nbsp;<span style=\"font-family: Open Sans,sans-serif;\">Zoe D\u00f6ller und Lino Hunger<\/span> des 13. Jahrgangs entgegen genommen. Die Beiden standen auch zur Beantwortung von Fragen auf der B\u00fchne. Die Auszeichnung erfolgte f\u00fcr erfolgreiche \u00fcbertragbare zivilgesellschaftliche Aktivit\u00e4ten f\u00fcr eine lebendige und demokratische Gesellschaft. Als Preistr\u00e4ger erhielten wir 1000,-<span style=\"font-family: Open Sans,sans-serif;\">\u20ac<\/span>. <\/span><\/p>\n<p style=\"margin-bottom: 0cm;\">\u201e<span style=\"font-family: Open Sans,sans-serif;\"><strong>Gute Projekte sollen Schule machen und zum Nachahmen anregen\u201c<\/strong><\/span><\/p>\n<p>&nbsp;<\/p>\n<p><!--more--><\/p>\n<p>&nbsp;<\/p>\n<p><img loading=\"lazy\" decoding=\"async\" class=\" size-full wp-image-2656\" src=\"https:\/\/sophie-scholl-schule.eu\/wp-content\/uploads\/2017\/07\/urkunde.jpg\" alt=\"urkunde\" width=\"1000\" height=\"1333\" srcset=\"https:\/\/sophie-scholl-schule.eu\/wp-content\/uploads\/2017\/07\/urkunde.jpg 1000w, https:\/\/sophie-scholl-schule.eu\/wp-content\/uploads\/2017\/07\/urkunde-225x300.jpg 225w, https:\/\/sophie-scholl-schule.eu\/wp-content\/uploads\/2017\/07\/urkunde-773x1030.jpg 773w, https:\/\/sophie-scholl-schule.eu\/wp-content\/uploads\/2017\/07\/urkunde-768x1024.jpg 768w, https:\/\/sophie-scholl-schule.eu\/wp-content\/uploads\/2017\/07\/urkunde-529x705.jpg 529w\" sizes=\"auto, (max-width: 1000px) 100vw, 1000px\" \/><\/p>\n<p>&nbsp;<\/p>\n","protected":false},"excerpt":{"rendered":"<p>&nbsp; Das Schulprojekt \u201eSch\u00fcler schulen Sch\u00fcler\u201c zum Thema \u201eRassismus\u201c wurde am 19. Juni 2017 mit dem Preis des \u201eB\u00fcndnis f\u00fcr Demokratie und Toleranz \u2013 gegen Extremismus und Gewalt\u201c im Roten Rathaus ausgezeichnet. Die Urkunde wurde von Sch\u00fclern&nbsp;Zoe D\u00f6ller und Lino Hunger des 13. Jahrgangs entgegen genommen. Die Beiden standen auch zur Beantwortung von Fragen auf [&hellip;]<\/p>\n","protected":false},"author":1,"featured_media":2655,"comment_status":"closed","ping_status":"","sticky":false,"template":"","format":"standard","meta":{"footnotes":""},"categories":[188,1],"tags":[],"class_list":["post-2657","post","type-post","status-publish","format-standard","has-post-thumbnail","hentry","category-aktuelles-startseite","category-uncategorized"],"_links":{"self":[{"href":"https:\/\/sophie-scholl-schule.eu\/index.php?rest_route=\/wp\/v2\/posts\/2657","targetHints":{"allow":["GET"]}}],"collection":[{"href":"https:\/\/sophie-scholl-schule.eu\/index.php?rest_route=\/wp\/v2\/posts"}],"about":[{"href":"https:\/\/sophie-scholl-schule.eu\/index.php?rest_route=\/wp\/v2\/types\/post"}],"author":[{"embeddable":true,"href":"https:\/\/sophie-scholl-schule.eu\/index.php?rest_route=\/wp\/v2\/users\/1"}],"replies":[{"embeddable":true,"href":"https:\/\/sophie-scholl-schule.eu\/index.php?rest_route=%2Fwp%2Fv2%2Fcomments&post=2657"}],"version-history":[{"count":1,"href":"https:\/\/sophie-scholl-schule.eu\/index.php?rest_route=\/wp\/v2\/posts\/2657\/revisions"}],"predecessor-version":[{"id":4763,"href":"https:\/\/sophie-scholl-schule.eu\/index.php?rest_route=\/wp\/v2\/posts\/2657\/revisions\/4763"}],"wp:featuredmedia":[{"embeddable":true,"href":"https:\/\/sophie-scholl-schule.eu\/index.php?rest_route=\/wp\/v2\/media\/2655"}],"wp:attachment":[{"href":"https:\/\/sophie-scholl-schule.eu\/index.php?rest_route=%2Fwp%2Fv2%2Fmedia&parent=2657"}],"wp:term":[{"taxonomy":"category","embeddable":true,"href":"https:\/\/sophie-scholl-schule.eu\/index.php?rest_route=%2Fwp%2Fv2%2Fcategories&post=2657"},{"taxonomy":"post_tag","embeddable":true,"href":"https:\/\/sophie-scholl-schule.eu\/index.php?rest_route=%2Fwp%2Fv2%2Ftags&post=2657"}],"curies":[{"name":"wp","href":"https:\/\/api.w.org\/{rel}","templated":true}]}}