{"id":2654,"date":"2017-07-03T16:30:07","date_gmt":"2017-07-03T16:30:07","guid":{"rendered":"https:\/\/sophie-scholl-schule.eu\/?p=2654"},"modified":"2024-11-13T12:01:19","modified_gmt":"2024-11-13T12:01:19","slug":"l-abibac","status":"publish","type":"post","link":"https:\/\/sophie-scholl-schule.eu\/?p=2654","title":{"rendered":"L\u2019AbiBac 2017"},"content":{"rendered":"<p>L\u2019AbiBac : une belle r\u00e9ussite franco-allemande<\/p>\n<p>\u00catre titulaires d\u2019un double dipl\u00f4me, <em>l\u2019Abitur<\/em> et le baccalaur\u00e9at, c\u2019est ce qu\u2019ont r\u00e9ussi les \u00e9l\u00e8ves de la section SESB, \u00e0 l\u2019issue de leurs oraux \u00ab\u00a0\u00e0 la fran\u00e7aise\u00a0\u00bb.<\/p>\n<p>Parmi eux\u00a0: 5 mentions <em>tr\u00e8s bien<\/em>, 5 mentions <em>bien<\/em>, 7 mentions <em>assez bien<\/em><\/p>\n<p>L\u2019AbiBac, c\u2019est un examen qui tient compte des deux cultures, des deux p\u00e9dagogies, mais aussi une manifestation concr\u00e8te du rapprochement des deux pays et surtout un t\u00e9moignage de l\u2019amiti\u00e9 franco-allemande.<\/p>\n<p><img loading=\"lazy\" decoding=\"async\" class=\" alignleft size-full wp-image-2652\" style=\"float: left;\" src=\"https:\/\/sophie-scholl-schule.eu\/wp-content\/uploads\/2017\/07\/abibac1.jpg\" alt=\"abibac1\" width=\"507\" height=\"255\" srcset=\"https:\/\/sophie-scholl-schule.eu\/wp-content\/uploads\/2017\/07\/abibac1.jpg 1280w, https:\/\/sophie-scholl-schule.eu\/wp-content\/uploads\/2017\/07\/abibac1-300x151.jpg 300w, https:\/\/sophie-scholl-schule.eu\/wp-content\/uploads\/2017\/07\/abibac1-1030x518.jpg 1030w, https:\/\/sophie-scholl-schule.eu\/wp-content\/uploads\/2017\/07\/abibac1-768x386.jpg 768w, https:\/\/sophie-scholl-schule.eu\/wp-content\/uploads\/2017\/07\/abibac1-705x355.jpg 705w\" sizes=\"auto, (max-width: 507px) 100vw, 507px\" \/><\/p>\n<p style=\"text-align: center;\">\n<p style=\"text-align: left;\"><img loading=\"lazy\" decoding=\"async\" class=\" size-full wp-image-2653\" src=\"https:\/\/sophie-scholl-schule.eu\/wp-content\/uploads\/2017\/07\/abibac2.jpg\" alt=\"abibac2\" width=\"507\" height=\"617\" srcset=\"https:\/\/sophie-scholl-schule.eu\/wp-content\/uploads\/2017\/07\/abibac2.jpg 640w, https:\/\/sophie-scholl-schule.eu\/wp-content\/uploads\/2017\/07\/abibac2-246x300.jpg 246w, https:\/\/sophie-scholl-schule.eu\/wp-content\/uploads\/2017\/07\/abibac2-578x705.jpg 578w\" sizes=\"auto, (max-width: 507px) 100vw, 507px\" \/><\/p>\n","protected":false},"excerpt":{"rendered":"<p>L\u2019AbiBac : une belle r\u00e9ussite franco-allemande \u00catre titulaires d\u2019un double dipl\u00f4me, l\u2019Abitur et le baccalaur\u00e9at, c\u2019est ce qu\u2019ont r\u00e9ussi les \u00e9l\u00e8ves de la section SESB, \u00e0 l\u2019issue de leurs oraux \u00ab\u00a0\u00e0 la fran\u00e7aise\u00a0\u00bb. Parmi eux\u00a0: 5 mentions tr\u00e8s bien, 5 mentions bien, 7 mentions assez bien L\u2019AbiBac, c\u2019est un examen qui tient compte des deux [&hellip;]<\/p>\n","protected":false},"author":1,"featured_media":2652,"comment_status":"closed","ping_status":"closed","sticky":false,"template":"","format":"standard","meta":{"footnotes":""},"categories":[188,146],"tags":[],"class_list":["post-2654","post","type-post","status-publish","format-standard","has-post-thumbnail","hentry","category-aktuelles-startseite","category-sesb"],"_links":{"self":[{"href":"https:\/\/sophie-scholl-schule.eu\/index.php?rest_route=\/wp\/v2\/posts\/2654","targetHints":{"allow":["GET"]}}],"collection":[{"href":"https:\/\/sophie-scholl-schule.eu\/index.php?rest_route=\/wp\/v2\/posts"}],"about":[{"href":"https:\/\/sophie-scholl-schule.eu\/index.php?rest_route=\/wp\/v2\/types\/post"}],"author":[{"embeddable":true,"href":"https:\/\/sophie-scholl-schule.eu\/index.php?rest_route=\/wp\/v2\/users\/1"}],"replies":[{"embeddable":true,"href":"https:\/\/sophie-scholl-schule.eu\/index.php?rest_route=%2Fwp%2Fv2%2Fcomments&post=2654"}],"version-history":[{"count":3,"href":"https:\/\/sophie-scholl-schule.eu\/index.php?rest_route=\/wp\/v2\/posts\/2654\/revisions"}],"predecessor-version":[{"id":6243,"href":"https:\/\/sophie-scholl-schule.eu\/index.php?rest_route=\/wp\/v2\/posts\/2654\/revisions\/6243"}],"wp:featuredmedia":[{"embeddable":true,"href":"https:\/\/sophie-scholl-schule.eu\/index.php?rest_route=\/wp\/v2\/media\/2652"}],"wp:attachment":[{"href":"https:\/\/sophie-scholl-schule.eu\/index.php?rest_route=%2Fwp%2Fv2%2Fmedia&parent=2654"}],"wp:term":[{"taxonomy":"category","embeddable":true,"href":"https:\/\/sophie-scholl-schule.eu\/index.php?rest_route=%2Fwp%2Fv2%2Fcategories&post=2654"},{"taxonomy":"post_tag","embeddable":true,"href":"https:\/\/sophie-scholl-schule.eu\/index.php?rest_route=%2Fwp%2Fv2%2Ftags&post=2654"}],"curies":[{"name":"wp","href":"https:\/\/api.w.org\/{rel}","templated":true}]}}