{"id":2636,"date":"2017-04-28T12:15:04","date_gmt":"2017-04-28T12:15:04","guid":{"rendered":"https:\/\/sophie-scholl-schule.eu\/?p=2636"},"modified":"2024-11-06T08:50:56","modified_gmt":"2024-11-06T08:50:56","slug":"informer-et-ecrire-informieren-und-schreiben","status":"publish","type":"post","link":"https:\/\/sophie-scholl-schule.eu\/?p=2636","title":{"rendered":"Informer et \u00e9crire \/ Informieren und schreiben"},"content":{"rendered":"<p><strong>Visite du Directeur de l\u2019Agence France Presse \u00e0 la Sophie-Scholl-Schule le 3 avril<\/p>\n<p><\/strong><\/p>\n<p>Le lundi 3 avril, dans l\u2019apr\u00e8s-midi, M. Le Forestier, directeur de l\u2019Agence France Presse de Berlin a rencontr\u00e9 les \u00e9l\u00e8ves des classes 12.<\/p>\n<p><!--more--><\/p>\n<p>&nbsp;<\/p>\n<p>Il a \u00e9voqu\u00e9 sa biographie : la question de savoir comment l\u2019on devient journaliste int\u00e9resse vivement les \u00e9l\u00e8ves des classes bilingues. Yacine Le Forestier s\u2019est pr\u00eat\u00e9 au jeu de leurs questions.<\/p>\n<p>Puis il a abord\u00e9 la question du choix de l\u2019information, de son traitement et bien s\u00fbr la question de l\u2019\u00e9criture. L\u2019Agence France Presse vend des informations qui sont ensuite publi\u00e9es dans diff\u00e9rents journaux (quotidiens et\/ou hebdomadaires). Comment reconna\u00eetre une information de qualit\u00e9, comment d\u00e9celer ce qui rel\u00e8ve ou non des <em>fake news<\/em>. Ces aspects ont fascin\u00e9 le public des classes 12.<\/p>\n<p>Enfin, il a abord\u00e9 la question des grilles de lecture sp\u00e9cifiques aux pays respectifs, choisissant des exemples significatifs.<\/p>\n<p>La visite de Yacine Le Forestier s\u2019inscrit dans un projet semestriel organis\u00e9 par Mme H\u00e9lo\u00efse Blain et Mme Colette Sarrey et auquel participent les 3 classes 12 : d\u00e9but janvier, ils se sont rendus au <em>Bundespresseamt<\/em>, en juin, ils auront la visite d\u2019un journaliste de <em>Radio France<\/em>.<\/p>\n<p>{gallery}aktuelles\/galleries\/lire_ecrire{\/gallery}<\/p>\n<p><strong><br \/>Besuch des Leiters der <em>Agence France Presse<\/em> an der Sophie-Scholl-Schule am 3. April<\/strong><\/p>\n<p>Am Montag, dem 3. April, besuchte M. Le Forestier die Sophie-Scholl-Schule, er traf die Sch\u00fclerInnen aus den 3 Leistungskursen Franz\u00f6sisch im 12. Jahrgang.<\/p>\n<p>Zun\u00e4chst stellte er seinen Werdegang vor, beantwortete die Frage, wie man zum Journalisten und zur Agenturleiter wird, was die Sch\u00fclerInnen aus den zweisprachigen Klassen sehr interessierte.<\/p>\n<ol style=\"list-style-type: uppper-roman;\">\n<li>Le Forestier sprach dann \u00fcber die Frage der Auswahl und der Behandlung von Informationen (erw\u00e4hnte die Problematik der <em>fake news<\/em>). An der Diskussion beteiligten sich die Sch\u00fclerInnen mit gro\u00dfem Interesse.<\/li>\n<\/ol>\n<p>Dann wurde die Frage nach der spezifischen Auslegung von Informationen behandelt, dabei w\u00e4hlte er signifikante Beispiele aus.<\/p>\n<p>Der Besuch von Yacine Le Forestier ist Teil eines Semesterprojektes mit den Lehrerinnen Frau H\u00e9lo\u00efse Blain und Frau Dr. Colette Sarrey, an dem die 12. Klassen teilnehmen: Anfang des Jahres besuchten sie das Bundespresseamt, Mitte Juni wird ein Radiojournalist von <em>Radio France<\/em> zur Sophie Scholl Schule kommen.<\/p>\n<p>&nbsp;<\/p>\n","protected":false},"excerpt":{"rendered":"<p>Visite du Directeur de l\u2019Agence France Presse \u00e0 la Sophie-Scholl-Schule le 3 avril Le lundi 3 avril, dans l\u2019apr\u00e8s-midi, M. Le Forestier, directeur de l\u2019Agence France Presse de Berlin a rencontr\u00e9 les \u00e9l\u00e8ves des classes 12.<\/p>\n","protected":false},"author":1,"featured_media":0,"comment_status":"closed","ping_status":"closed","sticky":false,"template":"","format":"standard","meta":{"footnotes":""},"categories":[188,146],"tags":[],"class_list":["post-2636","post","type-post","status-publish","format-standard","hentry","category-aktuelles-startseite","category-sesb"],"_links":{"self":[{"href":"https:\/\/sophie-scholl-schule.eu\/index.php?rest_route=\/wp\/v2\/posts\/2636","targetHints":{"allow":["GET"]}}],"collection":[{"href":"https:\/\/sophie-scholl-schule.eu\/index.php?rest_route=\/wp\/v2\/posts"}],"about":[{"href":"https:\/\/sophie-scholl-schule.eu\/index.php?rest_route=\/wp\/v2\/types\/post"}],"author":[{"embeddable":true,"href":"https:\/\/sophie-scholl-schule.eu\/index.php?rest_route=\/wp\/v2\/users\/1"}],"replies":[{"embeddable":true,"href":"https:\/\/sophie-scholl-schule.eu\/index.php?rest_route=%2Fwp%2Fv2%2Fcomments&post=2636"}],"version-history":[{"count":1,"href":"https:\/\/sophie-scholl-schule.eu\/index.php?rest_route=\/wp\/v2\/posts\/2636\/revisions"}],"predecessor-version":[{"id":4776,"href":"https:\/\/sophie-scholl-schule.eu\/index.php?rest_route=\/wp\/v2\/posts\/2636\/revisions\/4776"}],"wp:attachment":[{"href":"https:\/\/sophie-scholl-schule.eu\/index.php?rest_route=%2Fwp%2Fv2%2Fmedia&parent=2636"}],"wp:term":[{"taxonomy":"category","embeddable":true,"href":"https:\/\/sophie-scholl-schule.eu\/index.php?rest_route=%2Fwp%2Fv2%2Fcategories&post=2636"},{"taxonomy":"post_tag","embeddable":true,"href":"https:\/\/sophie-scholl-schule.eu\/index.php?rest_route=%2Fwp%2Fv2%2Ftags&post=2636"}],"curies":[{"name":"wp","href":"https:\/\/api.w.org\/{rel}","templated":true}]}}