{"id":2607,"date":"2017-01-25T08:23:04","date_gmt":"2017-01-25T08:23:04","guid":{"rendered":"https:\/\/sophie-scholl-schule.eu\/?p=2607"},"modified":"2024-10-31T13:17:32","modified_gmt":"2024-10-31T13:17:32","slug":"zu-besuch-beim-bundespresseamt-traumberuf-journalist","status":"publish","type":"post","link":"https:\/\/sophie-scholl-schule.eu\/?p=2607","title":{"rendered":"Zu Besuch beim Bundespresseamt: Traumberuf Journalist?"},"content":{"rendered":"<p>Die drei Leistungskurse Franz\u00f6sisch-SESB waren beim Bundespresseamt zu Gast und erfuhren vieles \u00fcber die Arbeit dieser Institution aus der Innenperspektive. Dar\u00fcber hinaus wurde in einem spannenden Vortrag der Beruf des Journalisten thematisiert, sodass die Sch\u00fclerInnen eine F\u00fclle von konkreten Informationen bekamen, es wurden aber auch die kritischen Aspekte des Berufs er\u00f6rtert. Insgesamt waren die Sch\u00fclerInnen sehr positiv beeindruckt, die Arbeit \u00fcber das Thema Presse und Medien allgemein wird im Laufe des Sommersemesters fortgesetzt.<\/p>\n<p><!--more--><\/p>\n<p>&nbsp;<\/p>\n<p><img loading=\"lazy\" decoding=\"async\" class=\" size-full wp-image-2605\" src=\"https:\/\/sophie-scholl-schule.eu\/wp-content\/uploads\/2017\/01\/bundespresseamt02.jpg\" alt=\"bundespresseamt02\" width=\"860\" height=\"622\" srcset=\"https:\/\/sophie-scholl-schule.eu\/wp-content\/uploads\/2017\/01\/bundespresseamt02.jpg 912w, https:\/\/sophie-scholl-schule.eu\/wp-content\/uploads\/2017\/01\/bundespresseamt02-300x217.jpg 300w, https:\/\/sophie-scholl-schule.eu\/wp-content\/uploads\/2017\/01\/bundespresseamt02-768x556.jpg 768w, https:\/\/sophie-scholl-schule.eu\/wp-content\/uploads\/2017\/01\/bundespresseamt02-705x510.jpg 705w\" sizes=\"auto, (max-width: 860px) 100vw, 860px\" \/>&nbsp;&nbsp;&nbsp; <img loading=\"lazy\" decoding=\"async\" class=\" size-full wp-image-2606\" src=\"https:\/\/sophie-scholl-schule.eu\/wp-content\/uploads\/2017\/01\/bundespresseamt01.jpg\" alt=\"bundespresseamt01\" style=\"display: block; margin-left: auto; margin-right: auto;\" width=\"321\" height=\"495\" srcset=\"https:\/\/sophie-scholl-schule.eu\/wp-content\/uploads\/2017\/01\/bundespresseamt01.jpg 321w, https:\/\/sophie-scholl-schule.eu\/wp-content\/uploads\/2017\/01\/bundespresseamt01-195x300.jpg 195w\" sizes=\"auto, (max-width: 321px) 100vw, 321px\" \/><\/p>\n","protected":false},"excerpt":{"rendered":"<p>Die drei Leistungskurse Franz\u00f6sisch-SESB waren beim Bundespresseamt zu Gast und erfuhren vieles \u00fcber die Arbeit dieser Institution aus der Innenperspektive. Dar\u00fcber hinaus wurde in einem spannenden Vortrag der Beruf des Journalisten thematisiert, sodass die Sch\u00fclerInnen eine F\u00fclle von konkreten Informationen bekamen, es wurden aber auch die kritischen Aspekte des Berufs er\u00f6rtert. Insgesamt waren die Sch\u00fclerInnen [&hellip;]<\/p>\n","protected":false},"author":1,"featured_media":2605,"comment_status":"closed","ping_status":"closed","sticky":false,"template":"","format":"standard","meta":{"footnotes":""},"categories":[188,146],"tags":[],"class_list":["post-2607","post","type-post","status-publish","format-standard","has-post-thumbnail","hentry","category-aktuelles-startseite","category-sesb"],"_links":{"self":[{"href":"https:\/\/sophie-scholl-schule.eu\/index.php?rest_route=\/wp\/v2\/posts\/2607","targetHints":{"allow":["GET"]}}],"collection":[{"href":"https:\/\/sophie-scholl-schule.eu\/index.php?rest_route=\/wp\/v2\/posts"}],"about":[{"href":"https:\/\/sophie-scholl-schule.eu\/index.php?rest_route=\/wp\/v2\/types\/post"}],"author":[{"embeddable":true,"href":"https:\/\/sophie-scholl-schule.eu\/index.php?rest_route=\/wp\/v2\/users\/1"}],"replies":[{"embeddable":true,"href":"https:\/\/sophie-scholl-schule.eu\/index.php?rest_route=%2Fwp%2Fv2%2Fcomments&post=2607"}],"version-history":[{"count":1,"href":"https:\/\/sophie-scholl-schule.eu\/index.php?rest_route=\/wp\/v2\/posts\/2607\/revisions"}],"predecessor-version":[{"id":4194,"href":"https:\/\/sophie-scholl-schule.eu\/index.php?rest_route=\/wp\/v2\/posts\/2607\/revisions\/4194"}],"wp:featuredmedia":[{"embeddable":true,"href":"https:\/\/sophie-scholl-schule.eu\/index.php?rest_route=\/wp\/v2\/media\/2605"}],"wp:attachment":[{"href":"https:\/\/sophie-scholl-schule.eu\/index.php?rest_route=%2Fwp%2Fv2%2Fmedia&parent=2607"}],"wp:term":[{"taxonomy":"category","embeddable":true,"href":"https:\/\/sophie-scholl-schule.eu\/index.php?rest_route=%2Fwp%2Fv2%2Fcategories&post=2607"},{"taxonomy":"post_tag","embeddable":true,"href":"https:\/\/sophie-scholl-schule.eu\/index.php?rest_route=%2Fwp%2Fv2%2Ftags&post=2607"}],"curies":[{"name":"wp","href":"https:\/\/api.w.org\/{rel}","templated":true}]}}