{"id":2576,"date":"2016-11-28T16:49:35","date_gmt":"2016-11-28T16:49:35","guid":{"rendered":"https:\/\/sophie-scholl-schule.eu\/?p=2576"},"modified":"2024-11-05T11:40:56","modified_gmt":"2024-11-05T11:40:56","slug":"rencontre-des-alumni-05-03-2015","status":"publish","type":"post","link":"https:\/\/sophie-scholl-schule.eu\/?p=2576","title":{"rendered":"Rencontre des Alumni (05.03.2015)"},"content":{"rendered":"<p>Cette ann\u00e9e, les &#8222;anciens&#8220; de la SESB sont venus rendre visite aux \u00e9l\u00e8ves des classes 12.<br \/>Ils leur ont parl\u00e9 de leur cursus d&#8217;\u00e9tudes et des exp\u00e9riences qu&#8217;ils y ont faites. Cette ann\u00e9e : droit, sciences politiques, philosophie, \u00e9tudes duales en ing\u00e9nierie, m\u00e9dias, Frankreichstudien de l&#8217;Universit\u00e9 libre ainsi qu&#8217;un aiguilleur du ciel \u00e9taient repr\u00e9sent\u00e9s parmi les \u00ab Alumni \u00bb.<\/p>\n<p>&nbsp;<\/p>\n<p><!--more--><\/p>\n<p>Ces interventions apportent une orientation aux futurs titulaires de l&#8217;Abibac, elles renforcent le r\u00e9seau SESB et contribuent (par le biais des r\u00e9seaux sociaux) \u00e0 maintenir le contact entre les membres de cette \u00ab famille \u00bb au sein du milieu franco-allemand.<\/p>\n<p>&nbsp;<\/p>\n<p>Et m\u00eame s&#8217;ils ne poursuivent pas tous leurs \u00e9tudes en France ou dans un pays de langue fran\u00e7aise, leur exp\u00e9rience de l&#8217;enseignement bilingue, leurs savoirs et exp\u00e9riences de la double culture apportent une richesse et une comp\u00e9tence particuli\u00e8re \u00e0 ces jeunes, les acteurs de l&#8217;Europe de demain. Nous leur souhaitons bonheur et r\u00e9ussite dans leur parcours !<\/p>\n<p><img loading=\"lazy\" decoding=\"async\" class=\" size-full wp-image-2575\" src=\"https:\/\/sophie-scholl-schule.eu\/wp-content\/uploads\/2016\/11\/rencontreDesAlumni.png\" alt=\"rencontreDesAlumni\" width=\"500\" height=\"375\" srcset=\"https:\/\/sophie-scholl-schule.eu\/wp-content\/uploads\/2016\/11\/rencontreDesAlumni.png 500w, https:\/\/sophie-scholl-schule.eu\/wp-content\/uploads\/2016\/11\/rencontreDesAlumni-300x225.png 300w\" sizes=\"auto, (max-width: 500px) 100vw, 500px\" \/><\/p>\n","protected":false},"excerpt":{"rendered":"<p>Cette ann\u00e9e, les &#8222;anciens&#8220; de la SESB sont venus rendre visite aux \u00e9l\u00e8ves des classes 12.Ils leur ont parl\u00e9 de leur cursus d&#8217;\u00e9tudes et des exp\u00e9riences qu&#8217;ils y ont faites. Cette ann\u00e9e : droit, sciences politiques, philosophie, \u00e9tudes duales en ing\u00e9nierie, m\u00e9dias, Frankreichstudien de l&#8217;Universit\u00e9 libre ainsi qu&#8217;un aiguilleur du ciel \u00e9taient repr\u00e9sent\u00e9s parmi les [&hellip;]<\/p>\n","protected":false},"author":1,"featured_media":2575,"comment_status":"closed","ping_status":"closed","sticky":false,"template":"","format":"standard","meta":{"footnotes":""},"categories":[188,146],"tags":[],"class_list":["post-2576","post","type-post","status-publish","format-standard","has-post-thumbnail","hentry","category-aktuelles-startseite","category-sesb"],"_links":{"self":[{"href":"https:\/\/sophie-scholl-schule.eu\/index.php?rest_route=\/wp\/v2\/posts\/2576","targetHints":{"allow":["GET"]}}],"collection":[{"href":"https:\/\/sophie-scholl-schule.eu\/index.php?rest_route=\/wp\/v2\/posts"}],"about":[{"href":"https:\/\/sophie-scholl-schule.eu\/index.php?rest_route=\/wp\/v2\/types\/post"}],"author":[{"embeddable":true,"href":"https:\/\/sophie-scholl-schule.eu\/index.php?rest_route=\/wp\/v2\/users\/1"}],"replies":[{"embeddable":true,"href":"https:\/\/sophie-scholl-schule.eu\/index.php?rest_route=%2Fwp%2Fv2%2Fcomments&post=2576"}],"version-history":[{"count":1,"href":"https:\/\/sophie-scholl-schule.eu\/index.php?rest_route=\/wp\/v2\/posts\/2576\/revisions"}],"predecessor-version":[{"id":4196,"href":"https:\/\/sophie-scholl-schule.eu\/index.php?rest_route=\/wp\/v2\/posts\/2576\/revisions\/4196"}],"wp:featuredmedia":[{"embeddable":true,"href":"https:\/\/sophie-scholl-schule.eu\/index.php?rest_route=\/wp\/v2\/media\/2575"}],"wp:attachment":[{"href":"https:\/\/sophie-scholl-schule.eu\/index.php?rest_route=%2Fwp%2Fv2%2Fmedia&parent=2576"}],"wp:term":[{"taxonomy":"category","embeddable":true,"href":"https:\/\/sophie-scholl-schule.eu\/index.php?rest_route=%2Fwp%2Fv2%2Fcategories&post=2576"},{"taxonomy":"post_tag","embeddable":true,"href":"https:\/\/sophie-scholl-schule.eu\/index.php?rest_route=%2Fwp%2Fv2%2Ftags&post=2576"}],"curies":[{"name":"wp","href":"https:\/\/api.w.org\/{rel}","templated":true}]}}