{"id":2573,"date":"2016-11-28T16:46:54","date_gmt":"2016-11-28T16:46:54","guid":{"rendered":"https:\/\/sophie-scholl-schule.eu\/?p=2573"},"modified":"2024-11-05T11:40:56","modified_gmt":"2024-11-05T11:40:56","slug":"la-classe-912-au-bundespresseamt-29-04-2015","status":"publish","type":"post","link":"https:\/\/sophie-scholl-schule.eu\/?p=2573","title":{"rendered":"La classe 912 au Bundespresseamt (29.04.2015)"},"content":{"rendered":"<p>\u201eDas etwas andere Ministerium&#8220; \/ Un minist\u00e8re \u201eun peu diff\u00e9rent&#8220;<br \/>Une visite (tr\u00e8s informative) au Bundespressamt nous a montr\u00e9 que ce \u00ab minist\u00e8re un peu diff\u00e9rent \u00bb n\u2019est pas juste une source d\u2019informations politiques, mais repr\u00e9sente aussi \u00e9norm\u00e9ment de possibilit\u00e9s professionnelles. Surtout pour les bilingues, beaucoup de nouvelles portes se sont ouvertes aujourd\u2019hui&#8230;<\/p>\n<p>&nbsp;<\/p>\n<p><!--more--><\/p>\n<p>&nbsp;<\/p>\n<p>Une courte vid\u00e9o nous a pr\u00e9sent\u00e9 les fonctions et les m\u00e9thodes du Bundespresseamt, puis ces th\u00e8mes ont \u00e9t\u00e9 approfondis avec une pr\u00e9sentation sur une journ\u00e9e typique au minist\u00e8re, des informations sur les employ\u00e9s et la s\u00e9lection des stagiaires et surtout une visite au Lagerzentrum, \u00ab l\u2019endroit o\u00f9 la lumi\u00e8re ne s\u2019\u00e9teint jamais \u00bb. Ici, toutes les informations (en moyenne 5.000 par jour) envoy\u00e9es par des agences pay\u00e9es pour cela, sont lues et exploit\u00e9es, puis transmises aux d\u00e9put\u00e9s et aux minist\u00e8res responsables si elles sont jug\u00e9es importantes. Fascin\u00e9s par ce lieu, nous avons assist\u00e9 \u00e0 la d\u00e9monstration de ce proc\u00e9d\u00e9. Personnellement j\u2019ai beaucoup appr\u00e9ci\u00e9 l\u2019atmosph\u00e8re d\u00e9tendue (boissons et biscuits) mais s\u00e9rieuse (salle de conf\u00e9rence), dans laquelle nous avons re\u00e7u des renseignements sur les possibilit\u00e9s professionnelles, ainsi qu\u2019une impression fond\u00e9e sur le d\u00e9roulement entre des milliers d\u2019informations incoh\u00e9rentes et le classeur journalier de la chanceli\u00e8re. Des grands highlights ont \u00e9t\u00e9 aussi la session de photos au pupitre de Mme Merkel et les anecdotes internes ; saviez-vous par exemple que la chanceli\u00e8re d\u00e9sire chaque week-end les r\u00e9sultats du football et que son classeur contient trois pages de caricatures ?<br \/>Louise \/ 912<\/p>\n<p><img loading=\"lazy\" decoding=\"async\" class=\" size-full wp-image-2572\" src=\"https:\/\/sophie-scholl-schule.eu\/wp-content\/uploads\/2016\/11\/bundespresseamt.png\" alt=\"bundespresseamt\" width=\"500\" height=\"375\" srcset=\"https:\/\/sophie-scholl-schule.eu\/wp-content\/uploads\/2016\/11\/bundespresseamt.png 500w, https:\/\/sophie-scholl-schule.eu\/wp-content\/uploads\/2016\/11\/bundespresseamt-300x225.png 300w\" sizes=\"auto, (max-width: 500px) 100vw, 500px\" \/><\/p>\n<p>&nbsp;<\/p>\n","protected":false},"excerpt":{"rendered":"<p>\u201eDas etwas andere Ministerium&#8220; \/ Un minist\u00e8re \u201eun peu diff\u00e9rent&#8220;Une visite (tr\u00e8s informative) au Bundespressamt nous a montr\u00e9 que ce \u00ab minist\u00e8re un peu diff\u00e9rent \u00bb n\u2019est pas juste une source d\u2019informations politiques, mais repr\u00e9sente aussi \u00e9norm\u00e9ment de possibilit\u00e9s professionnelles. Surtout pour les bilingues, beaucoup de nouvelles portes se sont ouvertes aujourd\u2019hui&#8230; &nbsp;<\/p>\n","protected":false},"author":1,"featured_media":2572,"comment_status":"closed","ping_status":"closed","sticky":false,"template":"","format":"standard","meta":{"footnotes":""},"categories":[188,146],"tags":[],"class_list":["post-2573","post","type-post","status-publish","format-standard","has-post-thumbnail","hentry","category-aktuelles-startseite","category-sesb"],"_links":{"self":[{"href":"https:\/\/sophie-scholl-schule.eu\/index.php?rest_route=\/wp\/v2\/posts\/2573","targetHints":{"allow":["GET"]}}],"collection":[{"href":"https:\/\/sophie-scholl-schule.eu\/index.php?rest_route=\/wp\/v2\/posts"}],"about":[{"href":"https:\/\/sophie-scholl-schule.eu\/index.php?rest_route=\/wp\/v2\/types\/post"}],"author":[{"embeddable":true,"href":"https:\/\/sophie-scholl-schule.eu\/index.php?rest_route=\/wp\/v2\/users\/1"}],"replies":[{"embeddable":true,"href":"https:\/\/sophie-scholl-schule.eu\/index.php?rest_route=%2Fwp%2Fv2%2Fcomments&post=2573"}],"version-history":[{"count":1,"href":"https:\/\/sophie-scholl-schule.eu\/index.php?rest_route=\/wp\/v2\/posts\/2573\/revisions"}],"predecessor-version":[{"id":4198,"href":"https:\/\/sophie-scholl-schule.eu\/index.php?rest_route=\/wp\/v2\/posts\/2573\/revisions\/4198"}],"wp:featuredmedia":[{"embeddable":true,"href":"https:\/\/sophie-scholl-schule.eu\/index.php?rest_route=\/wp\/v2\/media\/2572"}],"wp:attachment":[{"href":"https:\/\/sophie-scholl-schule.eu\/index.php?rest_route=%2Fwp%2Fv2%2Fmedia&parent=2573"}],"wp:term":[{"taxonomy":"category","embeddable":true,"href":"https:\/\/sophie-scholl-schule.eu\/index.php?rest_route=%2Fwp%2Fv2%2Fcategories&post=2573"},{"taxonomy":"post_tag","embeddable":true,"href":"https:\/\/sophie-scholl-schule.eu\/index.php?rest_route=%2Fwp%2Fv2%2Ftags&post=2573"}],"curies":[{"name":"wp","href":"https:\/\/api.w.org\/{rel}","templated":true}]}}