{"id":2568,"date":"2016-11-25T10:19:56","date_gmt":"2016-11-25T10:19:56","guid":{"rendered":"https:\/\/sophie-scholl-schule.eu\/?p=2568"},"modified":"2024-10-31T13:17:33","modified_gmt":"2024-10-31T13:17:33","slug":"schulgarten-cooperation-die-schuelerfirma","status":"publish","type":"post","link":"https:\/\/sophie-scholl-schule.eu\/?p=2568","title":{"rendered":"Die Sch\u00fclerfirma"},"content":{"rendered":"<p><img loading=\"lazy\" decoding=\"async\" class=\" alignleft size-full wp-image-2564\" src=\"https:\/\/sophie-scholl-schule.eu\/wp-content\/uploads\/2016\/11\/logo-sch-coop_trans.png\" alt=\"logo sch coop trans\" style=\"margin-right: 10px; margin-bottom: 10px; margin-top: -20px; float: left;\" width=\"300\" height=\"300\" srcset=\"https:\/\/sophie-scholl-schule.eu\/wp-content\/uploads\/2016\/11\/logo-sch-coop_trans.png 1711w, https:\/\/sophie-scholl-schule.eu\/wp-content\/uploads\/2016\/11\/logo-sch-coop_trans-300x300.png 300w, https:\/\/sophie-scholl-schule.eu\/wp-content\/uploads\/2016\/11\/logo-sch-coop_trans-1030x1030.png 1030w, https:\/\/sophie-scholl-schule.eu\/wp-content\/uploads\/2016\/11\/logo-sch-coop_trans-80x80.png 80w, https:\/\/sophie-scholl-schule.eu\/wp-content\/uploads\/2016\/11\/logo-sch-coop_trans-768x768.png 768w, https:\/\/sophie-scholl-schule.eu\/wp-content\/uploads\/2016\/11\/logo-sch-coop_trans-1536x1536.png 1536w, https:\/\/sophie-scholl-schule.eu\/wp-content\/uploads\/2016\/11\/logo-sch-coop_trans-36x36.png 36w, https:\/\/sophie-scholl-schule.eu\/wp-content\/uploads\/2016\/11\/logo-sch-coop_trans-180x180.png 180w, https:\/\/sophie-scholl-schule.eu\/wp-content\/uploads\/2016\/11\/logo-sch-coop_trans-1500x1500.png 1500w, https:\/\/sophie-scholl-schule.eu\/wp-content\/uploads\/2016\/11\/logo-sch-coop_trans-705x705.png 705w\" sizes=\"auto, (max-width: 300px) 100vw, 300px\" \/><\/p>\n<div>\n<div style=\"margin-left: 200px; margin-right: 100px; padding: 4px; background: #97C11F; border: solid 3px white;\">\n<h4><span style=\"color: #ffffff;\"><a href=\"https:\/\/sophie-scholl-schule.eu\/wp-content\/uploads\/2016\/11\/ausdruck_rollup_schulgarten_korrigiert.pdf\" title=\"Rollup Schulgarten Cooperation\" target=\"_blank\" style=\"color: #ffffff;\">ROLLUP-Schulgarten Cooperation<\/a><\/span><\/h4>\n<\/div>\n<\/div>\n<p>Diese Sch\u00fclerfirma wurde im Herbst dieses Schuljahres gegr\u00fcndet und mit einem <strong><a href=\"index.php?option=com_content&amp;view=article&amp;id=344;schuelerfirma-schulgarten-cooperation&amp;catid=8;aktuelles&amp;Itemid=101\" title=\"Schulgarten Cooperation\" target=\"_blank\" rel=\"noopener\">Caf\u00e9 am 15.11.2016 <\/a><\/strong>der \u00d6ffentlichkeit pr\u00e4sentiert. Dieses Projekt findet im Rahmen des WAT-Wahlpflichtunterrichts statt&nbsp; und hat zum Ziel <span style=\"color: #008000;\"><strong>nachhaltiges Wirtschaften<\/strong> <\/span>als Kernkompetenz einer klimafreundlicheren Zukunft zu vermitteln, <span style=\"color: #008000;\"><strong>soziale Kompetenzen<\/strong><\/span> zu st\u00e4rken, <strong><span style=\"color: #008000;\">mediale Kompetenzen<\/span><\/strong> wie z.B. den Umgang mit Daten und die Kommunikation im Internet, die Erstellung von Internetpr\u00e4senzen wie Fotos und Videoclips zu erlernen.<\/p>\n<div style=\"border: 2px solid green; padding: 10px; background: lightgreen;\">\n<h4><strong><a href=\"https:\/\/betterplace.org\/p22346\" title=\"Spenden auf Betterplace\" target=\"_blank\" rel=\"noopener\">JETZT SPENDEN UND INFORMIEREN!<\/a><\/strong><\/h4>\n<\/div>\n<p>&nbsp;<\/p>\n<p><!--more--><\/p>\n<p><img loading=\"lazy\" decoding=\"async\" class=\" size-full wp-image-2566\" src=\"https:\/\/sophie-scholl-schule.eu\/wp-content\/uploads\/2016\/11\/flyer_schulgartenCoop1.png\" alt=\"flyer schulgartenCoop1\" width=\"1078\" height=\"513\" srcset=\"https:\/\/sophie-scholl-schule.eu\/wp-content\/uploads\/2016\/11\/flyer_schulgartenCoop1.png 1078w, https:\/\/sophie-scholl-schule.eu\/wp-content\/uploads\/2016\/11\/flyer_schulgartenCoop1-300x143.png 300w, https:\/\/sophie-scholl-schule.eu\/wp-content\/uploads\/2016\/11\/flyer_schulgartenCoop1-1030x490.png 1030w, https:\/\/sophie-scholl-schule.eu\/wp-content\/uploads\/2016\/11\/flyer_schulgartenCoop1-768x365.png 768w, https:\/\/sophie-scholl-schule.eu\/wp-content\/uploads\/2016\/11\/flyer_schulgartenCoop1-705x335.png 705w\" sizes=\"auto, (max-width: 1078px) 100vw, 1078px\" \/><\/p>\n<p>Diese Sch\u00fclerfirma wurde im Herbst diesen Jahres gegr\u00fcndet und mit einem <strong><a href=\"index.php?option=com_content&amp;view=article&amp;id=344;schuelerfirma-schulgarten-cooperation&amp;catid=8;aktuelles&amp;Itemid=101\" title=\"Schulgarten Cooperation\" target=\"_blank\" rel=\"noopener\">Caf\u00e9 am 15.11.2016 <\/a><\/strong>der \u00d6ffentlichkeit pr\u00e4sentiert. Dieses Projekt findet im Rahmen des WAT-Wahlpflichtunterrichts statt&nbsp; und hat zum Ziel <span style=\"color: #008000;\"><strong>nachhaltiges Wirtschaften<\/strong> <\/span>als Kernkompetenz einer klimafreundlicheren Zukunft zu vermitteln, <span style=\"color: #008000;\"><strong>soziale Kompetenzen<\/strong><\/span> zu st\u00e4rken, <strong><span style=\"color: #008000;\">mediale Kompetenzen<\/span><\/strong> wie z.B. den Umgang mit Daten und die Kommunikation im Internet, die Erstellung von Internetpr\u00e4senzen wie Fotos und Videoclips zu erlernen.<\/p>\n<p>Der <span style=\"color: #808000;\"><strong>sensiblere Umgang mit der Natur<\/strong><\/span>, ihrer \u00f6kologischen Zusammenh\u00e4nge, sowie die Beziehung des Menschen zu ihr stehen dabei im Zentrum. Themen wie <span style=\"color: #ff0000;\"><strong>\u00d6konomie 4.0<\/strong><\/span>,<strong><span style=\"color: #ff0000;\"> Arbeit 4.0<\/span><\/strong> sowie <span style=\"color: #ff0000;\"><strong>Freizeit 4.0<\/strong><\/span> werden thematisiert.<\/p>\n<p>wir befinden uns im Aufbau, aktuell sind wir am Bauen eines Gew\u00e4chshauses, zu dessen Fertigstellung wir noch Mittel ben\u00f6tigen. Auch Sie k\u00f6nnen dazu beitragen.<\/p>\n<p><a href=\"http:\/\/www.betterplace.org\/p22346\" title=\"Schulgarten Cooperation\" target=\"_blank\" rel=\"noopener\"><img decoding=\"async\" src=\"https:\/\/sophie-scholl-schule.eu\/wp-content\/uploads\/2016\/11\/flyer_schulgartenCoop2.png\" alt=\"flyer schulgartenCoop2\" style=\"margin-top: 20px;\" \/><\/a><\/p>\n","protected":false},"excerpt":{"rendered":"<p>ROLLUP-Schulgarten Cooperation Diese Sch\u00fclerfirma wurde im Herbst dieses Schuljahres gegr\u00fcndet und mit einem Caf\u00e9 am 15.11.2016 der \u00d6ffentlichkeit pr\u00e4sentiert. Dieses Projekt findet im Rahmen des WAT-Wahlpflichtunterrichts statt&nbsp; und hat zum Ziel nachhaltiges Wirtschaften als Kernkompetenz einer klimafreundlicheren Zukunft zu vermitteln, soziale Kompetenzen zu st\u00e4rken, mediale Kompetenzen wie z.B. den Umgang mit Daten und die Kommunikation [&hellip;]<\/p>\n","protected":false},"author":1,"featured_media":2564,"comment_status":"closed","ping_status":"","sticky":false,"template":"","format":"standard","meta":{"footnotes":""},"categories":[188,1],"tags":[],"class_list":["post-2568","post","type-post","status-publish","format-standard","has-post-thumbnail","hentry","category-aktuelles-startseite","category-uncategorized"],"_links":{"self":[{"href":"https:\/\/sophie-scholl-schule.eu\/index.php?rest_route=\/wp\/v2\/posts\/2568","targetHints":{"allow":["GET"]}}],"collection":[{"href":"https:\/\/sophie-scholl-schule.eu\/index.php?rest_route=\/wp\/v2\/posts"}],"about":[{"href":"https:\/\/sophie-scholl-schule.eu\/index.php?rest_route=\/wp\/v2\/types\/post"}],"author":[{"embeddable":true,"href":"https:\/\/sophie-scholl-schule.eu\/index.php?rest_route=\/wp\/v2\/users\/1"}],"replies":[{"embeddable":true,"href":"https:\/\/sophie-scholl-schule.eu\/index.php?rest_route=%2Fwp%2Fv2%2Fcomments&post=2568"}],"version-history":[{"count":1,"href":"https:\/\/sophie-scholl-schule.eu\/index.php?rest_route=\/wp\/v2\/posts\/2568\/revisions"}],"predecessor-version":[{"id":4813,"href":"https:\/\/sophie-scholl-schule.eu\/index.php?rest_route=\/wp\/v2\/posts\/2568\/revisions\/4813"}],"wp:featuredmedia":[{"embeddable":true,"href":"https:\/\/sophie-scholl-schule.eu\/index.php?rest_route=\/wp\/v2\/media\/2564"}],"wp:attachment":[{"href":"https:\/\/sophie-scholl-schule.eu\/index.php?rest_route=%2Fwp%2Fv2%2Fmedia&parent=2568"}],"wp:term":[{"taxonomy":"category","embeddable":true,"href":"https:\/\/sophie-scholl-schule.eu\/index.php?rest_route=%2Fwp%2Fv2%2Fcategories&post=2568"},{"taxonomy":"post_tag","embeddable":true,"href":"https:\/\/sophie-scholl-schule.eu\/index.php?rest_route=%2Fwp%2Fv2%2Ftags&post=2568"}],"curies":[{"name":"wp","href":"https:\/\/api.w.org\/{rel}","templated":true}]}}