{"id":2563,"date":"2016-11-24T19:38:01","date_gmt":"2016-11-24T19:38:01","guid":{"rendered":"https:\/\/sophie-scholl-schule.eu\/?p=2563"},"modified":"2024-10-31T13:17:33","modified_gmt":"2024-10-31T13:17:33","slug":"spenden-fuer-das-gruene-klassenzimmer","status":"publish","type":"post","link":"https:\/\/sophie-scholl-schule.eu\/?p=2563","title":{"rendered":"Nachhaltige Bildung braucht Ihre Spende"},"content":{"rendered":"<p>{tab=Informieren und Spenden}<\/p>\n<p><a href=\"https:\/\/betterplace.org\/p22346\" title=\"Das gr\u00fcne Klassenzimmer\" target=\"_blank\" rel=\"noopener\"><img decoding=\"async\" src=\"https:\/\/sophie-scholl-schule.eu\/wp-content\/uploads\/2016\/11\/banner_website_betterplace2016.jpg\" alt=\"banner website betterplace2016\" \/><\/a><\/p>\n<p>&nbsp;<\/p>\n<table style=\"margin-right: auto; margin-left: auto;\">\n<tbody>\n<tr>\n<td><iframe loading=\"lazy\" width=\"301\" height=\"202\" src=\"https:\/\/www.youtube.com\/embed\/bQpJmNUIsf4?list=PL3PRxQENjaoHz0GQ_ImNh-JxJpJMG51Fs\" frameborder=\"0\" allowfullscreen=\"allowfullscreen\"><\/iframe><\/td>\n<td><iframe loading=\"lazy\" width=\"301\" height=\"204\" src=\"https:\/\/www.youtube.com\/embed\/5JTBomWVgMk?list=PL3PRxQENjaoHz0GQ_ImNh-JxJpJMG51Fs\" frameborder=\"0\" allowfullscreen=\"allowfullscreen\"><\/iframe><\/td>\n<\/tr>\n<tr>\n<td><iframe loading=\"lazy\" width=\"302\" height=\"200\" src=\"https:\/\/www.youtube.com\/embed\/BmPV-5rV52E?list=PL3PRxQENjaoHz0GQ_ImNh-JxJpJMG51Fs\" frameborder=\"0\" allowfullscreen=\"allowfullscreen\"><\/iframe><\/td>\n<td><iframe loading=\"lazy\" width=\"301\" height=\"200\" src=\"https:\/\/www.youtube.com\/embed\/cUMZonJOTQY?list=PL3PRxQENjaoHz0GQ_ImNh-JxJpJMG51Fs\" frameborder=\"0\" allowfullscreen=\"allowfullscreen\"><\/iframe><\/td>\n<\/tr>\n<\/tbody>\n<\/table>\n<p>{tab=Projektbeschreibung}<\/p>\n<p><span style=\"font-family: Open Sans,sans-serif;\">Dieses Projekt begann 2009 als einfacher Schulgarten mit dem Ziel, duales Lernen, also die Verbindung von Theorie und Praxis, Arbeits- und Schulwelt, verst\u00e4rkt im Fach Wirtschaft-Arbeit-Technik zu verankern.<\/span><\/p>\n<div class=\"wp-caption aligncenter\" style=\"width: 170px;\"><a title=\"Jetzt spenden f\u00fcr \u201eDas \" href=\"https:\/\/www.betterplace.org\/de\/projects\/22346-das-grune-klassenzimmer-lehren-lernen-und-forschen-im-garten\" target=\"_blank\" rel=\"noopener\"><img loading=\"lazy\" decoding=\"async\" src=\"https:\/\/asset1.betterplace.org\/static-images\/projects\/donation-button-de.png\" alt=\"Jetzt Spenden! Das Spendenformular ist ein kostenfreier Service von betterplace.org.\" height=\"100\" width=\"160\" \/><\/a><\/p>\n<p class=\"wp-caption-text\">Das gr\u00fcne Klassenzimmer<\/p>\n<\/div>\n<p><span style=\"font-family: Open Sans,sans-serif;\">Aus dem Schulgarten wird ein \u201eUrban gardening\u201c-Projekt, der Garten wird zus\u00e4tzlich als Medium zur Vermittlung sozialer und praxisorientierter Kompetenzen begriffen. Der Mensch und seine seine Beziehung zur Umwelt stehen im Zentrum. Themen wie Nachhaltigkeit und \u00d6kologie bekommen einen st\u00e4rkeren Fokus.<\/span><\/p>\n<p><span style=\"font-family: Open Sans,sans-serif;\">Das gr\u00fcne Klassenzimmer ist ein Ort, wo Ideen gemeinsam in die Praxis umgesetzt werden k\u00f6nnen, so entstehen im Verlauf der Jahre der Lehmbackofen, verschiedene Variationen von Hochbeeten, die in den eigenen Werkst\u00e4tten hergestellt werden, eine Terrasse, auf der ich gerade stehe und ein Arbeitstisch. Seit diesem Fr\u00fchjahr gibt es au\u00dferdem noch die Bienen, die bereits k\u00f6stlichen Honig geliefert haben. <\/span><\/p>\n<p><span style=\"font-family: Open Sans,sans-serif;\">Diese Projekte wurden von Sch\u00fclerinnen und Sch\u00fclern in Verbindung mit Professionisten durchgef\u00fchrt, wodurch ein weiterer wichtiger Punkt angesprochen ist: Verbindungen zwischen Schule, Wirtschaft und Arbeitswelt herstellen um so auch einen wichtigen Beitrag zur Berufs- und Studienorientierung leisten zu k\u00f6nnen. <\/span><\/p>\n<p><span style=\"font-family: Open Sans,sans-serif;\">Im Zentrum zuk\u00fcnftiger Aktivit\u00e4ten soll das Nachhaltige Wirtschaften im Zentrum stehen, dazu ist eine Kooperation mit den Prinzessinneng\u00e4rten \u2013 dem wohl ber\u00fchmtesten Urban gardening Projekt in Berlin \u2013 geplant, sowie der Aufbau einer Sch\u00fclerfirma, zur Vermarktung der Produkte und der Kommunikation der Ideen. <\/span><\/p>\n<p><span style=\"font-family: Open Sans,sans-serif;\">Im Zentrum aller Projekte steht immer die Umsetzung von Ideen in die Praxis. Die Schule braucht Orte, wo Jugendliche die M\u00f6glichkeit haben, selber etwas zu bauen und zu schaffen. Je virtueller unsere Realit\u00e4ten werden umso wichtiger ist es, Orte zu kultivieren, wo direkte sinnliche Erfahrungen gemacht werden k\u00f6nnen, wo es zu einem direkten Kontakt zwischen Mensch und Natur kommt. Selber machen, selber tun, die \u00dcberpr\u00fcfung erfolgt hier direkt in Form der mehr oder weniger gro\u00dfen Praxistauglichkeit.<\/span><\/p>\n<p><span style=\"font-family: Open Sans,sans-serif;\">In einer Welt, in der die eigentliche Produktion immer mehr hinter hochtechnologischen Systemen verschwindet ist es ganz wichtig, die gro\u00dfen B\u00f6gen z.B. der Nahrungsmittelproduktion im Kleinen in fast aufkl\u00e4rerischer Form nachzuzeichnen um so \u00f6kologische und \u00f6konomische Zusammenh\u00e4nge sichtbar zu machen. <\/span><\/p>\n<p><a title=\"Jetzt spenden f\u00fcr \u201eDas \" href=\"https:\/\/www.betterplace.org\/de\/projects\/22346-das-grune-klassenzimmer-lehren-lernen-und-forschen-im-garten\" target=\"_blank\" rel=\"noopener\"><img loading=\"lazy\" decoding=\"async\" class=\"aligncenter\" src=\"https:\/\/asset1.betterplace.org\/static-images\/projects\/donation-button-de.png\" alt=\"Jetzt Spenden! Das Spendenformular ist ein kostenfreier Service von betterplace.org.\" style=\"border: 0px none;\" height=\"100\" width=\"160\" \/><\/a><\/p>\n<p><span style=\"font-family: Open Sans,sans-serif;\">Einer informationstechnisch \u201esmart\u201c durch gestalteten Welt wird jetzt nicht der \u201eGarten\u201c als DIE Alternative entgegengesetzt, sondern als ein Ort verstanden, wo Erfahrungen anderer Art m\u00f6glich sein sollen, Erfahrungen, die in Verbindung mit einer sich immer weiter ausbreitenden Kommunikation zwischen Mensch und Maschine von gr\u00f6\u00dfter Bedeutung sein werden. In Zukunft werden wir beides brauchen: kreativ gestaltete Informationstechnologie UND \u00d6kologie\/Nachhaltigkeit, anders werden die Probleme der Zukunft wohl nicht zu bew\u00e4ltigen sein.<\/span><\/p>\n<p><span style=\"font-family: Open Sans,sans-serif;\">Projekte dieser Art ben\u00f6tigen Geld und eine S\u00e4ule stellt die Unterst\u00fctzung durch den F\u00f6rderverein der Sophie-Scholl-Schule und die Senatsverwaltung mit \u201eGr\u00fcn macht Schule\u201c dar. Ein zweites soll der schon erw\u00e4hnte Aufbau einer Sch\u00fclerfirma rund um das gr\u00fcne Klassenzimmer sein \u2013 vom Brotbacken \u00fcber Pestoherstellung bis hin zum Honig. <\/span><\/p>\n<p><span style=\"font-family: Open Sans,sans-serif;\">Um aber professioneller produzieren zu k\u00f6nnen, ben\u00f6tigen wir ein solides Gew\u00e4chshaus um so schon fr\u00fch mit dem Aufziehen von Pflanzen und Kr\u00e4utern beginnen zu k\u00f6nnen, des weiteren ist eine Optimierung der Bew\u00e4sserung durch eine digital gesteuerte Anlage geplant. <\/span><\/p>\n<p><span style=\"font-family: Open Sans,sans-serif;\">Auch Sie k\u00f6nnen dieses Projekt mit einer kleinen Spende unters\u00fctzen. Helfen Sie mit, dass auch weiterhin Projekte des dualen Lernens \u2013 der Verbindung von Theorie und Praxis, von Schule, Wirtschaft und Berufswelt \u2013 einen festen Platz im schulischen Alltag haben. Damit f\u00f6rdern Sie, dass Jugendliche vermehrt Kompetenzen eines praxisorientierten, unternehmerischen Handelns sowie der Teamf\u00e4higkeit entwickeln und tragen dazu bei, dass Schule st\u00e4rker als bisher ein Ort wird, wo Nachhaltigkeit, \u00d6kologie und Verantwortung f\u00fcr die Umwelt zentrale Bildungsinhalte darstellen. <\/span><\/p>\n<p>{tab=Blog}<\/p>\n<p><a href=\"https:\/\/sophieschollschulgarten.com\" title=\"Blog - das gr\u00fcne Klassenzimmer\" target=\"_blank\" rel=\"noopener\"><img loading=\"lazy\" decoding=\"async\" src=\"https:\/\/sophie-scholl-schule.eu\/wp-content\/uploads\/2016\/11\/banner_website_betterplace2016.jpg\" alt=\"banner website betterplace2016\" height=\"431\" width=\"828\" \/><\/a><\/p>\n","protected":false},"excerpt":{"rendered":"<p>{tab=Informieren und Spenden} &nbsp; {tab=Projektbeschreibung} Dieses Projekt begann 2009 als einfacher Schulgarten mit dem Ziel, duales Lernen, also die Verbindung von Theorie und Praxis, Arbeits- und Schulwelt, verst\u00e4rkt im Fach Wirtschaft-Arbeit-Technik zu verankern. Das gr\u00fcne Klassenzimmer Aus dem Schulgarten wird ein \u201eUrban gardening\u201c-Projekt, der Garten wird zus\u00e4tzlich als Medium zur Vermittlung sozialer und praxisorientierter Kompetenzen [&hellip;]<\/p>\n","protected":false},"author":1,"featured_media":2562,"comment_status":"closed","ping_status":"","sticky":false,"template":"","format":"standard","meta":{"footnotes":""},"categories":[188,1],"tags":[],"class_list":["post-2563","post","type-post","status-publish","format-standard","has-post-thumbnail","hentry","category-aktuelles-startseite","category-uncategorized"],"_links":{"self":[{"href":"https:\/\/sophie-scholl-schule.eu\/index.php?rest_route=\/wp\/v2\/posts\/2563","targetHints":{"allow":["GET"]}}],"collection":[{"href":"https:\/\/sophie-scholl-schule.eu\/index.php?rest_route=\/wp\/v2\/posts"}],"about":[{"href":"https:\/\/sophie-scholl-schule.eu\/index.php?rest_route=\/wp\/v2\/types\/post"}],"author":[{"embeddable":true,"href":"https:\/\/sophie-scholl-schule.eu\/index.php?rest_route=\/wp\/v2\/users\/1"}],"replies":[{"embeddable":true,"href":"https:\/\/sophie-scholl-schule.eu\/index.php?rest_route=%2Fwp%2Fv2%2Fcomments&post=2563"}],"version-history":[{"count":1,"href":"https:\/\/sophie-scholl-schule.eu\/index.php?rest_route=\/wp\/v2\/posts\/2563\/revisions"}],"predecessor-version":[{"id":3776,"href":"https:\/\/sophie-scholl-schule.eu\/index.php?rest_route=\/wp\/v2\/posts\/2563\/revisions\/3776"}],"wp:featuredmedia":[{"embeddable":true,"href":"https:\/\/sophie-scholl-schule.eu\/index.php?rest_route=\/wp\/v2\/media\/2562"}],"wp:attachment":[{"href":"https:\/\/sophie-scholl-schule.eu\/index.php?rest_route=%2Fwp%2Fv2%2Fmedia&parent=2563"}],"wp:term":[{"taxonomy":"category","embeddable":true,"href":"https:\/\/sophie-scholl-schule.eu\/index.php?rest_route=%2Fwp%2Fv2%2Fcategories&post=2563"},{"taxonomy":"post_tag","embeddable":true,"href":"https:\/\/sophie-scholl-schule.eu\/index.php?rest_route=%2Fwp%2Fv2%2Ftags&post=2563"}],"curies":[{"name":"wp","href":"https:\/\/api.w.org\/{rel}","templated":true}]}}