{"id":2560,"date":"2016-11-23T16:57:49","date_gmt":"2016-11-23T16:57:49","guid":{"rendered":"https:\/\/sophie-scholl-schule.eu\/?p=2560"},"modified":"2024-10-31T13:17:33","modified_gmt":"2024-10-31T13:17:33","slug":"abschluesse-und-pruefungen","status":"publish","type":"post","link":"https:\/\/sophie-scholl-schule.eu\/?p=2560","title":{"rendered":"Abschl\u00fcsse und Pr\u00fcfungen"},"content":{"rendered":"<p><img loading=\"lazy\" decoding=\"async\" class=\" alignleft size-full wp-image-2557\" src=\"https:\/\/sophie-scholl-schule.eu\/wp-content\/uploads\/2016\/11\/abibac.png\" alt=\"abibac\" style=\"margin-right: 10px; margin-top: 10px; float: left;\" width=\"335\" height=\"150\" srcset=\"https:\/\/sophie-scholl-schule.eu\/wp-content\/uploads\/2016\/11\/abibac.png 335w, https:\/\/sophie-scholl-schule.eu\/wp-content\/uploads\/2016\/11\/abibac-300x134.png 300w\" sizes=\"auto, (max-width: 335px) 100vw, 335px\" \/><\/p>\n<p>Die Sophie-Scholl-Schule bietet das kombinierte Abitur\/Baccalaur\u00e9at (Abibac) an. 2016 haben 27 Sch\u00fcler\/innen der Sophie-Scholl-Schule (\u00fcber 28 Kandidatinnen bzw. Kandidaten) das Abibac bestanden!<\/p>\n<p>Es handelt sich um den \u201eGleichzeitigen Erwerb der deutschen Allgemeinen Hochschulreife und des franz\u00f6sischen Baccalaur\u00e9at\u201c, der durch die Verwaltungsabsprache zwischen der Regierung der Bundesrepublik Deutschland und der Regierung der franz\u00f6sischen Republik \u2013(Abkommen von M\u00fchlhausen) geregelt wird.<\/p>\n<p>In der Bundesrepublik Deutschland k\u00f6nnen Sch\u00fcler\/innen durch das erfolgreiche Bestehen des franz\u00f6sischsprachigen Pr\u00fcfungsteils in Verbindung mit der Allgemeinen Hochschulreife das franz\u00f6sische Baccalaur\u00e9at erlangen. In Frankreich k\u00f6nnen Sch\u00fcler\/innen durch das erfolgreiche Bestehen des deutschsprachigen Pr\u00fcfungsteils in Verbindung mit dem Baccalaur\u00e9at das deutsche Abitur erhalten.<\/p>\n<p>Die Abiturpr\u00fcfungsordnungen der L\u00e4nder der Bundesrepublik Deutschland gelten unabh\u00e4ngig von der Pr\u00fcfungsordnung des franz\u00f6sischsprachigen Pr\u00fcfungsteils zur Erlangung des franz\u00f6sischen Baccalaur\u00e9at. (vgl. Senatsverwaltung f\u00fcr Schule, Bildung und Wissenschaft: \u201e<a href=\"https:\/\/sophie-scholl-schule.eu\/wp-content\/uploads\/2016\/11\/wegweiser_gymnasiale_oberstufe.pdf\" target=\"_blank\" title=\"Wegweiser f\u00fcr die gymnasiale Oberstufe\">Wegweiser f\u00fcr die gymnasiale Oberstufe<\/a>\u201c, Berlin).<\/p>\n<p><!--more--><\/p>\n<p>&nbsp;<\/p>\n<p>{slider=Bestehe ich automatisch beide Pr\u00fcfungen?}<\/p>\n<p>Nein. Die gleiche Arbeit wird von franz\u00f6sischen und von deutschen Pr\u00fcferinnen und Pr\u00fcfern n getrennt voneinander korrigiert und zensiert. So besteht die M\u00f6glichkeit, dass ein\/e Sch\u00fcler\/in das Abitur erh\u00e4lt, das Baccalaur\u00e9at aber nicht.<\/p>\n<p>Der Erwerb des Baccalaur\u00e9at setzt jedoch das erfolgreiche Bestehen der Abiturpr\u00fcfung voraus.<\/p>\n<p>Das Baccalaur\u00e9at ist mit der Durchschnittsnote von 10\/20 bestanden. Das entspricht einer ausreichenden Leistung.<\/p>\n<p>{\/slider}<\/p>\n<p>{slider=Hat die Note des Baccalaur\u00e9at Einfluss auf die Durchschnittsnote des deutschen Abiturs?}<\/p>\n<p>Nein. Die Noten bleiben unabh\u00e4ngig voneinander. Es ist somit m\u00f6glich, unterschiedliche Ergebnisse im Abitur und im Baccalaur\u00e9at zu erhalten.<\/p>\n<p>{\/slider}<\/p>\n<p>{slider=Wird f\u00fcr mich die Pr\u00fcfungsvorbereitung schwieriger, wenn ich das AbiBac machen will? Sind meine Erfolgschancen geringer als beim normalen Abitur?}<\/p>\n<p>Die Pr\u00fcfung f\u00fcr das Fach Franz\u00f6sisch entspricht im Niveau dem eines Leistungskurses, d.h. sie wird auch von Sch\u00fclerinnen und Sch\u00fclern abgelegt, die Franz\u00f6sisch erst ab der 5., der 7. oder sogar erst der 9. Klasse gelernt haben. Die Europasch\u00fcler\/innen erlernen die Sprache seit dem 6. Lebensjahr \u2013 sind also sehr gut vorbereitet.<\/p>\n<p>Seit der Grundschule wird in Sachkunde, Biologie, Geografie, Geschichte und sp\u00e4ter Gesellschaftskunde die Fachsprache einge\u00fcbt. Die Sch\u00fcler\/innen sind dementsprechend jahrelang darauf vorbereitet worden. Auch wer das Abitur in Deutsch ablegt, muss das entsprechende Fachvokabular beherrschen und in der Lage sein, sich fachspezifisch auszudr\u00fccken.{\/slider}<\/p>\n<p>{slider=Meine schriftlichen Leistungen sind nicht so gut. Werde ich die M\u00f6glichkeit haben, meine Note durch eine m\u00fcndliche Pr\u00fcfung aufzubessern?}<\/p>\n<p>Beim Baccalaur\u00e9at im Fach Franz\u00f6sisch sind eine schriftliche und eine m\u00fcndliche Pr\u00fcfung obligatorisch (Verh\u00e4ltnis 1:1).<\/p>\n<p>Beim Abitur ist nur die schriftliche Pr\u00fcfung verpflichtend. Haben aber eine schriftliche und eine m\u00fcndliche Pr\u00fcfung stattgefunden, werden die Pr\u00fcfungen im Verh\u00e4ltnis 2:1 (schriftlich: m\u00fcndlich) gewichtet.<\/p>\n<p>Es ist hervorzuheben, dass in den SESB-Klassen das Erreichen der Lernziele \u201erasches Erfassen von Texten\u201c und \u201efreies Sprechen\u201c, die f\u00fcr eine erfolgreiche m\u00fcndliche Pr\u00fcfung von besonderer Bedeutung sind, besonders intensiv vorbereitet wird. Au\u00dferdem erreichen Sch\u00fcler\/innen bereits beim m\u00fcndlichen Teil der DELF-Pr\u00fcfungen (Dipl\u00f4me d\u2019Etude de Langue Fran\u00e7aise), die sie ab Klasse 9 ablegen, besonders gute Noten. Da die Sch\u00fcler\/innen seit der Grundschule auf Franz\u00f6sisch \u2013 in der Regel von Muttersprachlerinnen und \u2013sprachlern \u2013 unterrichtet werden, sind sie auf die Anforderungen besonders gut vorbereitet.<\/p>\n<p>Wer seine schriftliche Note in Geschichte verbessern m\u00f6chte, kann freiwillig eine m\u00fcndliche Pr\u00fcfung ablegen.}{\/slider}<\/p>\n<p>{slider=Ich schreibe nicht fehlerfrei franz\u00f6sisch. Werden Fehler in den auf Franz\u00f6sisch unterrichteten Sachf\u00e4chern wie im Fach Franz\u00f6sisch gewichtet?}<\/p>\n<p>Nein. Da die Teilnahme am Unterricht in den Sachf\u00e4chern, die nicht in der Muttersprache unterrichtet werden, einer \u00fcberdurchschnittlichen Leistungsbereitschaft und -f\u00e4higkeit bedarf, werden allgemeinsprachliche Fehler nicht sehr streng zensiert. Eine Staffelung ist vorgesehen, wobei die Bewertung der sprachlichen Richtigkeit ab dem 3. Semester der des Abiturs entsprechen muss.<\/p>\n<p>Auch im deutschen Abitur werden bei der schriftlichen Arbeit Verst\u00f6\u00dfe gegen die sprachliche Richtigkeit oder gegen die \u00e4u\u00dfere Form ber\u00fccksichtigt. Bei der schriftlichen Pr\u00fcfung im Fach Geschichte im AbiBac werden Verst\u00f6\u00dfe gegen die sprachliche Richtigkeit gro\u00dfz\u00fcgiger bemessen als wenn das Fach auf Deutsch gepr\u00fcft werden w\u00fcrde.<\/p>\n<p>Jedoch stellt die angemessene und korrekte Verwendung der Fachsprache ein wichtiges Lernziel dar und Verst\u00f6\u00dfe in diesem Bereich werden als Inhaltsfehler gerechnet. Dies gilt auch f\u00fcr Pr\u00fcfungen im Fach Geschichte in deutscher Sprache.}{\/slider}<\/p>\n<p>{slider=Welche Lehrpl\u00e4ne gelten f\u00fcr Franz\u00f6sisch?}<\/p>\n<p>Es gilt der Lehrplan f\u00fcr Franz\u00f6sisch als Fremdsprache, wobei der Fehlerquotient f\u00fcr Franz\u00f6sisch als 1. Fremdsprache (ab Klasse 5) gilt. Der Unterricht gliedert sich in drei Lernbereiche:<\/p>\n<p>&#8211; Spracherwerb: Kommunikations- und Ausdrucksf\u00e4higkeit,<\/p>\n<p>&#8211; Wissenserwerb: landeskundliche und literarische Bildung,<\/p>\n<p>&#8211; Methodenerwerb: Verstehen und Verfassen von Texten.{\/slider}<\/p>\n<p>{slider=Was bringt mir das AbiBac mehr?}<\/p>\n<p>Das AbiBac<\/p>\n<p>&#8211; erm\u00f6glicht leichteren Zugang zu Bildungswegen, die durch verschiedene europ\u00e4ische St\u00e4dte und Hochschulen f\u00fchren (z.B. Deutsch-Franz\u00f6sische Hochschulen),<\/p>\n<p>&#8211; befreit von Aufnahmepr\u00fcfungen f\u00fcr bestimmten Hochschulen (z.B. \u201eSciences Po\u201c in Nancy oder die \u201eEcole d\u00b4Ing\u00e9nieurs\u201c in Lyon),<\/p>\n<p>&#8211; wird bei der Suche nach Ausbildungspl\u00e4tzen und Arbeitspl\u00e4tzen von Firmen besonders gesch\u00e4tzt, da Mehrsprachigkeit in der globalisierten Wirtschaft gefordert wird,<\/p>\n<p>&#8211; gibt Sch\u00fclerinnen und Sch\u00fclern eine geistige Offenheit, die sie zu Mittlern zwischen Kulturen werden l\u00e4sst,<\/p>\n<p>&#8211; \u00f6ffnet T\u00fcren in Richtung Europa.<\/p>\n<p>Als Europasch\u00fcler\/in ist man fr\u00fch mit doppelten oder mehrfachen Kulturen konfrontiert und erlebt Lehrer\/innen und Mitsch\u00fcler\/innen aus Deutschland und anderen frankophonen und nichtfrankophonen L\u00e4ndern.{\/slider}<\/p>\n<p>{slider=Wie viele Schulen k\u00f6nnen am AbiBac teilnehmen?}<\/p>\n<p>2016 bieten in Deutschland 82 Schulen und in Frankreich 84 Schulen das Abibac an. (siehe auch <a href=\"http:\/\/www.ciep.fr\/de\/abibac\/\" target=\"_blank\" rel=\"noopener\">http:\/\/www.ciep.fr\/de\/abibac\/<\/a>).{\/slider}<\/p>\n<p>{slider=Wer geh\u00f6rt zum Pr\u00fcfungsausschuss im Hinblick auf das Baccalaur\u00e9at?}<\/p>\n<p>Vorsitzende\/r des Pr\u00fcfungsausschusses f\u00fcr den franz\u00f6sischen Teil ist ein\/e Beauftragte\/r der franz\u00f6sischen Schulverwaltung.<\/p>\n<p>Zur Kommission geh\u00f6ren au\u00dferdem<\/p>\n<p>&#8211; der\/die Schulleiter\/in<\/p>\n<p>&#8211; ein\/e beauftragte\/r Verantwortliche\/r der zust\u00e4ndigen deutschen Beh\u00f6rde,<\/p>\n<p>&#8211; ein\/e Fachvertreter\/in,<\/p>\n<p>&#8211; die Lehrkr\u00e4fte der Schule, die die Arbeiten in den spezifischen F\u00e4chern korrigiert und benotet haben.{\/slider}<\/p>\n<p>{slider=Was muss man in Geschichte lernen?}<\/p>\n<p>Es gelten die gleichen Leitlinien, Ziele und Themen f\u00fcr beide L\u00e4nder.<\/p>\n<p>Der Lehrplan konzentriert sich auf die zeitgen\u00f6ssische Geschichte und reicht bis zur Gegenwart. Leitziel ist es, die Entstehung der heutigen Situation erkl\u00e4ren und in ihrem Funktionszusammenhang verstehen zu k\u00f6nnen:<\/p>\n<p>&#8211; Verst\u00e4ndnis f\u00fcr die heutige Welt schaffen,<\/p>\n<p>&#8211; zur Meinungs- und Urteilsbildung anleiten,<\/p>\n<p>&#8211; weltweit Herausforderungen und gegenseitige Abh\u00e4ngigkeiten bewusst machen.{\/slider}<\/p>\n<p>{slider=Welche Wahlm\u00f6glichkeiten der Pr\u00fcfungsf\u00e4cher bestehen beim Abitur (im Rahmen des AbiBac)?}<\/p>\n<p>Obligatorisch sind Franz\u00f6sisch (schriftlich) als 1. Pr\u00fcfungsfach sowie Geschichte als 3. Pr\u00fcfungsfach (schriftlich auf Franz\u00f6sisch).<\/p>\n<p>&#8211; Wird Deutsch, Englisch, Musik oder Kunst als 2. Pr\u00fcfungsfach gew\u00e4hlt, so muss<\/p>\n<p>entweder Mathematik oder eine Naturwissenschaft oder Informatik als 4. Pr\u00fcfungsfach (m\u00fcndlich) gew\u00e4hlt werden.<\/p>\n<p>&#8211; Wird Mathematik, eine Naturwissenschaft oder Informatik als 2. Pr\u00fcfungsfach gew\u00e4hlt, kann eines der folgenden F\u00e4cher als 4. Pr\u00fcfungsfach gew\u00e4hlt werden:<\/p>\n<p>Deutsch, Musik, Kunst, Mathematik, Physik, Chemie, Biologie (auf Deutsch), Informatik (Beginn Klasse 9 oder 11) oder eine zus\u00e4tzliche Fremdsprache (Englisch bzw. Latein oder Spanisch ab Klasse 9).<\/p>\n<p><a href=\"https:\/\/sophie-scholl-schule.eu\/wp-content\/uploads\/2016\/11\/tabelle_SESB.pdf\" target=\"_blank\" title=\"SESB Wahlm\u00f6glichkeiten\">SIEHE TABELLE<\/a>{\/slider}<\/p>\n<p>{slider=Eigentlich m\u00f6chte ich kein Sprachspezialist werden. Welche anderen Wahlm\u00f6glichkeiten habe ich?}<\/p>\n<p>S\u00e9rie S (mathematisch-naturwissenschaftlich):<\/p>\n<p>Leistungskurs Franz\u00f6sisch, Grundkurse Geschichte, Politikwissenschaft und Geografie (auf Franz\u00f6sisch) sind vorgeschrieben. Hinzu kommen zu Erlangung der S\u00e9rie S:<\/p>\n<p>entweder<\/p>\n<p>&#8211; Leistungskurs Mathematik,<\/p>\n<p>&#8211; Grundkurs in einer der Naturwissenschaften<\/p>\n<p>oder umgekehrt<\/p>\n<p>&#8211; Leistungskurs in einer der Naturwissenschaften,<\/p>\n<p>&#8211; Grundkurs Mathematik<\/p>\n<p>Alle diese F\u00e4cher werden auf Deutsch unterrichtet und gepr\u00fcft.{\/slider}<\/p>\n<p>{slider=Ich m\u00f6chte ein literarisches Abitur ablegen. Welche F\u00e4cher muss ich nehmen?}<\/p>\n<p>Serie L (philosophisch-sprachlich) wird mit folgender Kombination anerkannt:<\/p>\n<p>&#8211; Leistungskurs Franz\u00f6sisch,<\/p>\n<p>&#8211; Grundkurse Geschichte, Politikwissenschaft und Geografie (alle in franz\u00f6sischer Sprache)<\/p>\n<p>&#8211; ein weiterer Grund- oder Leistungskurs im Bereich der Sprachen (auch Deutsch),<\/p>\n<p>&#8211; die \u00fcbrigen F\u00e4cher im Grund- und Leistungskursbereich.{\/slider}<\/p>\n<p>{slider=Welche Pflichtkurse m\u00fcssen w\u00e4hrend der vier Semester besucht werden?}<\/p>\n<p>Es gelten die gleichen Regelungen wie beim Abitur:<\/p>\n<p>&#8211; 4 Kurse in Deutsch, Mathematik, Biologie (nach M\u00f6glichkeit auf Franz\u00f6sisch im Rahmen der SESB und Sport<\/p>\n<p>&#8211; 2 Kurse in Musik oder Kunst oder Darstellendem Spiel, in Physik\/Chemie sowie jeweils zwei Kurse in Geografie und Politikwissenschaft (beide auf Franz\u00f6sisch) {\/slider}<\/p>\n<p>{slider=Muss ich eine Pr\u00fcfung in Geografie oder in Politikwissenschaft absolvieren?}<\/p>\n<p>Nein, da beide F\u00e4cher keine Abiturf\u00e4cher im engeren Sinne sind. Eine Zensur ist aber f\u00fcr das Baccalaur\u00e9at notwendig; sie wird aus der Durchschnittsnote aus den Punkten des 1. und 2. Semesters des Faches Geografie sowie des 3. und 4. Semesters des Faches Politikwissenschaft gebildet. Die aktive Teilnahme am Unterricht gewinnt hier eine besondere Bedeutung.{\/slider}<\/p>\n<p>{slider=Kann ich ein Pr\u00e4dikat &#8211; eine \u201eMention\u201c- beim Baccalaur\u00e9at erhalten?}<\/p>\n<p>Die Ergebnisse werden in das franz\u00f6sische Notensystem (maximal 20 Punkte) \u00fcbertragen. Die Teilleistungen werden einfach gewichtet und arithmetisch gemittelt. Auf der Grundlage des Gesamtergebnisses kann der Pr\u00fcfungsausschuss das Pr\u00e4dikat \u201etr\u00e8s bien\u201c, \u201ebien\u201c oder \u201eassez bien\u201c vergeben.{\/slider}<\/p>\n<p>{slider=Wer korrigiert die franz\u00f6sischen Pr\u00fcfungen auf der franz\u00f6sischen Seite?}<\/p>\n<p>Schriftliche und m\u00fcndliche Pr\u00fcfungen werden sowohl von den franz\u00f6sischen als auch von den deutschen Beauftragten korrigiert und zensiert. So kann ein\/e Sch\u00fcler\/in f\u00fcr das gleiche Fach unterschiedliche Noten (f\u00fcr das Abitur bzw. das Baccalaur\u00e9at) erhalten.{\/slider}<\/p>\n<p>{slider=Kann ich in der Oberstufe aus der SESB aussteigen und ein normales Abitur an der Sophie-Scholl-Schule ablegen?}<\/p>\n<p>Diese M\u00f6glichkeit gibt es, allerdings muss, falls in der 9. Klasse keine dritte Fremdsprache begonnen wurde, Franz\u00f6sisch in der 11. Klasse noch belegt werden und zwar zusammen mit den SESB-Sch\u00fcler\/innen . Die Sophie- Scholl-Schule bietet keinen Kurs f\u00fcr Sch\u00fcler\/innen mit Franz\u00f6sisch als 1. Fremdsprache au\u00dferhalb der SESB an, da sie in der Mittelstufe eine andere Fremdsprachenfolge hat.<\/p>\n<p>Allerdings ist ein anschlie\u00dfender Ausstieg aus der SESB im Kurssystem der gymnasialen Oberstufe nicht zu empfehlen: Zum Einen wegen des Verzichts auf die Vorteile, die ein AbiBac bietet (siehe oben), zum Anderen, weil nach der Anstrengung von elf Jahren Franz\u00f6sisch auf dem sp\u00e4teren Abiturzeugnis nur eine ganz normale Note erscheint, aus der die besonderen Leistungen im Rahmen der SESB nicht mehr erkennbar sind.<\/p>\n<p>Will ein\/e Sch\u00fcler\/in Franz\u00f6sisch als Leistungsfach trotz Ausstiegs aus der SESB weiter belegen, so kann sie\/er dies an der Sophie-Scholl-Schule nur in dem gemeinsamen Kurs mit den SESB- Sch\u00fcler\/innen tun. Die Anforderungen werden aber schon dadurch h\u00f6her sein, dass die SESB-Sch\u00fcler\/innen mit Geschichte (1. &#8211; 4. Semester) und Geografie (im 1. und 2. Semester) bzw. Politikwissenschaft (im 3. und 4. Semester) und ggf. Biologie zus\u00e4tzliche Stunden pro Woche auf Franz\u00f6sisch haben, also die Leistungsspanne zwischen den SESB-Sch\u00fcle\/innen und denen, die nur das Leistungsfach Franz\u00f6sisch belegen, immer gr\u00f6\u00dfer wird.<\/p>\n<p>Auch hier gilt, dass nach 13 Jahren Franz\u00f6sisch das Abiturzeugnis dann nur eine ganz normale Leistungsfachnote f\u00fcr Franz\u00f6sisch enth\u00e4lt, aus der die besonderen Leistungen im Rahmen der SESB nicht mehr deutlich werden. Deshalb empfehlen wir dringend, auf die Vorteile des AbiBacs nicht leichtfertig zu verzichten.{\/slider}<\/p>\n<hr \/>\n","protected":false},"excerpt":{"rendered":"<p>Die Sophie-Scholl-Schule bietet das kombinierte Abitur\/Baccalaur\u00e9at (Abibac) an. 2016 haben 27 Sch\u00fcler\/innen der Sophie-Scholl-Schule (\u00fcber 28 Kandidatinnen bzw. Kandidaten) das Abibac bestanden! Es handelt sich um den \u201eGleichzeitigen Erwerb der deutschen Allgemeinen Hochschulreife und des franz\u00f6sischen Baccalaur\u00e9at\u201c, der durch die Verwaltungsabsprache zwischen der Regierung der Bundesrepublik Deutschland und der Regierung der franz\u00f6sischen Republik \u2013(Abkommen von [&hellip;]<\/p>\n","protected":false},"author":1,"featured_media":2557,"comment_status":"closed","ping_status":"closed","sticky":false,"template":"","format":"standard","meta":{"footnotes":""},"categories":[188,146],"tags":[],"class_list":["post-2560","post","type-post","status-publish","format-standard","has-post-thumbnail","hentry","category-aktuelles-startseite","category-sesb"],"_links":{"self":[{"href":"https:\/\/sophie-scholl-schule.eu\/index.php?rest_route=\/wp\/v2\/posts\/2560","targetHints":{"allow":["GET"]}}],"collection":[{"href":"https:\/\/sophie-scholl-schule.eu\/index.php?rest_route=\/wp\/v2\/posts"}],"about":[{"href":"https:\/\/sophie-scholl-schule.eu\/index.php?rest_route=\/wp\/v2\/types\/post"}],"author":[{"embeddable":true,"href":"https:\/\/sophie-scholl-schule.eu\/index.php?rest_route=\/wp\/v2\/users\/1"}],"replies":[{"embeddable":true,"href":"https:\/\/sophie-scholl-schule.eu\/index.php?rest_route=%2Fwp%2Fv2%2Fcomments&post=2560"}],"version-history":[{"count":1,"href":"https:\/\/sophie-scholl-schule.eu\/index.php?rest_route=\/wp\/v2\/posts\/2560\/revisions"}],"predecessor-version":[{"id":4199,"href":"https:\/\/sophie-scholl-schule.eu\/index.php?rest_route=\/wp\/v2\/posts\/2560\/revisions\/4199"}],"wp:featuredmedia":[{"embeddable":true,"href":"https:\/\/sophie-scholl-schule.eu\/index.php?rest_route=\/wp\/v2\/media\/2557"}],"wp:attachment":[{"href":"https:\/\/sophie-scholl-schule.eu\/index.php?rest_route=%2Fwp%2Fv2%2Fmedia&parent=2560"}],"wp:term":[{"taxonomy":"category","embeddable":true,"href":"https:\/\/sophie-scholl-schule.eu\/index.php?rest_route=%2Fwp%2Fv2%2Fcategories&post=2560"},{"taxonomy":"post_tag","embeddable":true,"href":"https:\/\/sophie-scholl-schule.eu\/index.php?rest_route=%2Fwp%2Fv2%2Ftags&post=2560"}],"curies":[{"name":"wp","href":"https:\/\/api.w.org\/{rel}","templated":true}]}}