{"id":2553,"date":"2016-11-20T16:27:08","date_gmt":"2016-11-20T16:27:08","guid":{"rendered":"https:\/\/sophie-scholl-schule.eu\/?p=2553"},"modified":"2024-10-31T13:17:42","modified_gmt":"2024-10-31T13:17:42","slug":"berufsberatung-fuer-die-oberstufe","status":"publish","type":"post","link":"https:\/\/sophie-scholl-schule.eu\/?p=2553","title":{"rendered":"Berufsberatung f\u00fcr die Oberstufe"},"content":{"rendered":"<div style=\"padding-left: 35.45pt;\"><span style=\"font-family: Arial; font-size: x-small;\"><span style=\"font-size: 10pt;\"><span style=\"color: #1e5e92;\">Liebe Abiturientinnen und Abiturienten,<\/span> <\/span><\/span><\/div>\n<div style=\"padding-left: 35.45pt;\"><span style=\"font-family: Arial; font-size: x-small;\"><span style=\"font-size: 10pt;\"><span style=\"color: #1e5e92;\">woran erkennen Sie Kunst? Kenner meinen, Kunst kommt von K\u00f6nnen. Und alles andere sei leider nur gut gemeint. Edison meinte zur Kreativit\u00e4t, das Genie bestehe zu 99% aus Transpiration und zu 1% aus Inspiration. Frei interpretiert: ohne Schwei\u00df, kein Preis.<br \/>\n<!--more--><br \/>\nGute Vorbereitung, Ehrgeiz, harte Arbeit \u2013 wenn Sie mit Design, Kunst und Kreativit\u00e4t ins Berufsleben starten wollen, stellen Sie sich zun\u00e4chst einer Jury (Jaha \u2013 die Mappe!) . Eben diese Jurys bieten Ihnen jetzt an vorbeizukommen \u2013 unser Newsletter gibt Ihnen den \u00dcberblick zu diesen und nat\u00fcrlich allen anderen Terminen. Der ber\u00fcchtigt graue November bietet einiges. Wir wollen noch besonders auf den \u201eGreenday\u201c hinweisen, dem Durchblick f\u00fcr alle, die Klimaschutz zu ihrem Beruf machen wollen. Wir freuen uns, Sie zu treffen.<\/span> <\/span><\/span><\/div>\n<div style=\"padding-left: 35.45pt;\"><span style=\"font-family: Arial; font-size: x-small;\"><span style=\"font-size: 10pt;\"><span style=\"font-family: Calibri; font-size: x-small;\"><span style=\"font-size: 11pt;\"><\/span><\/span> <\/span><\/span><\/div>\n<div style=\"padding-left: 35.45pt;\"><span style=\"font-family: Arial; font-size: x-small;\"><span style=\"font-size: 10pt;\"><span style=\"color: red;\">Ihre Berufsberatung<\/span> <\/span><\/span><\/div>\n<div style=\"padding-left: 35.45pt;\"><span style=\"font-family: Arial; font-size: x-small;\"><span style=\"font-size: 10pt;\"><span style=\"color: red;\">Agenturen f\u00fcr Arbeit Berlin<\/span> <\/span><\/span><\/div>\n<div style=\"padding-left: 35.45pt;\"><span style=\"font-family: Arial; font-size: x-small;\"><span style=\"font-size: 10pt;\"><span style=\"color: #be2b0e; font-family: Calibri; font-size: x-small;\"><span style=\"font-size: 11pt;\"><\/span><\/span> <\/span><\/span><\/div>\n<div style=\"padding-left: 35.45pt;\"><span style=\"font-family: Arial; font-size: x-small;\"><span style=\"font-size: 10pt;\"><span style=\"color: #1e5e92;\">einen Termin zur Studien- und Berufsberatung vereinbaren&nbsp;&nbsp;<\/span> <\/span><\/span><\/div>\n<div style=\"padding-left: 35.45pt;\"><span style=\"font-family: Arial; font-size: x-small;\"><span style=\"font-size: 10pt;\"><span style=\"color: #1e5e92;\">telefonisch: 0800 4 5555 00 &gt; geb\u00fchrenfreier Anruf Mo-Fr 08:00-18:00Uhr<\/span> <\/span><\/span><\/div>\n<div style=\"padding-left: 35.45pt;\"><span style=\"font-family: Arial; font-size: x-small;\"><span style=\"font-size: 10pt;\"><span style=\"color: #1e5e92;\">online:<a href=\"http:\/\/www.berufsberatung-kontakt.de\" target=\"_blank\" rel=\"noopener\"><span style=\"color: blue;\"><span style=\"text-decoration: underline;\"> www.berufsberatung-kontakt.de<\/span><\/span><\/a><\/span> <\/span><\/span><\/div>\n<div style=\"padding-left: 35.45pt;\"><span style=\"font-family: Arial; font-size: x-small;\"><span style=\"font-size: 10pt;\"><span style=\"font-family: Calibri; font-size: x-small;\"><span style=\"font-size: 11pt;\"><a href=\"http:\/\/www.abi-berufsberatung-berlin.de\" target=\"_blank\" rel=\"noopener\"><span style=\"color: blue; font-family: Arial; font-size: x-small;\"><span style=\"font-size: 10pt;\"><span style=\"text-decoration: underline;\">www.abi-berufsberatung-berlin.de<\/span><\/span><\/span><\/a><\/span><\/span> <\/span><\/span><\/div>\n<div style=\"padding-left: 35.45pt;\"><span style=\"font-family: Arial; font-size: x-small;\"><span style=\"font-size: 10pt;\"><span style=\"font-family: Calibri; font-size: x-small;\"><span style=\"font-size: 11pt;\"><\/span><\/span> <\/span><\/span><\/div>\n<div style=\"padding-left: 35.45pt;\"><span style=\"font-family: Arial; font-size: x-small;\"><span style=\"font-size: 10pt;\"><span style=\"color: #1e5e92;\">p.s. Der<a href=\"https:\/\/www.arbeitsagentur.de\/web\/wcm\/idc\/groups\/public\/documents\/webdatei\/mdaw\/mtqx\/%7Eedisp\/l6019022dstbai771841.pdf?_ba.sid=L6019022DSTBAI771844\" target=\"_blank\" rel=\"noopener\"><span style=\"color: blue;\"><span style=\"text-decoration: underline;\"> Veranstaltungskalender<\/span><\/span><\/a> ist ein Freiticket f\u00fcr die Einstieg-Messe am 11. und 12. November. Wenn Sie noch kein Exemplar haben, wenden Sie sich bitte an Ihre\/n Berufsberater\/in.<\/span> <\/span><\/span><\/div>\n<div style=\"padding-left: 35.45pt;\"><span style=\"font-family: Arial; font-size: x-small;\"><span style=\"font-size: 10pt;\"><span style=\"font-family: Calibri; font-size: x-small;\"><span style=\"font-size: 11pt;\"><\/span><\/span> <\/span><\/span><\/div>\n<div style=\"padding-left: 35.45pt;\"><span style=\"font-family: Arial; font-size: x-small;\"><span style=\"font-size: 10pt;\"><span style=\"font-family: Calibri; font-size: x-small;\"><span style=\"font-size: 11pt;\"><\/span><\/span><span style=\"font-family: Calibri; font-size: x-small;\"><span style=\"font-size: 11pt;\"><\/span><\/span><strong><span style=\"text-decoration: underline;\">1.<\/span><\/strong><strong><span style=\"text-decoration: underline;\"> Messen<\/span><\/strong><strong><span style=\"text-decoration: underline;\"> und<\/span><\/strong><strong><span style=\"text-decoration: underline;\"> Hochschultage<\/span><\/strong> <\/span><\/span><\/div>\n<div style=\"padding-left: 35.45pt;\"><span style=\"font-family: Arial; font-size: x-small;\"><span style=\"font-size: 10pt;\"><strong><span style=\"text-decoration: underline;\">2.<\/span><\/strong><strong><span style=\"text-decoration: underline;\"> Veranstaltungen<\/span><\/strong><strong><span style=\"text-decoration: underline;\"> zur<\/span><\/strong><strong><span style=\"text-decoration: underline;\"> Studien-<\/span><\/strong><strong><span style=\"text-decoration: underline;\"> und<\/span><\/strong><strong><span style=\"text-decoration: underline;\"> Berufsorientierung<\/span><\/strong> <\/span><\/span><\/div>\n<div style=\"padding-left: 35.45pt;\"><span style=\"font-family: Arial; font-size: x-small;\"><span style=\"font-size: 10pt;\"><strong><span style=\"text-decoration: underline;\">3.<\/span><\/strong><strong><span style=\"text-decoration: underline;\"> Interessantes<\/span><\/strong> <\/span><\/span><\/div>\n<div style=\"padding-left: 35.45pt;\"><span style=\"font-family: Arial; font-size: x-small;\"><span style=\"font-size: 10pt;\">&nbsp; <\/span><\/span><\/div>\n<div style=\"padding-left: 35.45pt;\"><span style=\"font-family: Arial; font-size: x-small;\"><span style=\"font-size: 10pt;\"><span style=\"color: red;\"><strong>1. Messen<\/strong><strong> und<\/strong><strong> Hochschultage<\/strong><\/span> <\/span><\/span><\/div>\n<div style=\"padding-left: 35.45pt;\"><span style=\"font-family: Arial; font-size: x-small;\"><span style=\"font-size: 10pt;\"><span style=\"color: red; font-family: Calibri; font-size: x-small;\"><span style=\"font-size: 11pt;\"><\/span><\/span> <\/span><\/span><\/div>\n<div style=\"padding-left: 35.45pt;\"><span style=\"font-family: Arial; font-size: x-small;\"><span style=\"font-size: 10pt;\"><strong>Alle<\/strong><strong> Tage<\/strong><strong> der<\/strong><strong> offenen<\/strong><strong> T\u00fcr<\/strong><strong> an<\/strong><strong> den<\/strong><strong> Fachhochschulen<\/strong><strong> und<\/strong><strong> Universit\u00e4ten<\/strong><strong> dienen<\/strong><strong> dazu,<\/strong><strong> Ihnen<\/strong><strong> Einblicke<\/strong><strong> in<\/strong><strong> Studieng\u00e4nge<\/strong><strong> zu<\/strong><strong> geben,<\/strong><strong> direkt<\/strong><strong> Ihre<\/strong><strong> Fragen<\/strong><strong> an<\/strong><strong> Studenten<\/strong><strong> und<\/strong><strong> Hochschullehrer<\/strong><strong> zu<\/strong><strong> richten<\/strong><strong> und<\/strong><strong> wenn<\/strong><strong> m\u00f6glich<\/strong><strong> auch<\/strong><strong> Labore<\/strong><strong> und<\/strong><strong> Werkst\u00e4tten<\/strong><strong> zu<\/strong><strong> besichtigen.<\/strong><strong> Au\u00dferdem<\/strong><strong> gibt<\/strong><strong> es<\/strong><strong> allgemeine<\/strong><strong> Informationen<\/strong><strong> zum<\/strong><strong> Studium<\/strong><strong> im<\/strong><strong> Ausland,<\/strong><strong> Finanzierung<\/strong><strong> des<\/strong><strong> Studium,<\/strong><strong> wie<\/strong><strong> entscheide<\/strong><strong> ich<\/strong><strong> mich<\/strong><strong> richtig<\/strong><strong> und<\/strong><strong> vieles<\/strong><strong> mehr.<\/strong> <\/span><\/span><\/div>\n<div style=\"padding-left: 35.45pt;\"><span style=\"font-family: Arial; font-size: x-small;\"><span style=\"font-size: 10pt;\"><span style=\"color: #1f497d; font-family: Calibri; font-size: x-small;\"><span style=\"font-size: 11pt;\"><\/span><\/span> <\/span><\/span><\/div>\n<div style=\"padding-left: 35.45pt;\"><span style=\"font-family: Arial; font-size: x-small;\"><span style=\"font-size: 10pt;\"><span style=\"color: #1f497d; font-family: Calibri; font-size: x-small;\"><span style=\"font-size: 11pt;\"><\/span><\/span> <\/span><\/span><\/div>\n<div style=\"padding-left: 35.45pt;\"><span style=\"font-family: Arial; font-size: x-small;\"><span style=\"font-size: 10pt;\"><strong>Parentum Berlin West und Havelregion<\/strong> <\/span><\/span><\/div>\n<div style=\"padding-left: 35.45pt;\"><span style=\"font-family: Arial; font-size: x-small;\"><span style=\"font-size: 10pt;\"><span style=\"color: #3333ff;\"><strong>05.11.2016&nbsp;&nbsp;&nbsp;&nbsp;&nbsp; 10:00 &#8211; 14:00 Uhr<\/strong><\/span> <\/span><\/span><\/div>\n<div style=\"padding-left: 35.45pt;\"><span style=\"font-family: Arial; font-size: x-small;\"><span style=\"font-size: 10pt;\">Neben dem individuellen Gespr\u00e4ch mit den Ausstellern bietet die Veranstaltung ein informatives Rahmenprogramm: In Vortr\u00e4gen geben Personalverantwortliche wertvolle Tipps, wie man das Vorstellungsgespr\u00e4ch meistert, Bewerbungsunterlagen aufwertet und wie Eltern ihre Kinder bei der Berufswahl unterst\u00fctzen k\u00f6nnen. Wer sich Wartezeiten ersparen m\u00f6chte, kann Beratungs- und Gespr\u00e4chstermine schon vorab vereinbaren. <\/span><\/span><\/div>\n<div style=\"padding-left: 35.45pt;\"><span style=\"font-family: Arial; font-size: x-small;\"><span style=\"font-size: 10pt;\"><strong>Ort:<\/strong> OSZ Technische Informatik, Industrieelektronik, Energiemanagement (TIEM), Goldbeckweg 8-14, 13599 Berlin <\/span><\/span><\/div>\n<div style=\"padding-left: 35.45pt;\"><span style=\"font-family: Arial; font-size: x-small;\"><span style=\"font-size: 10pt;\"><strong>Infos im Netz:<\/strong><a href=\"http:\/\/www.parentum.de\" target=\"_blank\" rel=\"noopener\"><span style=\"color: blue;\"><span style=\"text-decoration: underline;\"> www.parentum.de<\/span><\/span><\/a> <\/span><\/span><\/div>\n<div style=\"padding-left: 35.45pt;\"><span style=\"font-family: Arial; font-size: x-small;\"><span style=\"font-size: 10pt;\"><span style=\"color: #1f497d; font-family: Calibri; font-size: x-small;\"><span style=\"font-size: 11pt;\"><\/span><\/span> <\/span><\/span><\/div>\n<div style=\"padding-left: 35.45pt;\"><span style=\"font-family: Arial; font-size: x-small;\"><span style=\"font-size: 10pt;\"><strong>EINSTIEG<\/strong><strong> Berlin<\/strong><strong> \u2013<\/strong><strong> Messe<\/strong><strong> f\u00fcr<\/strong><strong> Ausbildung<\/strong><strong> und<\/strong><strong> Studium<\/strong> <\/span><\/span><\/div>\n<div style=\"padding-left: 35.45pt;\"><span style=\"font-family: Arial; font-size: x-small;\"><span style=\"font-size: 10pt;\"><span style=\"color: #3333ff;\"><strong>11.11.<\/strong><strong> und<\/strong><strong> 12.11.2016&nbsp;&nbsp; jeweils<\/strong><strong> 09:00<\/strong><strong> \u2013<\/strong><strong> 16:00<\/strong><strong> Uhr<\/strong><\/span> <\/span><\/span><\/div>\n<div style=\"padding-left: 35.45pt;\"><span style=\"font-family: Arial; font-size: x-small;\"><span style=\"font-size: 10pt;\">Rund 220 Aussteller bieten Informationen zu Ausbildungs- und Studieng\u00e4ngen. Neben Hochschulen aus dem In- und Ausland informieren auch Verb\u00e4nde, Unternehmen und Sprachreiseanbieter zum Thema Berufswahl, Auslandsaufenthalt und Praktika. Der Interessencheck hilft Ihnen herauszufinden, welche beruflichen Interessen und F\u00e4higkeiten bei Ihnen besonders ausgepr\u00e4gt sind und Sie erhalten neben Ihrem Profil eine Liste der passenden Aussteller und Programmpunkte. Zudem k\u00f6nnen Sie in der Berufe Challenge zahlreiche T\u00e4tigkeiten verschiedener Berufsbilder ausprobieren. Aussteller aus den Bereichen Medizin, Therapie und Pflege beraten im Themenforum \u201eGesundheit\u201c zum Berufseinstieg und zu den Karrierem\u00f6glichkeiten. Tipps zu Ihrer Bewerbungsmappe gibt es im Bewerbungsforum. <\/span><\/span><\/div>\n<div style=\"padding-left: 35.45pt;\"><span style=\"font-family: Arial; font-size: x-small;\"><span style=\"font-size: 10pt;\"><strong>Ort:<\/strong> Messegel\u00e4nde Berlin, Halle 1.1 + Foyer S\u00fcd <\/span><\/span><\/div>\n<div style=\"padding-left: 35.45pt;\"><span style=\"font-family: Arial; font-size: x-small;\"><span style=\"font-size: 10pt;\"><strong>Kosten:<\/strong> Tageskarte 5,- EUR, Lehrer k\u00f6nnen f\u00fcr sich und ihre Sch\u00fcler Freikarten bestellen. Der aktuelle Veranstaltungskalender der Berufsberatung f\u00fcr Abiturienten der Agenturen f\u00fcr Arbeit Berlin berechtigt zum freien Eintritt. <\/span><\/span><\/div>\n<div style=\"padding-left: 35.45pt;\"><span style=\"font-family: Arial; font-size: x-small;\"><span style=\"font-size: 10pt;\"><strong>Infos<\/strong><strong> im<\/strong><strong> Netz:<\/strong><a href=\"http:\/\/www.einstieg.com\/messen\/berlin.html\" target=\"_blank\" rel=\"noopener\"><span style=\"color: blue;\"><span style=\"text-decoration: underline;\"> <\/span><\/span><\/a><span style=\"color: blue;\"><span style=\"text-decoration: underline;\"><a href=\"http:\/\/www.einstieg.com\/messen\/berlin.html\">http:\/\/www.einstieg.com\/messen\/berlin.html<\/a><\/span><\/span> <\/span><\/span><\/div>\n<div style=\"padding-left: 35.45pt;\"><span style=\"font-family: Arial; font-size: x-small;\"><span style=\"font-size: 10pt;\"><span style=\"color: #1f497d; font-family: Calibri; font-size: x-small;\"><span style=\"font-size: 11pt;\"><\/span><\/span> <\/span><\/span><\/div>\n<div style=\"padding-left: 35.45pt;\"><span style=\"font-family: Arial; font-size: x-small;\"><span style=\"font-size: 10pt;\"><strong>Green<\/strong><strong> Day<\/strong> <\/span><\/span><\/div>\n<div style=\"padding-left: 35.45pt;\"><span style=\"font-family: Arial; font-size: x-small;\"><span style=\"font-size: 10pt;\"><span style=\"color: #3333ff;\"><strong>14.11.2016<\/strong><\/span> <\/span><\/span><\/div>\n<div style=\"padding-left: 35.45pt;\"><span style=\"font-family: Arial; font-size: x-small;\"><span style=\"font-size: 10pt;\">Am &#8222;Green Day&#8220; k\u00f6nnen Berufs- und Studienperspektiven durch praktische Erfahrungen in den Bereichen Umweltschutz, Gr\u00fcne Technologien und Klimaschutzforschung kennengelernt werden. Viele verschiedenen Unternehmen und Hochschulen \u00f6ffnen dazu Ihre T\u00fcren f\u00fcr Interessierte. <\/span><\/span><\/div>\n<div style=\"padding-left: 35.45pt;\"><span style=\"font-family: Arial; font-size: x-small;\"><span style=\"font-size: 10pt;\"><strong>Anmeldung<\/strong><strong> erforderlich<\/strong><strong> unter<\/strong><a href=\"http:\/\/www.greendaydeutschland.de\/\" target=\"_blank\" rel=\"noopener\"><span style=\"color: blue;\"><span style=\"text-decoration: underline;\"> <\/span><\/span><\/a><span style=\"color: blue;\"><span style=\"text-decoration: underline;\"><a href=\"http:\/\/www.greendaydeutschland.de\/\">http:\/\/www.greendaydeutschland.de\/<\/a><\/span><\/span> <\/span><\/span><\/div>\n<div style=\"padding-left: 35.45pt;\"><span style=\"font-family: Arial; font-size: x-small;\"><span style=\"font-size: 10pt;\"><strong>Infos<\/strong><strong> im<\/strong><strong> Netz:<\/strong><a href=\"http:\/\/www.greendaydeutschland.de\/\" target=\"_blank\" rel=\"noopener\"><span style=\"color: blue;\"><span style=\"text-decoration: underline;\"> <\/span><\/span><\/a><span style=\"color: blue;\"><span style=\"text-decoration: underline;\"><a href=\"http:\/\/www.greendaydeutschland.de\/\">http:\/\/www.greendaydeutschland.de\/<\/a><\/span><\/span> <\/span><\/span><\/div>\n<div style=\"padding-left: 35.45pt;\"><span style=\"font-family: Arial; font-size: x-small;\"><span style=\"font-size: 10pt;\"><span style=\"color: #1f497d; font-family: Calibri; font-size: x-small;\"><span style=\"font-size: 11pt;\"><\/span><\/span> <\/span><\/span><\/div>\n<div style=\"padding-left: 35.45pt;\"><span style=\"font-family: Arial; font-size: x-small;\"><span style=\"font-size: 10pt;\"><strong>7. Cruise Jobs &amp; Hotel Career Lounge<\/strong> <\/span><\/span><\/div>\n<div style=\"padding-left: 35.45pt;\"><span style=\"font-family: Arial; font-size: x-small;\"><span style=\"font-size: 10pt;\"><span style=\"color: #3333ff;\"><strong>17.11.2016&nbsp;&nbsp;&nbsp;&nbsp;&nbsp; 10:00 \u2013 18:00 Uhr<\/strong><\/span> <\/span><\/span><\/div>\n<div style=\"padding-left: 35.45pt;\"><span style=\"font-family: Arial; font-size: x-small;\"><span style=\"font-size: 10pt;\">11 Hochsee-Reedereien mit insgesamt \u00fcber 140 Schiffen \u2013 auf weltweiten Routen und auf allen 7 Weltmeeren \u2013 7 Fluss-Reedereien mit insgesamt \u00fcber 210 Schiffen&nbsp; \u2013 auf vorwiegend europ\u00e4ischen Routen, aber auch internationalen Routen \u2013 4 Hotels bzw. Hotelgruppen mit insgesamt \u00fcber 155 Hotels \u2013 in 11 L\u00e4ndern Europas \u2013 pr\u00e4sentieren ihre Unternehmen mit duale Studieng\u00e4nge, Ausbildungspl\u00e4tze und Jobs. <\/span><\/span><\/div>\n<div style=\"padding-left: 35.45pt;\"><span style=\"font-family: Arial; font-size: x-small;\"><span style=\"font-size: 10pt;\"><strong>Ort:<\/strong> Leonardo Royal Hotel Berlin Alexanderplatz, Otto-Braun-Stra\u00dfe 90, 10249 Berlin <\/span><\/span><\/div>\n<div style=\"padding-left: 35.45pt;\"><span style=\"font-family: Arial; font-size: x-small;\"><span style=\"font-size: 10pt;\"><strong>Anmeldung:<\/strong> eine Registrierung ist \u00fcber die Homepage erforderlich&nbsp; <\/span><\/span><\/div>\n<div style=\"padding-left: 35.45pt;\"><span style=\"font-family: Arial; font-size: x-small;\"><span style=\"font-size: 10pt;\"><strong>Infos im Netz:<\/strong><a href=\"http:\/\/www.careerjoblounge.de\/job-fair\/cruise-jobs-hotel-career-lounge-berlin\/#ticket\" target=\"_blank\" rel=\"noopener\"><span style=\"text-decoration: underline;\"> <\/span><\/a><span style=\"text-decoration: underline;\"><a href=\"http:\/\/www.careerjoblounge.de\/job-fair\/cruise-jobs-hotel-career-lounge-berlin\/#ticket\">http:\/\/www.careerjoblounge.de\/job-fair\/cruise-jobs-hotel-career-lounge-berlin\/#ticket<\/a><\/span> <\/span><\/span><\/div>\n<div style=\"padding-left: 35.45pt;\"><span style=\"font-family: Arial; font-size: x-small;\"><span style=\"font-size: 10pt;\"><span style=\"color: red; font-family: Calibri; font-size: x-small;\"><span style=\"font-size: 11pt;\"><\/span><\/span> <\/span><\/span><\/div>\n<div style=\"padding-left: 35.45pt;\"><span style=\"font-family: Arial; font-size: x-small;\"><span style=\"font-size: 10pt;\"><strong>EXPOLINGUA<\/strong><strong> Berlin<\/strong><strong> 2016<\/strong><strong> &#8211;<\/strong><strong> Messe<\/strong><strong> f\u00fcr<\/strong><strong> Sprachen<\/strong><strong> und<\/strong><strong> Kulturen<\/strong> <\/span><\/span><\/div>\n<div style=\"padding-left: 35.45pt;\"><span style=\"font-family: Arial; font-size: x-small;\"><span style=\"font-size: 10pt;\"><span style=\"color: #3333ff;\"><strong>18.11.<\/strong><strong> \u2013<\/strong><strong> 19.11.2016&nbsp;&nbsp;&nbsp;&nbsp;&nbsp;&nbsp;&nbsp;&nbsp;&nbsp;&nbsp;&nbsp;&nbsp; jeweils<\/strong><strong> 10:00<\/strong><strong> \u2013<\/strong><strong> 18:00<\/strong><strong> Uhr<\/strong><\/span> <\/span><\/span><\/div>\n<div style=\"padding-left: 35.45pt;\"><span style=\"font-family: Arial; font-size: x-small;\"><span style=\"font-size: 10pt;\">\u00dcber<span style=\"color: #1f497d;\"><\/span> 150 Aussteller aus mehr als 25 L\u00e4ndern geben einen \u00dcberblick \u00fcber M\u00f6glichkeiten des Fremdsprachenlernens und -lehrens. Das messebegleitende Vortragsprogramm bietet zudem \u00fcber 60 Beitr\u00e4ge zu den Themen Sprachenlernen und Auslandsaufenthalte. Fremde Sprachen k\u00f6nnen direkt in Minisprachkursen ausprobiert werden. <\/span><\/span><\/div>\n<div style=\"padding-left: 35.45pt;\"><span style=\"font-family: Arial; font-size: x-small;\"><span style=\"font-size: 10pt;\"><strong>Ort:<\/strong> Russisches Haus der Wissenschaft und Kultur, Friedrichstra\u00dfe 176 \u2013 179, 10117 Berlin-Mitte <\/span><\/span><\/div>\n<div style=\"padding-left: 35.45pt;\"><span style=\"font-family: Arial; font-size: x-small;\"><span style=\"font-size: 10pt;\"><strong>Kosten:<\/strong> Eintrittspreise entnehmen Sie bitte der Homepage. Freikartenbestellung \u00fcber Homepage m\u00f6glich. <\/span><\/span><\/div>\n<div style=\"padding-left: 35.45pt;\"><span style=\"font-family: Arial; font-size: x-small;\"><span style=\"font-size: 10pt;\"><strong>Infos<\/strong><strong> im<\/strong><strong> Netz:<\/strong><a href=\"http:\/\/expolingua.com\/expolingua_berlin\/de\/besucher_ort.php\" target=\"_blank\" rel=\"noopener\"><span style=\"color: blue;\"><span style=\"text-decoration: underline;\"> <\/span><\/span><\/a><span style=\"color: blue;\"><span style=\"text-decoration: underline;\"><a href=\"http:\/\/expolingua.com\/\">http:\/\/expolingua.com\/<\/a><\/span><\/span> <\/span><\/span><\/div>\n<div style=\"padding-left: 35.45pt;\"><span style=\"font-family: Arial; font-size: x-small;\"><span style=\"font-size: 10pt;\"><span style=\"color: #1f497d; font-family: Calibri; font-size: x-small;\"><span style=\"font-size: 11pt;\"><\/span><\/span> <\/span><\/span><\/div>\n<div style=\"padding-left: 35.45pt;\"><span style=\"font-family: Arial; font-size: x-small;\"><span style=\"font-size: 10pt;\"><strong>Tag der Medienberufe im ARD-Hauptstadtstudio<\/strong> <\/span><\/span><\/div>\n<div style=\"padding-left: 35.45pt;\"><span style=\"font-family: Arial; font-size: x-small;\"><span style=\"font-size: 10pt;\"><span style=\"color: #3333ff;\"><strong>19.11.2016&nbsp;&nbsp;&nbsp;&nbsp;&nbsp; 10:00 \u2013 16:00 Uhr<\/strong><\/span> <\/span><\/span><\/div>\n<div style=\"padding-left: 35.45pt;\"><span style=\"font-family: Arial; font-size: x-small;\"><span style=\"font-size: 10pt;\">Sie m\u00f6chten sp\u00e4ter \u201ewas mit Medien\u201c machen, wissen aber nicht, was und wie? Bei uns blicken Sie hinter die Kulissen! Informieren Sie sich beim \u201eTag der Medienberufe\u201c \u00fcber Perspektiven beim Radio und Fernsehen. Wie wird man Moderator? Muss man studieren, um als Toningenieur zu arbeiten? Und was genau sind eigentlich die Aufgaben eines Bildmischers? In F\u00fchrungen zeigen Mitarbeiterinnen und Mitarbeiter des ARD-Hauptstadtstudios Ihnen ihre Arbeitspl\u00e4tze und beantworten Ihre Fragen. Zus\u00e4tzlich informieren \u00f6ffentliche und private Universit\u00e4ten, Hochschulen und Ausbildungsinstitute \u00fcber ihre Ausbildungs- und Studienangebote. Sie bekommen eine erste Orientierung \u00fcber die M\u00f6glichkeiten zum Berufseinstieg in die Medienbranche und k\u00f6nnen so herausfinden, welcher Medienberuf zu Ihnen passt. Ihre Bewerbungsunterlagen k\u00f6nnen Sie beim Bewerbungscheck pr\u00fcfen lassen. <\/span><\/span><\/div>\n<div style=\"padding-left: 35.45pt;\"><span style=\"font-family: Arial; font-size: x-small;\"><span style=\"font-size: 10pt;\"><strong>Ort:<\/strong> ARD-Hauptstadtstudio, Wilhelmstra\u00dfe 67 a, 10117 Berlin <\/span><\/span><\/div>\n<div style=\"padding-left: 35.45pt;\"><span style=\"font-family: Arial; font-size: x-small;\"><span style=\"font-size: 10pt;\"><strong>Infos im Netz:&nbsp;<\/strong><a href=\"http:\/\/www.ard-hauptstadtstudio.de\/haus\/veranstaltungen\/hsbveranstaltungen100.html\" target=\"_blank\" rel=\"noopener\"><span style=\"color: blue;\"><span style=\"text-decoration: underline;\"> <\/span><\/span><\/a><span style=\"color: blue;\"><span style=\"text-decoration: underline;\"><a href=\"http:\/\/www.ard-hauptstadtstudio.de\/haus\/veranstaltungen\/hsbveranstaltungen100.html\">http:\/\/www.ard-hauptstadtstudio.de\/haus\/veranstaltungen\/hsbveranstaltungen100.html<\/a><\/span><\/span> <\/span><\/span><\/div>\n<div style=\"padding-left: 35.45pt;\"><span style=\"font-family: Arial; font-size: x-small;\"><span style=\"font-size: 10pt;\"><span style=\"color: #1f497d; font-family: Calibri; font-size: x-small;\"><span style=\"font-size: 11pt;\"><\/span><\/span> <\/span><\/span><\/div>\n<div style=\"padding-left: 35.45pt;\"><span style=\"font-family: Arial; font-size: x-small;\"><span style=\"font-size: 10pt;\"><strong>ABC der Ausbildungsberufe &#8211; Ausbildungsmesse<\/strong> <\/span><\/span><\/div>\n<div style=\"padding-left: 35.45pt;\"><span style=\"font-family: Arial; font-size: x-small;\"><span style=\"font-size: 10pt;\"><span style=\"color: #3333ff;\"><strong>24.11.2016&nbsp;&nbsp;&nbsp;&nbsp;&nbsp; 13:30 \u2013 16:30<\/strong><\/span> <\/span><\/span><\/div>\n<div style=\"padding-left: 35.45pt;\"><span style=\"font-family: Arial; font-size: x-small;\"><span style=\"font-size: 10pt;\">Die Ausbildungsmesse bietet eine gute Gelegenheit, Kontakte zu verschiedenen Arbeitgebern zu kn\u00fcpfen. Folgende Vertreter\/innen aus Berliner Unternehmen sind auf unserer Messe anwesend: Berliner Stadtreinigung, Berlin-Chemie AG, Bezirksamt Neuk\u00f6lln von Berlin, Bundesamt f\u00fcr Verfassungsschutz, Charite Gesundheitsakademie, Deutsche Post AG, K\u00f6nigliche Porzellan-Manufaktur Berlin GmbH, McDonald Deutschland Inc., real &#8211; SB Warenhaus GmbH, Sch\u00e4fersproduktionsgesellschaft mbH, Siemens AG, Vattenfall Europe W\u00e4rme AG, VW Automobile Berlin GmbH <\/span><\/span><\/div>\n<div style=\"padding-left: 35.45pt;\"><span style=\"font-family: Arial; font-size: x-small;\"><span style=\"font-size: 10pt;\"><strong>Ort:<\/strong> Berufsinformationszentrum (BIZ) S\u00fcd, Sonnenallee 282, 12057 Berlin, Tel. 030 5555 77 2360 <\/span><\/span><\/div>\n<div style=\"padding-left: 35.45pt;\"><span style=\"font-family: Arial; font-size: x-small;\"><span style=\"font-size: 10pt;\"><span style=\"font-family: Calibri; font-size: x-small;\"><span style=\"font-size: 11pt;\"><\/span><\/span> <\/span><\/span><\/div>\n<div style=\"padding-left: 35.45pt;\"><span style=\"font-family: Arial; font-size: x-small;\"><span style=\"font-size: 10pt;\"><strong>Tag der offenen T\u00fcr an der HMKW<\/strong> <\/span><\/span><\/div>\n<div style=\"padding-left: 35.45pt;\"><span style=\"font-family: Arial; font-size: x-small;\"><span style=\"font-size: 10pt;\"><span style=\"color: #3333ff;\"><strong>25.11.2016&nbsp;&nbsp;&nbsp;&nbsp;&nbsp; 09:30 \u2013 17:00 Uhr<\/strong><\/span> <\/span><\/span><\/div>\n<div style=\"padding-left: 35.45pt;\"><span style=\"font-family: Arial; font-size: x-small;\"><span style=\"font-size: 10pt;\">Die Hochschule stellt ihre Bachelor- und Master-Studieng\u00e4nge im Bereich Medien, Kommunikation und Wirtschaft vor. <\/span><\/span><\/div>\n<div style=\"padding-left: 35.45pt;\"><span style=\"font-family: Arial; font-size: x-small;\"><span style=\"font-size: 10pt;\"><strong>Ort:<\/strong><span style=\"color: #222222;\"> HMKW Berlin, 13355 Berlin, Ackerstra\u00dfe 76<\/span> <\/span><\/span><\/div>\n<div style=\"padding-left: 35.45pt;\"><span style=\"font-family: Arial; font-size: x-small;\"><span style=\"font-size: 10pt;\"><strong>Infos im Netz:<\/strong><a href=\"http:\/\/www.hmkw.de\/news\/artikel\/berlin-tag-der-offenen-tuer\/\" target=\"_blank\" rel=\"noopener\"><span style=\"color: blue; font-family: Calibri; font-size: x-small;\"><span style=\"font-size: 11pt;\"><span style=\"text-decoration: underline;\"> <\/span><\/span><\/span><\/a><span style=\"color: blue; font-family: Calibri; font-size: x-small;\"><span style=\"text-decoration: underline;\"><a href=\"http:\/\/www.hmkw.de\/news\/artikel\/berlin-tag-der-offenen-tuer\/\">http:\/\/www.hmkw.de\/news\/artikel\/berlin-tag-der-offenen-tuer\/<\/a><\/span><\/span><\/span> <\/span><\/div>\n<div style=\"padding-left: 35.45pt;\"><span style=\"font-family: Arial; font-size: x-small;\"><span style=\"font-size: 10pt;\"><strong>Hinweis:<\/strong> Private Hochschule &#8211; Kosten des Studiums auf Anfrage <\/span><\/span><\/div>\n<div style=\"padding-left: 35.45pt;\"><span style=\"font-family: Arial; font-size: x-small;\"><span style=\"font-size: 10pt;\"><span style=\"color: #1f497d; font-family: Calibri; font-size: x-small;\"><span style=\"font-size: 11pt;\"><\/span><\/span> <\/span><\/span><\/div>\n<div style=\"padding-left: 35.45pt;\"><span style=\"font-family: Arial; font-size: x-small;\"><span style=\"font-size: 10pt;\"><strong>JOBMEDI<\/strong><strong> \u2013<\/strong><strong> Berufsinformationsmesse<\/strong><strong> f\u00fcr<\/strong><strong> Gesundheit<\/strong><strong> und<\/strong><strong> Soziales<\/strong> <\/span><\/span><\/div>\n<div style=\"padding-left: 35.45pt;\"><span style=\"font-family: Arial; font-size: x-small;\"><span style=\"font-size: 10pt;\"><span style=\"color: #3333ff;\"><strong>25.11.2016&nbsp;&nbsp;&nbsp;&nbsp;&nbsp; 09:00<\/strong><strong> \u2013<\/strong><strong> 14:00<\/strong><strong> Uhr<\/strong><strong> und<\/strong><\/span> <\/span><\/span><\/div>\n<div style=\"padding-left: 35.45pt;\"><span style=\"font-family: Arial; font-size: x-small;\"><span style=\"font-size: 10pt;\"><span style=\"color: #3333ff;\"><strong>26.11.2016&nbsp;&nbsp;&nbsp;&nbsp;&nbsp; 10:00<\/strong><strong> \u2013<\/strong><strong> 16:00<\/strong><strong> Uhr<\/strong><\/span> <\/span><\/span><\/div>\n<div style=\"padding-left: 35.45pt;\"><span style=\"font-family: Arial; font-size: x-small;\"><span style=\"font-size: 10pt;\">Erhalten Sie Informationen zu Berufsperspektiven und treten Sie mit Personalentscheidern aus einer Vielzahl von Kliniken, Pflegeeinrichtungen und Bildungstr\u00e4gern in Kontakt. <\/span><\/span><\/div>\n<div style=\"padding-left: 35.45pt;\"><span style=\"font-family: Arial; font-size: x-small;\"><span style=\"font-size: 10pt;\"><strong>Ort:<\/strong> Palais am Funkturm, Hammarskj\u00f6ldplatz, 14055 Berlin <\/span><\/span><\/div>\n<div style=\"padding-left: 35.45pt;\"><span style=\"font-family: Arial; font-size: x-small;\"><span style=\"font-size: 10pt;\"><strong>Infos<\/strong><strong> im<\/strong><strong> Netz:<\/strong><a href=\"http:\/\/www.jobmedi.de\/standorte\/berlin.html\" target=\"_blank\" rel=\"noopener\"><span style=\"color: blue;\"><span style=\"text-decoration: underline;\"> <\/span><\/span><\/a><span style=\"color: blue;\"><span style=\"text-decoration: underline;\"><a href=\"http:\/\/www.jobmedi.de\/standorte\/berlin.html\">http:\/\/www.jobmedi.de\/standorte\/berlin.html<\/a><\/span><\/span> <\/span><\/span><\/div>\n<div style=\"padding-left: 35.45pt;\"><span style=\"font-family: Arial; font-size: x-small;\"><span style=\"font-size: 10pt;\"><span style=\"color: #1f497d; font-family: Calibri; font-size: x-small;\"><span style=\"font-size: 11pt;\"><\/span><\/span> <\/span><\/span><\/div>\n<div style=\"padding-left: 35.45pt;\"><span style=\"font-family: Arial; font-size: x-small;\"><span style=\"font-size: 10pt;\"><span style=\"color: red;\"><strong>2. Veranstaltungen<\/strong><strong> zur<\/strong><strong> Studien-<\/strong><strong> und<\/strong><strong> Berufsorientierung<\/strong><\/span> <\/span><\/span><\/div>\n<div style=\"padding-left: 35.45pt;\"><span style=\"font-family: Arial; font-size: x-small;\"><span style=\"font-size: 10pt;\"><span style=\"color: #1f497d; font-family: Calibri; font-size: x-small;\"><span style=\"font-size: 11pt;\"><\/span><\/span> <\/span><\/span><\/div>\n<div style=\"padding-left: 35.45pt;\"><span style=\"font-family: Arial; font-size: x-small;\"><span style=\"font-size: 10pt;\"><strong>Besichtigung des Studiengangs Konservierung und Restaurierung\/ Grabungstechnik<\/strong> <\/span><\/span><\/div>\n<div style=\"padding-left: 35.45pt;\"><span style=\"font-family: Arial; font-size: x-small;\"><span style=\"font-size: 10pt;\"><span style=\"color: #3333ff;\"><strong>02.11.2016&nbsp;&nbsp;&nbsp;&nbsp;&nbsp; 15:00 Uhr<\/strong><\/span> <\/span><\/span><\/div>\n<div style=\"padding-left: 35.45pt;\"><span style=\"font-family: Arial; font-size: x-small;\"><span style=\"font-size: 10pt;\">Studierende pr\u00e4sentieren bei einem Rundgang durch die Werkst\u00e4tten den Studiengang und beantworten Fragen rund um das Thema Studieninhalte, Zulassungsvoraussetzungen, Praktikum, Eignungsmappe und Bewerbungsformalit\u00e4ten. <\/span><\/span><\/div>\n<div style=\"padding-left: 35.45pt;\"><span style=\"font-family: Arial; font-size: x-small;\"><span style=\"font-size: 10pt;\"><strong>Ort:<\/strong> Hochschule f\u00fcr Technik und Wirtschaft, Campus Wilhelminenhof, Wilhelminenhofstra\u00dfe 75A, Geb\u00e4ude A Foyer, 12459 Berlin <\/span><\/span><\/div>\n<div style=\"padding-left: 35.45pt;\"><span style=\"font-family: Arial; font-size: x-small;\"><span style=\"font-size: 10pt;\"><strong>Anmeldung erw\u00fcnscht<\/strong> bei<a href=\"mailto:bianca.piper@outlook.com\" target=\"_blank\" rel=\"noopener\"><span style=\"text-decoration: underline;\"> <\/span><\/a><span style=\"text-decoration: underline;\"><a href=\"mailto:bianca.piper@outlook.com\">bianca.piper@outlook.com<\/a><\/span> oder<a href=\"mailto:grafl@HTW-Berlin.de\" target=\"_blank\" rel=\"noopener\"><span style=\"text-decoration: underline;\"> <\/span><\/a><span style=\"text-decoration: underline;\"><a href=\"mailto:grafl@HTW-Berlin.de\">grafl@HTW-Berlin.de<\/a><\/span> <\/span><\/span><\/div>\n<div style=\"padding-left: 35.45pt;\"><span style=\"font-family: Arial; font-size: x-small;\"><span style=\"font-size: 10pt;\"><strong>Infos im Netz:<\/strong><a href=\"http:\/\/krg.htw-berlin.de\/aktuelles\/artikel\/?tx_news_pi1%5Bnews%5D=515&amp;tx_news_pi1%5Bcontroller%5D=News&amp;tx_news_pi1%5Baction%5D=detail&amp;cHash=6e79b19506eed2ca043aff57fdedd69a\" target=\"_blank\" rel=\"noopener\"><span style=\"text-decoration: underline;\"> <\/span><\/a><span style=\"text-decoration: underline;\"><a href=\"http:\/\/krg.htw-berlin.de\/aktuelles\/artikel\/?tx_news_pi1%5Bnews%5D=515&amp;tx_news_pi1%5Bcontroller%5D=News&amp;tx_news_pi1%5Baction%5D=detail&amp;cHash=6e79b19506eed2ca043aff57fdedd69a\">http:\/\/krg.htw-berlin.de\/aktuelles\/artikel\/?tx_news_pi1%5Bnews%5D=515&amp;tx_news_pi1%5Bcontroller%5D=News&amp;tx_news_pi1%5Baction%5D=detail&amp;cHash=6e79b19506eed2ca043aff57fdedd69a<\/a><\/span> <\/span><\/span><\/div>\n<div style=\"padding-left: 35.45pt;\"><span style=\"font-family: Arial; font-size: x-small;\"><span style=\"font-size: 10pt;\"><span style=\"font-family: Calibri; font-size: x-small;\"><span style=\"font-size: 11pt;\"><\/span><\/span> <\/span><\/span><\/div>\n<div style=\"padding-left: 35.45pt;\"><span style=\"font-family: Arial; font-size: x-small;\"><span style=\"font-size: 10pt;\"><strong>Studienausstieg &#8211; was nun?<\/strong> <\/span><\/span><\/div>\n<div style=\"padding-left: 35.45pt;\"><span style=\"font-family: Arial; font-size: x-small;\"><span style=\"font-size: 10pt;\"><span style=\"color: #3333ff;\"><strong>02.11.2016&nbsp;&nbsp;&nbsp;&nbsp;&nbsp; 10:00 Uhr<\/strong><\/span> <\/span><\/span><\/div>\n<div style=\"padding-left: 35.45pt;\"><span style=\"font-family: Arial; font-size: x-small;\"><span style=\"font-size: 10pt;\">Die Studien- und Berufsberatung der Agentur f\u00fcr Arbeit Berlin Mitte bietet eine gemeinsame Informationsveranstaltung mit der Studienberatung der Humboldt Universit\u00e4t zu Berlin an. Sie erhalten Informationen aus erster Hand rund um das Thema z.B. Berufsausbildung? weiteres Studium? duales Studium? und vieles mehr. <\/span><\/span><\/div>\n<div style=\"padding-left: 35.45pt;\"><span style=\"font-family: Arial; font-size: x-small;\"><span style=\"font-size: 10pt;\"><strong>Ort:<\/strong> Berufsinformationszentrum (BIZ) Mitte, Friedrichstra\u00dfe 39, 10969 Berlin, Tel. 030 5555 99 2626 <\/span><\/span><\/div>\n<div style=\"padding-left: 35.45pt;\"><span style=\"font-family: Arial; font-size: x-small;\"><span style=\"font-size: 10pt;\"><span style=\"font-family: Calibri; font-size: x-small;\"><span style=\"font-size: 11pt;\"><\/span><\/span> <\/span><\/span><\/div>\n<div style=\"padding-left: 35.45pt;\"><span style=\"font-family: Arial; font-size: x-small;\"><span style=\"font-size: 10pt;\"><strong>Info-Abend an der Kunsthochschule Wei\u00dfensee<\/strong> <\/span><\/span><\/div>\n<div style=\"padding-left: 35.45pt;\"><span style=\"font-family: Arial; font-size: x-small;\"><span style=\"font-size: 10pt;\"><span style=\"color: #3333ff;\"><strong>03.11.2017&nbsp;&nbsp;&nbsp;&nbsp;&nbsp; 17:00 Uhr<\/strong><\/span> <\/span><\/span><\/div>\n<div style=\"padding-left: 35.45pt;\"><span style=\"font-family: Arial; font-size: x-small;\"><span style=\"font-size: 10pt;\">Hier werden in kurzen Vortr\u00e4gen die Bachelor-Studieng\u00e4nge sowie die Fachgebiete der Freien Kunst vorgestellt. Zudem bieten die Fachgebiete im Anschluss pers\u00f6nliche Gespr\u00e4che mit Lehrenden und Studierenden an. Dar\u00fcber hinaus wird die Studienberatung den ganzen Abend f\u00fcr Sie da sein, um all Ihre Fragen rund um das Studium und den Bewerbungsprozess zu beantworten. Auch der<a href=\"http:\/\/www.kh-berlin.de\/fileadmin\/user_upload\/Bewerbung\/Antrag_auf_Eignungspruefung_2017_BA-Design_und_Freie_Kunst.pdf\" target=\"_blank\" rel=\"noopener\"> Antrag zur Eignungspr\u00fcfung<\/a> kann gerne hier vor Ort ausgef\u00fcllt oder mitgebracht werden. Termine f\u00fcr Mappenberatungen werden an diesem Abend voraussichtlich ebenfalls bekannt gegeben und ab Anfang November auf der Webseite ver\u00f6ffentlicht. <\/span><\/span><\/div>\n<div style=\"padding-left: 35.45pt;\"><span style=\"font-family: Arial; font-size: x-small;\"><span style=\"font-size: 10pt;\"><strong>Ort:<\/strong> Kunsthochschule Wei\u00dfensee, B\u00fchringstr. 20, 13086 Berlin, Aula <\/span><\/span><\/div>\n<div style=\"padding-left: 35.45pt;\"><span style=\"font-family: Arial; font-size: x-small;\"><span style=\"font-size: 10pt;\"><strong>Infos im Netz:<\/strong><a href=\"http:\/\/www.kh-berlin.de\/studium\/studienbewerbung.html\" target=\"_blank\" rel=\"noopener\"><span style=\"text-decoration: underline;\"> <\/span><\/a><span style=\"text-decoration: underline;\"><a href=\"http:\/\/www.kh-berlin.de\/studium\/studienbewerbung.html\">http:\/\/www.kh-berlin.de\/studium\/studienbewerbung.html<\/a><\/span> <\/span><\/span><\/div>\n<div style=\"padding-left: 35.45pt;\"><span style=\"font-family: Arial; font-size: x-small;\"><span style=\"font-size: 10pt;\"><span style=\"font-family: Calibri; font-size: x-small;\"><span style=\"font-size: 11pt;\"><\/span><\/span> <\/span><\/span><\/div>\n<div style=\"padding-left: 35.45pt;\"><span style=\"font-family: Arial; font-size: x-small;\"><span style=\"font-size: 10pt;\"><strong>Vorbereitungstraining Assessmentcenter<\/strong> <\/span><\/span><\/div>\n<div style=\"padding-left: 35.45pt;\"><span style=\"font-family: Arial; font-size: x-small;\"><span style=\"font-size: 10pt;\"><span style=\"color: #3333ff;\"><strong>03.11.2016&nbsp;&nbsp;&nbsp;&nbsp;&nbsp; 13:00 \u2013 17:00 Uhr<\/strong><\/span> <\/span><\/span><\/div>\n<div style=\"padding-left: 35.45pt;\"><span style=\"font-family: Arial; font-size: x-small;\"><span style=\"font-size: 10pt;\">Bewerben Sie sich bei Unternehmen auf Ausbildungs- oder duale Studienpl\u00e4tze? Dann m\u00fcssen Sie mit einer Einladung zum Assessmentcenter rechnen. Das ist ein umfangreiches Auswahlverfahren, in welchem Sie verschiedene Aufgaben und Probleme l\u00f6sen und in Ihrer Probleml\u00f6sungsf\u00e4higkeit sehr genau beobachtet werden. Worauf kommt es im Assessmentcenter an? Was m\u00fcssen Sie k\u00f6nnen, um im &#8222;h\u00e4rtesten Auswahlverfahren der Welt&#8220; bestehen zu k\u00f6nnen? In einer vierst\u00fcndigen Veranstaltung \u00fcben wir Elemente von Auswahlverfahren mit Ihnen und Sie erhalten Hinweise, wie gut Ihnen die Umsetzung gelungen ist und was Sie besser machen k\u00f6nnen, damit Sie im ein optimales Ergebnis erzielen. <\/span><\/span><\/div>\n<div style=\"padding-left: 35.45pt;\"><span style=\"font-family: Arial; font-size: x-small;\"><span style=\"font-size: 10pt;\"><strong>Ort:<\/strong> Berufsinformationszentrum (BIZ) Mitte, Friedrichstra\u00dfe 39, 10969 Berlin, Tel. 030 5555 99 2626 <\/span><\/span><\/div>\n<div style=\"padding-left: 35.45pt;\"><span style=\"font-family: Arial; font-size: x-small;\"><span style=\"font-size: 10pt;\"><strong>Anmeldung bitte<\/strong> unter<a href=\"mailto:Berlin-Mitte.BiZ-Anmeldung@arbeitsagentur.de\" target=\"_blank\" rel=\"noopener\"><span style=\"text-decoration: underline;\"> <\/span><\/a><span style=\"text-decoration: underline;\"><a href=\"mailto:Berlin-Mitte.BiZ-Anmeldung@arbeitsagentur.de\">Berlin-Mitte.BiZ-Anmeldung@arbeitsagentur.de<\/a><\/span> <\/span><\/span><\/div>\n<div style=\"padding-left: 35.45pt;\"><span style=\"font-family: Arial; font-size: x-small;\"><span style=\"font-size: 10pt;\"><span style=\"font-family: Calibri; font-size: x-small;\"><span style=\"font-size: 11pt;\"><\/span><\/span> <\/span><\/span><\/div>\n<div style=\"padding-left: 35.45pt;\"><span style=\"font-family: Arial; font-size: x-small;\"><span style=\"font-size: 10pt;\"><strong>\u201eWas mit Sport\u201c<\/strong> <\/span><\/span><\/div>\n<div style=\"padding-left: 35.45pt;\"><span style=\"font-family: Arial; font-size: x-small;\"><span style=\"font-size: 10pt;\"><span style=\"color: #3333ff;\"><strong>03.11.2016&nbsp;&nbsp;&nbsp;&nbsp;&nbsp; 16:00 Uhr<\/strong><\/span> <\/span><\/span><\/div>\n<div style=\"padding-left: 35.45pt;\"><span style=\"font-family: Arial; font-size: x-small;\"><span style=\"font-size: 10pt;\">In der Veranstaltung werden unterschiedliche Berufe im Sport vorgestellt, sowohl Ausbildungsberufe, die sportmethodische und kaufm\u00e4nnische Kenntnisse vermitteln, als auch Studienm\u00f6glichkeiten im Sport. \u201eWie werde ich Trainer?\u201c \u201eWer unterrichtet Sport an der Schule?\u201c \u201eWie komme ich ins Sportmanagement oder die Rehabilitation?\u201c <\/span><\/span><\/div>\n<div style=\"padding-left: 35.45pt;\"><span style=\"font-family: Arial; font-size: x-small;\"><span style=\"font-size: 10pt;\"><strong>Ort:<\/strong> Berufsinformationszentrum (BIZ) S\u00fcd, Sonnenallee 282, 12057 Berlin, Tel. 030 5555 77 2360 <\/span><\/span><\/div>\n<div style=\"padding-left: 35.45pt;\"><span style=\"font-family: Arial; font-size: x-small;\"><span style=\"font-size: 10pt;\"><span style=\"font-family: Calibri; font-size: x-small;\"><span style=\"font-size: 11pt;\"><\/span><\/span> <\/span><\/span><\/div>\n<div style=\"padding-left: 35.45pt;\"><span style=\"font-family: Arial; font-size: x-small;\"><span style=\"font-size: 10pt;\"><strong>Was kommt nach dem Abitur? Wege in Studium und Beruf &#8211; Informationen f\u00fcr Sch\u00fcler\/innen und Eltern<\/strong> <\/span><\/span><\/div>\n<div style=\"padding-left: 35.45pt;\"><span style=\"font-family: Arial; font-size: x-small;\"><span style=\"font-size: 10pt;\"><span style=\"color: #3333ff;\"><strong>03.11.2016&nbsp;&nbsp;&nbsp;&nbsp;&nbsp; 16:00 Uhr<\/strong><\/span> <\/span><\/span><\/div>\n<div style=\"padding-left: 35.45pt;\"><span style=\"font-family: Arial; font-size: x-small;\"><span style=\"font-size: 10pt;\">Wir informieren Sch\u00fcler\/innen und Eltern zu den verschiedenen Bildungswegen nach dem Abitur: <\/span><\/span><\/div>\n<div style=\"padding-left: 35.45pt;\"><span style=\"font-family: Arial; font-size: x-small;\"><span style=\"font-size: 10pt;\">\u2022 Studienm\u00f6glichkeiten an Universit\u00e4ten, Hochschulen, Kunsthochschulen <\/span><\/span><\/div>\n<div style=\"padding-left: 35.45pt;\"><span style=\"font-family: Arial; font-size: x-small;\"><span style=\"font-size: 10pt;\">\u2022 das duale Studium in Unternehmen und im \u00f6ffentlichen Dienst <\/span><\/span><\/div>\n<div style=\"padding-left: 35.45pt;\"><span style=\"font-family: Arial; font-size: x-small;\"><span style=\"font-size: 10pt;\">\u2022 Berufsausbildungen in Betrieben und an Schulen <\/span><\/span><\/div>\n<div style=\"padding-left: 35.45pt;\"><span style=\"font-family: Arial; font-size: x-small;\"><span style=\"font-size: 10pt;\">\u2022 Bewerbungsmodalit\u00e4ten und Fristen <\/span><\/span><\/div>\n<div style=\"padding-left: 35.45pt;\"><span style=\"font-family: Arial; font-size: x-small;\"><span style=\"font-size: 10pt;\"><strong>Ort:<\/strong> Berufsinformationszentrum (BIZ) Mitte, Friedrichstra\u00dfe 39, 10969 Berlin, Tel. 030 5555 99 2626 <\/span><\/span><\/div>\n<div style=\"padding-left: 35.45pt;\"><span style=\"font-family: Arial; font-size: x-small;\"><span style=\"font-size: 10pt;\"><span style=\"color: #1f497d; font-family: Calibri; font-size: x-small;\"><span style=\"font-size: 11pt;\"><\/span><\/span> <\/span><\/span><\/div>\n<div style=\"padding-left: 35.45pt;\"><span style=\"font-family: Arial; font-size: x-small;\"><span style=\"font-size: 10pt;\"><strong>Dein Abend im BiZ! Berufswahl- Ein Thema f\u00fcr die ganze Familie<\/strong> <\/span><\/span><\/div>\n<div style=\"padding-left: 35.45pt;\"><span style=\"font-family: Arial; font-size: x-small;\"><span style=\"font-size: 10pt;\"><span style=\"color: #3333ff;\"><strong>03.11.2016&nbsp;&nbsp;&nbsp;&nbsp;&nbsp; 16:00 \u2013 19:00 Uhr<\/strong><\/span> <\/span><\/span><\/div>\n<div style=\"padding-left: 35.45pt;\"><span style=\"font-family: Arial; font-size: x-small;\"><span style=\"font-size: 10pt;\">In einer Abendveranstaltung bietet die Agentur Berlin Nord ein erweitertes Beratungsangebot an, um Jugendlichen und deren Eltern auch au\u00dferhalb der normalen \u00d6ffnungszeiten die M\u00f6glichkeit zu bieten, sich \u00fcber Hilfen bei der Berufswahl zu informieren. Berufsberatung + Studienberatung + Tipps zu Berufs-\/ Studieneignung + Beratung f\u00fcr Jugendliche mit Handicap + Ausbildungsstellenvermittlung + Bewerbungen selbst schreiben + Bewerbungsunterlagencheck + Tipps zu Auswahlverfahren <\/span><\/span><\/div>\n<div style=\"padding-left: 35.45pt;\"><span style=\"font-family: Arial; font-size: x-small;\"><span style=\"font-size: 10pt;\"><strong>Ort:<\/strong> Berufsinformationszentrum (BIZ) Nord, K\u00f6nigin-Elisabeth-Stra\u00dfe 49, 14059 Berlin, Tel. 030 5555 70 2199 <\/span><\/span><\/div>\n<div style=\"padding-left: 35.45pt;\"><span style=\"font-family: Arial; font-size: x-small;\"><span style=\"font-size: 10pt;\"><span style=\"color: #1f497d; font-family: Calibri; font-size: x-small;\"><span style=\"font-size: 11pt;\"><\/span><\/span> <\/span><\/span><\/div>\n<div style=\"padding-left: 35.45pt;\"><span style=\"font-family: Arial; font-size: x-small;\"><span style=\"font-size: 10pt;\"><strong>Landespolizei<\/strong> <\/span><\/span><\/div>\n<div style=\"padding-left: 35.45pt;\"><span style=\"font-family: Arial; font-size: x-small;\"><span style=\"font-size: 10pt;\"><span style=\"color: #3333ff;\"><strong>03.11.2016&nbsp;&nbsp;&nbsp;&nbsp;&nbsp; 16:00<\/strong><strong> Uhr<\/strong><\/span> <\/span><\/span><\/div>\n<div style=\"padding-left: 35.45pt;\"><span style=\"font-family: Arial; font-size: x-small;\"><span style=\"font-size: 10pt;\">Beratung zu Laufbahnen und Bewerbung. <\/span><\/span><\/div>\n<div style=\"padding-left: 35.45pt;\"><span style=\"font-family: Arial; font-size: x-small;\"><span style=\"font-size: 10pt;\"><strong>Ort:<\/strong> Berufsinformationszentrum (BIZ) S\u00fcd, Sonnenallee 282, 12057 Berlin, Tel. 030 5555 77 2360 <\/span><\/span><\/div>\n<div style=\"padding-left: 35.45pt;\"><span style=\"font-family: Arial; font-size: x-small;\"><span style=\"font-size: 10pt;\">&nbsp; <\/span><\/span><\/div>\n<div style=\"padding-left: 35.45pt;\"><span style=\"font-family: Arial; font-size: x-small;\"><span style=\"font-size: 10pt;\"><strong>Infotag an der hdpk Berlin<\/strong> <\/span><\/span><\/div>\n<div style=\"padding-left: 35.45pt;\"><span style=\"font-family: Arial; font-size: x-small;\"><span style=\"font-size: 10pt;\"><span style=\"color: #3333ff;\"><strong>04.11.2016&nbsp;&nbsp;&nbsp;&nbsp;&nbsp;<\/strong><\/span> <\/span><\/span><\/div>\n<div style=\"padding-left: 35.45pt;\"><span style=\"font-family: Arial; font-size: x-small;\"><span style=\"font-size: 10pt;\">Die Studienberaterinnen geben ausf\u00fchrlich Auskunft \u00fcber die Geschichte und Ausstattung der Hochschule sowie Inhalte und Struktur der Bachelor- und Masterstudieng\u00e4nge in den Bereichen Musik, Event, Medien oder Design. Wir beantworten alle Fragen zu den jeweiligen Bewerbungs- und Auswahlverfahren. Dar\u00fcber hinaus bieten wir Tipps zu den Finanzierungsm\u00f6glichkeiten. <\/span><\/span><\/div>\n<div style=\"padding-left: 35.45pt;\"><span style=\"font-family: Arial; font-size: x-small;\"><span style=\"font-size: 10pt;\"><strong>Ort:<\/strong> SRH Hochschule der popul\u00e4ren K\u00fcnste (hdpk), Postdamer Str. 188, 10783 Berlin <\/span><\/span><\/div>\n<div style=\"padding-left: 35.45pt;\"><span style=\"font-family: Arial; font-size: x-small;\"><span style=\"font-size: 10pt;\"><strong>Anmeldung erforderlich<\/strong>&nbsp; &#8211; siehe Infos im Netz. <\/span><\/span><\/div>\n<div style=\"padding-left: 35.45pt;\"><span style=\"font-family: Arial; font-size: x-small;\"><span style=\"font-size: 10pt;\"><strong>Infos im Netz:<\/strong><a href=\"https:\/\/www.hdpk.de\/de\/bewerberportal\/\" target=\"_blank\" rel=\"noopener\"><span style=\"color: blue;\"><span style=\"text-decoration: underline;\"> <\/span><\/span><\/a><span style=\"color: blue;\"><span style=\"text-decoration: underline;\"><a href=\"https:\/\/www.hdpk.de\/de\/bewerberportal\/\">https:\/\/www.hdpk.de\/de\/bewerberportal\/<\/a><\/span><\/span> <\/span><\/span><\/div>\n<div style=\"padding-left: 35.45pt;\"><span style=\"font-family: Arial; font-size: x-small;\"><span style=\"font-size: 10pt;\"><strong>Hinweis:<\/strong> private Hochschule<strong> &#8211;<\/strong> Kosten des Studiums auf Anfrage <\/span><\/span><\/div>\n<div style=\"padding-left: 35.45pt;\"> <span style=\"font-family: Arial; font-size: x-small;\"><span style=\"font-size: 10pt;\"><span style=\"font-family: Calibri; font-size: x-small;\"><span style=\"font-size: 11pt;\"><span style=\"font-family: Arial; font-size: x-small;\"><span style=\"font-size: 10pt;\"><strong>Technik-Aktionstag bei der Deutschen Bahn<\/strong><\/span><\/span><\/span><\/span> <\/span><\/span><\/div>\n<div style=\"padding-left: 35.45pt;\"><span style=\"font-family: Arial; font-size: x-small;\"><span style=\"font-size: 10pt;\"><span style=\"color: #3333ff;\"><strong>05.11.2016&nbsp;&nbsp;&nbsp;&nbsp;&nbsp; 9:00 &#8211; 13:00 Uhr<\/strong><\/span> <\/span><\/span><\/div>\n<div style=\"padding-left: 35.45pt;\"><span style=\"font-family: Arial; font-size: x-small;\"><span style=\"font-size: 10pt;\">Die Veranstaltung bietet spannenden Einblicke rund um die Ausbildungsberufe \u201eMechatroniker\u201c, \u201eElektroniker f\u00fcr Betriebstechnik\u201c, \u201eElektroanlagenmonteur\u201c, \u201eIndustrieelektriker\u201c und &nbsp;\u201eIndustriemechaniker\u201c, Informationen \u00fcber die Ausbildung sowie Gespr\u00e4che mit Azubis und Kontakt zu Fach- und F\u00fchrungskr\u00e4ften <\/span><\/span><\/div>\n<div style=\"padding-left: 35.45pt;\"><span style=\"font-family: Arial; font-size: x-small;\"><span style=\"font-size: 10pt;\"><strong>Ort:<\/strong> wird bei Anmeldung mitgeteilt <\/span><\/span><\/div>\n<div style=\"padding-left: 35.45pt;\"><span style=\"font-family: Arial; font-size: x-small;\"><span style=\"font-size: 10pt;\"><strong>Anmeldung erforderlich bis 28.10.2016<\/strong> unter: siehe Infos im Netz <\/span><\/span><\/div>\n<div style=\"padding-left: 35.45pt;\"><span style=\"font-family: Arial; font-size: x-small;\"><span style=\"font-size: 10pt;\"><strong>Infos im Netz:<\/strong><a href=\"https:\/\/karriere.deutschebahn.com\/de\/de\/suche\/eventdetail\/2944\/Technik-Aktionstag\" target=\"_blank\" rel=\"noopener\"><span style=\"color: blue;\"><span style=\"text-decoration: underline;\"> <\/span><\/span><\/a><span style=\"color: blue;\"><span style=\"text-decoration: underline;\"><a href=\"https:\/\/karriere.deutschebahn.com\/de\/de\/suche\/eventdetail\/2944\/Technik-Aktionstag\">https:\/\/karriere.deutschebahn.com\/de\/de\/suche\/eventdetail\/2944\/Technik-Aktionstag<\/a><\/span><\/span> <\/span><\/span><\/div>\n<div style=\"padding-left: 35.45pt;\"><span style=\"font-family: Arial; font-size: x-small;\"><span style=\"font-size: 10pt;\"><span style=\"color: #1f497d; font-family: Calibri; font-size: x-small;\"><span style=\"font-size: 11pt;\"><\/span><\/span> <\/span><\/span><\/div>\n<div style=\"padding-left: 35.45pt;\"><span style=\"font-family: Arial; font-size: x-small;\"><span style=\"font-size: 10pt;\"><strong>Jour variable \u2013 Informationsveranstaltung der UdK f\u00fcr die Studieng\u00e4nge Bildende Kunst und Kunst auf Lehramt<\/strong> <\/span><\/span><\/div>\n<div style=\"padding-left: 35.45pt;\"><span style=\"font-family: Arial; font-size: x-small;\"><span style=\"font-size: 10pt;\"><span style=\"color: #3333ff;\"><strong>07.11.2016&nbsp;&nbsp;&nbsp;&nbsp;&nbsp;&nbsp; 15:00 Uhr<\/strong><\/span> <\/span><\/span><\/div>\n<div style=\"padding-left: 35.45pt;\"><span style=\"font-family: Arial; font-size: x-small;\"><span style=\"font-size: 10pt;\">Die Veranstaltung informiert \u00fcber die Zugangsbedingungen, Auswahlverfahren, zum Studienverlauf und den Studieninhalten. Die Veranstaltung wird von Studierenden des Studienganges durchgef\u00fchrt. <\/span><\/span><\/div>\n<div style=\"padding-left: 35.45pt;\"><span style=\"font-family: Arial; font-size: x-small;\"><span style=\"font-size: 10pt;\"><strong>Ort:<\/strong> UdK, Hardenbergstra\u00dfe 33, Berlin Charlottenburg, in der Eingangshalle <\/span><\/span><\/div>\n<div style=\"padding-left: 35.45pt;\"><span style=\"font-family: Arial; font-size: x-small;\"><span style=\"font-size: 10pt;\"><strong>Infos im Netz:<\/strong><a href=\"https:\/\/www.udk-berlin.de\/service\/allgemeine-studienberatung\/\" target=\"_blank\" rel=\"noopener\"><span style=\"color: blue;\"><span style=\"text-decoration: underline;\"> <\/span><\/span><\/a><span style=\"color: blue;\"><span style=\"text-decoration: underline;\"><a href=\"https:\/\/www.udk-berlin.de\/service\/allgemeine-studienberatung\/\">https:\/\/www.udk-berlin.de\/service\/allgemeine-studienberatung\/<\/a><\/span><\/span> <\/span><\/span><\/div>\n<div style=\"padding-left: 35.45pt;\"><span style=\"font-family: Arial; font-size: x-small;\"><span style=\"font-size: 10pt;\"><span style=\"color: #1f497d; font-family: Calibri; font-size: x-small;\"><span style=\"font-size: 11pt;\"><\/span><\/span> <\/span><\/span><\/div>\n<div style=\"padding-left: 35.45pt;\"><span style=\"font-family: Arial; font-size: x-small;\"><span style=\"font-size: 10pt;\"><strong>MathInside<\/strong><strong> &#8211;<\/strong><strong> Mathematik<\/strong><strong> ist<\/strong><strong> \u00fcberall<\/strong> <\/span><\/span><\/div>\n<div style=\"padding-left: 35.45pt;\"><span style=\"font-family: Arial; font-size: x-small;\"><span style=\"font-size: 10pt;\"><span style=\"color: #3333ff;\"><strong>08.11.2016&nbsp;&nbsp;&nbsp;&nbsp;&nbsp; 09:30<\/strong><strong> \u2013<\/strong><strong> 12:30<\/strong><strong> Uhr<\/strong><\/span> <\/span><\/span><\/div>\n<div style=\"padding-left: 35.45pt;\"><span style=\"font-family: Arial; font-size: x-small;\"><span style=\"font-size: 10pt;\">Wir benutzen Computer, Autos, Flugzeuge und Handys. Wir profitieren von medizinischen High-Tech-Ger\u00e4ten, entwickeln neue Medikamente, optimieren Roboterwege oder jonglieren mit B\u00f6rsenkursen. All dies w\u00e4re ohne Mathematik unm\u00f6glich. Diese und viele andere spannende und reizvolle Seiten der Mathematik pr\u00e4sentieren Wissenschaftlerinnen und Wissenschaftler des Forschungszentrum Matheon in der Vortragsreihe MathInside. <\/span><\/span><\/div>\n<div style=\"padding-left: 35.45pt;\"><span style=\"font-family: Arial; font-size: x-small;\"><span style=\"font-size: 10pt;\"><strong>Ort:<\/strong> Urania Berlin, An der Urania 17, 10787 Berlin <\/span><\/span><\/div>\n<div style=\"padding-left: 35.45pt;\"><span style=\"font-family: Arial; font-size: x-small;\"><span style=\"font-size: 10pt;\"><strong>Infos<\/strong><strong> im<\/strong><strong> Netz:<\/strong><a href=\"http:\/\/www.matheon.de\/schools\/mathInside\" target=\"_blank\" rel=\"noopener\"><span style=\"color: blue;\"><span style=\"text-decoration: underline;\"> <\/span><\/span><\/a><span style=\"color: blue;\"><span style=\"text-decoration: underline;\"><a href=\"http:\/\/www.matheon.de\/schools\/mathInside\">http:\/\/www.matheon.de\/schools\/mathInside<\/a><\/span><\/span> <\/span><\/span><\/div>\n<div style=\"padding-left: 35.45pt;\"><span style=\"font-family: Arial; font-size: x-small;\"><span style=\"font-size: 10pt;\"><strong>Kosten:<\/strong> Pro Person 3 Euro. Karten sind \u00fcber die Berliner Urania zu bestellen. <\/span><\/span><\/div>\n<div style=\"padding-left: 35.45pt;\"><span style=\"font-family: Arial; font-size: x-small;\"><span style=\"font-size: 10pt;\"><span style=\"color: #1f497d; font-family: Calibri; font-size: x-small;\"><span style=\"font-size: 11pt;\"><\/span><\/span> <\/span><\/span><\/div>\n<div style=\"padding-left: 35.45pt;\"><span style=\"font-family: Arial; font-size: x-small;\"><span style=\"font-size: 10pt;\"><strong>Wie werde ich Stipendiat\/in?<\/strong> <\/span><\/span><\/div>\n<div style=\"padding-left: 35.45pt;\"><span style=\"font-family: Arial; font-size: x-small;\"><span style=\"font-size: 10pt;\"><span style=\"color: #3333ff;\"><strong>09.11.2016&nbsp;&nbsp;&nbsp;&nbsp;&nbsp; 15:30 Uhr<\/strong><\/span> <\/span><\/span><\/div>\n<div style=\"padding-left: 35.45pt;\"><span style=\"font-family: Arial; font-size: x-small;\"><span style=\"font-size: 10pt;\">Ein Stipendium ist eine attraktive Art der Studienfinanzierung. \u00dcber ein Stipendium kann nicht nur das Studium finanziert werden. Stipendiat\/innen profitieren zudem von der ideellen F\u00f6rderung durch den jeweiligen Tr\u00e4ger sowie von Kontakten, die sich daraus ergeben. Dar\u00fcber hinaus macht es sich im Lebenslauf gut. Wer sich um ein Stipendium bewerben will, muss einige Anforderungen erf\u00fcllen und sollte schauen, welche Stiftung zu ihm\/ihr passt. In einem Vortrag erfahren Interessierte, wie sie sich richtig bewerben. Daneben stehen im Rahmen eines Infomarkts Stipendiat\/innen verschiedener Stiftungen als Ansprechpartner\/innen zur Verf\u00fcgung. <\/span><\/span><\/div>\n<div style=\"padding-left: 35.45pt;\"><span style=\"font-family: Arial; font-size: x-small;\"><span style=\"font-size: 10pt;\"><strong>Ort:<\/strong> HTW Berlin, Campus Treskowallee, Geb\u00e4ude A, Raum 238, Treskowallee 8, 10318 Berlin, <\/span><\/span><\/div>\n<div style=\"padding-left: 35.45pt;\"><span style=\"font-family: Arial; font-size: x-small;\"><span style=\"font-size: 10pt;\"><strong>Infos im Netz:<\/strong><a href=\"https:\/\/www.htw-berlin.de\/studium\/die-htw-berlin-kennenlernen\/angebote-fuer-einzelne-schueler-innen\/#c25095\" target=\"_blank\" rel=\"noopener\"><span style=\"color: blue;\"><span style=\"text-decoration: underline;\"> <\/span><\/span><\/a><span style=\"color: blue;\"><span style=\"text-decoration: underline;\"><a href=\"https:\/\/www.htw-berlin.de\/studium\/die-htw-berlin-kennenlernen\/angebote-fuer-einzelne-schueler-innen\/#c25095\">https:\/\/www.htw-berlin.de\/studium\/die-htw-berlin-kennenlernen\/angebote-fuer-einzelne-schueler-innen\/#c25095<\/a><\/span><\/span> <\/span><\/span><\/div>\n<div style=\"padding-left: 35.45pt;\"><span style=\"font-family: Arial; font-size: x-small;\"><span style=\"font-size: 10pt;\"><span style=\"font-family: Calibri; font-size: x-small;\"><span style=\"font-size: 11pt;\"><\/span><\/span> <\/span><\/span><\/div>\n<div style=\"padding-left: 35.45pt;\"><span style=\"font-family: Arial; font-size: x-small;\"><span style=\"font-size: 10pt;\"><strong>Nach der Schule zur Feuerwehr?<\/strong> <\/span><\/span><\/div>\n<div style=\"padding-left: 35.45pt;\"><span style=\"font-family: Arial; font-size: x-small;\"><span style=\"font-size: 10pt;\"><span style=\"color: #3333ff;\"><strong>10.11.2016&nbsp;&nbsp;&nbsp;&nbsp;&nbsp; 16:00 Uhr<\/strong><\/span> <\/span><\/span><\/div>\n<div style=\"padding-left: 35.45pt;\"><span style=\"font-family: Arial; font-size: x-small;\"><span style=\"font-size: 10pt;\">In der Veranstaltung wird \u00fcber Zugangsvoraussetzungen, Auswahlverfahren und die beruflichen Perspektiven informiert <\/span><\/span><\/div>\n<div style=\"padding-left: 35.45pt;\"><span style=\"font-family: Arial; font-size: x-small;\"><span style=\"font-size: 10pt;\"><strong>Ort:<\/strong> Berufsinformationszentrum (BIZ) S\u00fcd, Sonnenallee 282, 12057 Berlin, Tel. 030 5555 77 2360 <\/span><\/span><\/div>\n<div style=\"padding-left: 35.45pt;\"><span style=\"font-family: Arial; font-size: x-small;\"><span style=\"font-size: 10pt;\"><span style=\"font-family: Calibri; font-size: x-small;\"><span style=\"font-size: 11pt;\"><\/span><\/span> <\/span><\/span><\/div>\n<div style=\"padding-left: 35.45pt;\"><span style=\"font-family: Arial; font-size: x-small;\"><span style=\"font-size: 10pt;\"><strong>Studienfinanzierung im \u00dcberblick<\/strong> <\/span><\/span><\/div>\n<div style=\"padding-left: 35.45pt;\"><span style=\"font-family: Arial; font-size: x-small;\"><span style=\"font-size: 10pt;\"><span style=\"color: #3333ff;\"><strong>10.11.2016&nbsp;&nbsp;&nbsp;&nbsp;&nbsp; 16:00 Uhr<\/strong><\/span> <\/span><\/span><\/div>\n<div style=\"padding-left: 35.45pt;\"><span style=\"font-family: Arial; font-size: x-small;\"><span style=\"font-size: 10pt;\">Um sich ein Studium finanzieren zu k\u00f6nnen, gibt es eine Vielzahl an M\u00f6glichkeiten: Jobben, Unterst\u00fctzung durch die Eltern, Stipendium oder staatlicher Bildungskredit. Eine Beraterin des Studentenwerks Berlin informiert rund um das Thema finanzielle F\u00f6rderung des Studiums durch das Bundesausbildungsf\u00f6rderungsgesetz und bietet wichtige, interessante Informationen. <\/span><\/span><\/div>\n<div style=\"padding-left: 35.45pt;\"><span style=\"font-family: Arial; font-size: x-small;\"><span style=\"font-size: 10pt;\"><strong>Ort:<\/strong> Berufsinformationszentrum (BIZ) Nord, K\u00f6nigin-Elisabeth-Stra\u00dfe 49, 14059 Berlin, Tel. 030 5555 70 2199 <\/span><\/span><\/div>\n<div style=\"padding-left: 35.45pt;\"><span style=\"font-family: Arial; font-size: x-small;\"><span style=\"font-size: 10pt;\"><span style=\"font-family: Calibri; font-size: x-small;\"><span style=\"font-size: 11pt;\"><\/span><\/span> <\/span><\/span><\/div>\n<div style=\"padding-left: 35.45pt;\"><span style=\"font-family: Arial; font-size: x-small;\"><span style=\"font-size: 10pt;\"><strong>Bundespolizei<\/strong> <\/span><\/span><\/div>\n<div style=\"padding-left: 35.45pt;\"><span style=\"font-family: Arial; font-size: x-small;\"><span style=\"font-size: 10pt;\"><span style=\"color: #3333ff;\"><strong>10.11.2016&nbsp;&nbsp;&nbsp;&nbsp;&nbsp; 16:00<\/strong><strong> Uhr<\/strong><\/span> <\/span><\/span><\/div>\n<div style=\"padding-left: 35.45pt;\"><span style=\"font-family: Arial; font-size: x-small;\"><span style=\"font-size: 10pt;\">Beratung zu Laufbahnen und Bewerbung. <\/span><\/span><\/div>\n<div style=\"padding-left: 35.45pt;\"><span style=\"font-family: Arial; font-size: x-small;\"><span style=\"font-size: 10pt;\"><strong>Ort:<\/strong> Berufsinformationszentrum (BIZ) Mitte, Friedrichstra\u00dfe 39, 10969 Berlin, Tel. 030 5555 99 2626 <\/span><\/span><\/div>\n<div style=\"padding-left: 35.45pt;\"><span style=\"font-family: Arial; font-size: x-small;\"><span style=\"font-size: 10pt;\">&nbsp; <\/span><\/span><\/div>\n<div style=\"padding-left: 35.45pt;\"><span style=\"font-family: Arial; font-size: x-small;\"><span style=\"font-size: 10pt;\"><strong>Wie weiter nach dem Freiwilligen Jahr?<\/strong> <\/span><\/span><\/div>\n<div style=\"padding-left: 35.45pt;\"><span style=\"font-family: Arial; font-size: x-small;\"><span style=\"font-size: 10pt;\"><span style=\"color: #3333ff;\"><strong>10.11.2016&nbsp;&nbsp;&nbsp;&nbsp;&nbsp; 16:00 Uhr<\/strong><\/span> <\/span><\/span><\/div>\n<div style=\"padding-left: 35.45pt;\"><span style=\"font-family: Arial; font-size: x-small;\"><span style=\"font-size: 10pt;\">Im Rahmen dieser Veranstaltung werden Ihnen M\u00f6glichkeiten und Wege nach dem Freiwilligen Jahr aufgezeigt wie: Ausbildung oder Studium, duales Studium, der gehobene Verwaltungsdienst, der Unterschied eines Studiums an einer Hochschule &nbsp;&nbsp;bzw. Universit\u00e4t , Bewerbungsfristen und M\u00f6glichkeiten der finanziellen Unterst\u00fctzung. <\/span><\/span><\/div>\n<div style=\"padding-left: 35.45pt;\"><span style=\"font-family: Arial; font-size: x-small;\"><span style=\"font-size: 10pt;\"><strong>Ort:<\/strong> Berufsinformationszentrum (BIZ) Mitte, Friedrichstra\u00dfe 39, 10969 Berlin, Tel. 030 5555 99 2626 <\/span><\/span><\/div>\n<div style=\"padding-left: 35.45pt;\"><span style=\"font-family: Arial; font-size: x-small;\"><span style=\"font-size: 10pt;\"><span style=\"font-family: Calibri; font-size: x-small;\"><span style=\"font-size: 11pt;\"><\/span><\/span> <\/span><\/span><\/div>\n<div style=\"padding-left: 35.45pt;\"><span style=\"font-family: Arial; font-size: x-small;\"><span style=\"font-size: 10pt;\"><strong>Vorbereitungstraining Assessmentcenter<\/strong> <\/span><\/span><\/div>\n<div style=\"padding-left: 35.45pt;\"><span style=\"font-family: Arial; font-size: x-small;\"><span style=\"font-size: 10pt;\"><span style=\"color: #3333ff;\"><strong>11.11.2016&nbsp;&nbsp;&nbsp;&nbsp;&nbsp; 10:00 \u2013 15:00 Uhr<\/strong><\/span> <\/span><\/span><\/div>\n<div style=\"padding-left: 35.45pt;\"><span style=\"font-family: Arial; font-size: x-small;\"><span style=\"font-size: 10pt;\">Bewerben Sie sich bei Unternehmen auf Ausbildungs- oder duale Studienpl\u00e4tze? Dann m\u00fcssen Sie mit einer Einladung zum Assessmentcenter rechnen. Das ist ein umfangreiches Auswahlverfahren, in welchem Sie verschiedene Aufgaben und Probleme l\u00f6sen und in Ihrer Probleml\u00f6sungsf\u00e4higkeit sehr genau beobachtet werden. Worauf kommt es im Assessmentcenter an? Was m\u00fcssen Sie k\u00f6nnen, um im &#8222;h\u00e4rtesten Auswahlverfahren der Welt&#8220; bestehen zu k\u00f6nnen? In einer vierst\u00fcndigen Veranstaltung \u00fcben wir Elemente von Auswahlverfahren mit Ihnen und Sie erhalten Hinweise, wie gut Ihnen die Umsetzung gelungen ist und was Sie besser machen k\u00f6nnen, damit Sie im ein optimales Ergebnis erzielen. <\/span><\/span><\/div>\n<div style=\"padding-left: 35.45pt;\"><span style=\"font-family: Arial; font-size: x-small;\"><span style=\"font-size: 10pt;\"><strong>Ort:<\/strong> Berufsinformationszentrum (BIZ) Mitte, Friedrichstra\u00dfe 39, 10969 Berlin, Tel. 030 5555 99 2626 <\/span><\/span><\/div>\n<div style=\"padding-left: 35.45pt;\"><span style=\"font-family: Arial; font-size: x-small;\"><span style=\"font-size: 10pt;\"><strong>Anmeldung bitte<\/strong> unter<a href=\"mailto:Berlin-Mitte.BiZ-Anmeldung@arbeitsagentur.de\" target=\"_blank\" rel=\"noopener\"><span style=\"text-decoration: underline;\"> <\/span><\/a><span style=\"text-decoration: underline;\"><a href=\"mailto:Berlin-Mitte.BiZ-Anmeldung@arbeitsagentur.de\">Berlin-Mitte.BiZ-Anmeldung@arbeitsagentur.de<\/a><\/span> <\/span><\/span><\/div>\n<div style=\"padding-left: 35.45pt;\"><span style=\"font-family: Arial; font-size: x-small;\"><span style=\"font-size: 10pt;\"><span style=\"font-family: Calibri; font-size: x-small;\"><span style=\"font-size: 11pt;\"><\/span><\/span> <\/span><\/span><\/div>\n<div style=\"padding-left: 35.45pt;\"><span style=\"font-family: Arial; font-size: x-small;\"><span style=\"font-size: 10pt;\"><strong>Probestudium an der BTK<\/strong> <\/span><\/span><\/div>\n<div style=\"padding-left: 35.45pt;\"><span style=\"font-family: Arial; font-size: x-small;\"><span style=\"font-size: 10pt;\"><span style=\"color: #3333ff;\"><strong>12.11.2016&nbsp;&nbsp;&nbsp;&nbsp;&nbsp; 10:00 \u2013 18:00 Uhr<\/strong><\/span> <\/span><\/span><\/div>\n<div style=\"padding-left: 35.45pt;\"><span style=\"font-family: Arial; font-size: x-small;\"><span style=\"font-size: 10pt;\">Eine Vorlesung hautnah miterleben, den Dozenten Fragen stellen, die Atmosph\u00e4re auf sich wirken lassen: Das Probestudium an der BTK \u00f6ffnet die T\u00fcren zu<a href=\"http:\/\/www.btk-fh.de\/de\/studium\/motion-design\/\" target=\"_blank\" rel=\"noopener\"> Film + Motion Design<\/a>,<a href=\"http:\/\/www.btk-fh.de\/de\/studium\/illustration\/\" target=\"_blank\" rel=\"noopener\"> Illustration<\/a>,<a href=\"http:\/\/www.btk-fh.de\/de\/studium\/interaction-design\/\" target=\"_blank\" rel=\"noopener\"> Interaction Design<\/a>,<a href=\"http:\/\/www.btk-fh.de\/de\/studium\/game-design\/\" target=\"_blank\" rel=\"noopener\"> Game Design<\/a>,<a href=\"http:\/\/www.btk-fh.de\/de\/studium\/fotografie\/\" target=\"_blank\" rel=\"noopener\"> Fotografie<\/a> oder<a href=\"http:\/\/www.btk-fh.de\/de\/studium\/kommunikationsdesign\/\" target=\"_blank\" rel=\"noopener\"> Kommunikationsdesign<\/a>. Welche Studieninhalte und Schwerpunkte Sie bei diesen Bachelor-Studieng\u00e4ngen erwarten, erfahren Sie an unseren Probestudientagen in Berlin. <\/span><\/span><\/div>\n<div style=\"padding-left: 35.45pt;\"><span style=\"font-family: Arial; font-size: x-small;\"><span style=\"font-size: 10pt;\"><strong>Ort:<\/strong> BTK \u2013 Hochschule f\u00fcr Gestaltung, Adresse wird nach dem Campusumzug in K\u00fcrze bekannt gegeben. <\/span><\/span><\/div>\n<div style=\"padding-left: 35.45pt;\"><span style=\"font-family: Arial; font-size: x-small;\"><span style=\"font-size: 10pt;\"><strong>Infos im Netz:<\/strong><a href=\"http:\/\/www.btk-fh.de\/de\/probestudium\/berlin\/\" target=\"_blank\" rel=\"noopener\"><span style=\"color: blue;\"><span style=\"text-decoration: underline;\"> <\/span><\/span><\/a><span style=\"color: blue;\"><span style=\"text-decoration: underline;\"><a href=\"http:\/\/www.btk-fh.de\/de\/probestudium\/berlin\/\">http:\/\/www.btk-fh.de\/de\/probestudium\/berlin\/<\/a><\/span><\/span>&nbsp; <\/span><\/span><\/div>\n<div style=\"padding-left: 35.45pt;\"><span style=\"font-family: Arial; font-size: x-small;\"><span style=\"font-size: 10pt;\"><strong>Hinweis:<\/strong> private Hochschule \u2013 Kosten des Studiums auf Anfrage <\/span><\/span><\/div>\n<div style=\"padding-left: 35.45pt;\"><span style=\"font-family: Arial; font-size: x-small;\"><span style=\"font-size: 10pt;\"><span style=\"font-family: Calibri; font-size: x-small;\"><span style=\"font-size: 11pt;\"><\/span><\/span> <\/span><\/span><\/div>\n<div style=\"padding-left: 35.45pt;\"><span style=\"font-family: Arial; font-size: x-small;\"><span style=\"font-size: 10pt;\"><strong>Informationsnachmittag<\/strong><strong> der<\/strong><strong> Charit\u00e9<\/strong><strong> Gesundheitsakademie<\/strong> <\/span><\/span><\/div>\n<div style=\"padding-left: 35.45pt;\"><span style=\"font-family: Arial; font-size: x-small;\"><span style=\"font-size: 10pt;\"><span style=\"color: #3333ff;\"><strong>14.11.2016&nbsp;&nbsp;&nbsp;&nbsp;&nbsp; 15:30<\/strong><strong> &#8211;<\/strong><strong> 17:30<\/strong><strong> Uhr<\/strong><\/span> <\/span><\/span><\/div>\n<div style=\"padding-left: 35.45pt;\"><span style=\"font-family: Arial; font-size: x-small;\"><span style=\"font-size: 10pt;\">Die Veranstaltung gibt Informationen zu Zugangsvoraussetzungen, den Schwerpunkten der Ausbildung, sp\u00e4teren Einsatzm\u00f6glichkeiten und Berufsperspektiven in folgenden Berufen: Di\u00e4tassistenz, Gesundheits- und Krankenpflege, Gesundheits- und Kinderkrankenpflege, Hebammenwesen, Logop\u00e4die, Medizinische Sektions- und Pr\u00e4parationsassistenz, Operationstechnische Assistenz und Physiotherapie. F\u00fcr Fragen stehen Lehrkr\u00e4fte und Auszubildende zur Verf\u00fcgung. <\/span><\/span><\/div>\n<div style=\"padding-left: 35.45pt;\"><span style=\"font-family: Arial; font-size: x-small;\"><span style=\"font-size: 10pt;\"><strong>Ort:<\/strong> Charit\u00e9 Gesundheitsakademie, Oudenarder Stra\u00dfe 16, 13347 Berlin, Geb\u00e4ude A, Aufgang 6 | 1. Ebene \u2013 Seminarraum 3 <\/span><\/span><\/div>\n<div style=\"padding-left: 35.45pt;\"><span style=\"font-family: Arial; font-size: x-small;\"><span style=\"font-size: 10pt;\"><strong>Infos<\/strong><strong> im<\/strong><strong> Netz:<\/strong><span style=\"color: #1f497d;\"><strong>&nbsp;<\/strong><\/span><a href=\"http:\/\/akademie.charite.de\/\" target=\"_blank\" rel=\"noopener\"><span style=\"color: blue;\"><span style=\"text-decoration: underline;\"> <\/span><\/span><\/a><span style=\"color: blue;\"><span style=\"text-decoration: underline;\"><a href=\"http:\/\/akademie.charite.de\/\">http:\/\/akademie.charite.de\/<\/a><\/span><\/span> <\/span><\/span><\/div>\n<div style=\"padding-left: 35.45pt;\"><span style=\"font-family: Arial; font-size: x-small;\"><span style=\"font-size: 10pt;\"><span style=\"font-family: Calibri; font-size: x-small;\"><span style=\"font-size: 11pt;\"><\/span><\/span> <\/span><\/span><\/div>\n<div style=\"padding-left: 35.45pt;\"><span style=\"font-family: Arial; font-size: x-small;\"><span style=\"font-size: 10pt;\"><strong>Green Day an der Technischen Universit\u00e4t Berlin<\/strong> <\/span><\/span><\/div>\n<div style=\"padding-left: 35.45pt;\"><span style=\"font-family: Arial; font-size: x-small;\"><span style=\"font-size: 10pt;\"><span style=\"color: #3333ff;\"><strong>14.11.2016&nbsp;&nbsp;&nbsp;&nbsp;&nbsp; 08:00 \u2013 13:00 Uhr<\/strong><\/span> <\/span><\/span><\/div>\n<div style=\"padding-left: 35.45pt;\"><span style=\"font-family: Arial; font-size: x-small;\"><span style=\"font-size: 10pt;\">Was sind \u201egr\u00fcne Jobs\u201c und wie bekomme ich einen? Auf diese Frage gibt es beim Green Day an der TU Berlin Antworten. Der Green Day bietet mit einer Einf\u00fchrungsveranstaltung und anschlie\u00dfenden Workshops die M\u00f6glichkeit, die Arbeit (an) der Universit\u00e4t in diesem Bereich aktiv zu erfahren. Die Einf\u00fchrungsveranstaltung f\u00fchrt in das Thema ein und schl\u00e4gt den Bogen vom Schulfach \u00fcber das Studium hin zum Beruf. In den Sch\u00fclerlaboren und Instituten der TU Berlin k\u00f6nnen Sch\u00fclerinnen und Sch\u00fcler dann verschiedene Bereiche direkt kennen lernen und Berufs- und Studienperspektiven entdecken. <\/span><\/span><\/div>\n<div style=\"padding-left: 35.45pt;\"><span style=\"font-family: Arial; font-size: x-small;\"><span style=\"font-size: 10pt;\"><strong>Ort:<\/strong> Technische Universit\u00e4t Berlin, Str. des 17. Juni 135, 10623 Berlin, Hauptgeb\u00e4ude, Erdgeschoss, H\u00f6rsaal H104 <\/span><\/span><\/div>\n<div style=\"padding-left: 35.45pt;\"><span style=\"font-family: Arial; font-size: x-small;\"><span style=\"font-size: 10pt;\"><strong>Anmeldung:<\/strong> nach den Sommerferien \u00fcber<a href=\"http:\/\/www.greendaydeutschland.de\/\" target=\"_blank\" rel=\"noopener\"><span style=\"color: blue;\"><span style=\"text-decoration: underline;\"> <\/span><\/span><\/a><span style=\"color: blue;\"><span style=\"text-decoration: underline;\"><a href=\"http:\/\/www.greendaydeutschland.de\/\">http:\/\/www.greendaydeutschland.de\/<\/a><\/span><\/span> , Suchbegriff \u201eTU Berlin\u201c <\/span><\/span><\/div>\n<div style=\"padding-left: 35.45pt;\"><span style=\"font-family: Arial; font-size: x-small;\"><span style=\"font-size: 10pt;\"><strong>Infos im Netz:<\/strong><a href=\"http:\/\/www.schulportal.tu-berlin.de\/menue\/angebote\/events\/green_day\/\" target=\"_blank\" rel=\"noopener\"><span style=\"color: blue;\"><span style=\"text-decoration: underline;\"> www.schulportal.tu-berlin.de\/menue\/angebote\/events\/green_day\/<\/span><\/span><\/a> <\/span><\/span><\/div>\n<div style=\"padding-left: 35.45pt;\"><span style=\"font-family: Arial; font-size: x-small;\"><span style=\"font-size: 10pt;\"><span style=\"color: #1f497d; font-family: Calibri; font-size: x-small;\"><span style=\"font-size: 11pt;\"><\/span><\/span> <\/span><\/span><\/div>\n<div style=\"padding-left: 35.45pt;\"><span style=\"font-family: Arial; font-size: x-small;\"><span style=\"font-size: 10pt;\"><strong>Der Studiengang Regenerative Energien stellt sich vor<\/strong> <\/span><\/span><\/div>\n<div style=\"padding-left: 35.45pt;\"><span style=\"font-family: Arial; font-size: x-small;\"><span style=\"font-size: 10pt;\"><span style=\"color: #3333ff;\"><strong>14.11.2016&nbsp;&nbsp;&nbsp;&nbsp;&nbsp; 10:00 \u2013 12:00 Uhr<\/strong><\/span> <\/span><\/span><\/div>\n<div style=\"padding-left: 35.45pt;\"><span style=\"font-family: Arial; font-size: x-small;\"><span style=\"font-size: 10pt;\">An der HTW Berlin gew\u00e4hrt der Studiengang Regenerative Energien an diesem Tag einen Blick hinter die Kulissen. <\/span><\/span><\/div>\n<div style=\"padding-left: 35.45pt;\"><span style=\"font-family: Arial; font-size: x-small;\"><span style=\"font-size: 10pt;\"><strong>Ort:<\/strong> HTW, Campus Wilhelminenhof, Wilhelminenhofstra\u00dfe 75A, 12459 Berlin, Geb\u00e4ude G, Raum G.008 <\/span><\/span><\/div>\n<div style=\"padding-left: 35.45pt;\"><span style=\"font-family: Arial; font-size: x-small;\"><span style=\"font-size: 10pt;\"><strong>Anmeldung erforderlich<\/strong> \u00fcber<a href=\"http:\/\/www.greendaydeutschland.de\/\" target=\"_blank\" rel=\"noopener\"><span style=\"text-decoration: underline;\"> www.greendaydeutschland.de<\/span><\/a> <\/span><\/span><\/div>\n<div style=\"padding-left: 35.45pt;\"><span style=\"font-family: Arial; font-size: x-small;\"><span style=\"font-size: 10pt;\"><strong>Info im Netz:<\/strong><a href=\"http:\/\/www.htw-berlin.de\/studium\/die-htw-berlin-kennenlernen\/tage-der-offenen-tuer\/\" target=\"_blank\" rel=\"noopener\"><span style=\"color: blue;\"><span style=\"text-decoration: underline;\"> <\/span><\/span><\/a><span style=\"color: blue;\"><span style=\"text-decoration: underline;\"><a href=\"http:\/\/www.htw-berlin.de\/studium\/die-htw-berlin-kennenlernen\/tage-der-offenen-tuer\/\">http:\/\/www.htw-berlin.de\/studium\/die-htw-berlin-kennenlernen\/tage-der-offenen-tuer\/<\/a><\/span><\/span> <\/span><\/span><\/div>\n<div style=\"padding-left: 35.45pt;\"><span style=\"font-family: Arial; font-size: x-small;\"><span style=\"font-size: 10pt;\"><span style=\"color: #1f497d; font-family: Calibri; font-size: x-small;\"><span style=\"font-size: 11pt;\"><\/span><\/span> <\/span><\/span><\/div>\n<div style=\"padding-left: 35.45pt;\"><span style=\"font-family: Arial; font-size: x-small;\"><span style=\"font-size: 10pt;\"><strong>Infotag<\/strong><strong> an<\/strong><strong> der<\/strong><strong> International<\/strong><strong> Psychoanalytic<\/strong><strong> University<\/strong><strong> Berlin<\/strong> <\/span><\/span><\/div>\n<div style=\"padding-left: 35.45pt;\"><span style=\"font-family: Arial; font-size: x-small;\"><span style=\"font-size: 10pt;\"><span style=\"color: #3333ff;\"><strong>15.11.2016&nbsp;&nbsp;&nbsp;&nbsp;&nbsp;&nbsp;&nbsp;&nbsp;&nbsp;&nbsp;&nbsp;&nbsp;&nbsp; 17:00<\/strong><strong> Uhr<\/strong><\/span> <\/span><\/span><\/div>\n<div style=\"padding-left: 35.45pt;\"><span style=\"font-family: Arial; font-size: x-small;\"><span style=\"font-size: 10pt;\">Welche Studieng\u00e4nge bietet die IPU an? Was ist das Besondere am Psychologie-Studium an der IPU? Wie kann ich mich f\u00fcr ein Studium bewerben und nach welchen Kriterien werde ich zugelassen? Diese und anderes Fragen werden von Professoren und der Studienberatung beantwortet. <\/span><\/span><\/div>\n<div style=\"padding-left: 35.45pt;\"><span style=\"font-family: Arial; font-size: x-small;\"><span style=\"font-size: 10pt;\"><strong>Ort:<\/strong> IPU Berlin, Stromstra\u00dfe 2, 10555 Berlin <\/span><\/span><\/div>\n<div style=\"padding-left: 35.45pt;\"><span style=\"font-family: Arial; font-size: x-small;\"><span style=\"font-size: 10pt;\"><strong>Anmeldung<\/strong><strong> erbeten<\/strong> unter<a href=\"mailto:info@ipu-berlin.de\" target=\"_blank\" rel=\"noopener\"><span style=\"color: blue;\"><span style=\"text-decoration: underline;\"> <\/span><\/span><\/a><span style=\"color: blue;\"><span style=\"text-decoration: underline;\"><a href=\"mailto:info@ipu-berlin.de\">info@ipu-berlin.de<\/a><\/span><\/span> <\/span><\/span><\/div>\n<div style=\"padding-left: 35.45pt;\"><span style=\"font-family: Arial; font-size: x-small;\"><span style=\"font-size: 10pt;\"><strong>Hinweis:<\/strong> Private Hochschule &#8211; Kosten des Studiums auf Anfrage. <\/span><\/span><\/div>\n<div style=\"padding-left: 35.45pt;\"><span style=\"font-family: Arial; font-size: x-small;\"><span style=\"font-size: 10pt;\"><span style=\"font-family: Calibri; font-size: x-small;\"><span style=\"font-size: 11pt;\"><\/span><\/span> <\/span><\/span><\/div>\n<div style=\"padding-left: 35.45pt;\"><span style=\"font-family: Arial; font-size: x-small;\"><span style=\"font-size: 10pt;\"><strong>Infotag Best Sabel<\/strong> <\/span><\/span><\/div>\n<div style=\"padding-left: 35.45pt;\"><span style=\"font-family: Arial; font-size: x-small;\"><span style=\"font-size: 10pt;\"><span style=\"color: #3333ff;\"><strong>15.11.2016&nbsp;&nbsp;&nbsp;&nbsp;&nbsp; 16:00 Uhr<\/strong><\/span> <\/span><\/span><\/div>\n<div style=\"padding-left: 35.45pt;\"><span style=\"font-family: Arial; font-size: x-small;\"><span style=\"font-size: 10pt;\">Es werden die Ausbildungsg\u00e4ngen&nbsp;Fotodesign, Modedesign, Grafikdesign (Print\/Web), Grafikdesign (3D\/Animation) umfassend vorgestellt. <\/span><\/span><\/div>\n<div style=\"padding-left: 35.45pt;\"><span style=\"font-family: Arial; font-size: x-small;\"><span style=\"font-size: 10pt;\"><strong>Ort:<\/strong> Designschule BEST-Sabel, Lindenstrasse 42, 12555 Berlin <\/span><\/span><\/div>\n<div style=\"padding-left: 35.45pt;\"><span style=\"font-family: Arial; font-size: x-small;\"><span style=\"font-size: 10pt;\"><strong>Anmeldung erforderlich<\/strong> unter Tel. 030 428491-91 oder per e-mail<a href=\"mailto:beratung@best-sabel.de\" target=\"_blank\" rel=\"noopener\"><span style=\"text-decoration: underline;\"> <\/span><\/a><span style=\"text-decoration: underline;\"><a href=\"mailto:beratung@best-sabel.de\">beratung@best-sabel.de<\/a><\/span> <\/span><\/span><\/div>\n<div style=\"padding-left: 35.45pt;\"><span style=\"font-family: Arial; font-size: x-small;\"><span style=\"font-size: 10pt;\"><strong>Infos im Netz:<\/strong><a href=\"http:\/\/www.designschule-berlin.de\/infotage_design\/\" target=\"_blank\" rel=\"noopener\"><span style=\"color: blue;\"><span style=\"text-decoration: underline;\"> <\/span><\/span><\/a><span style=\"color: blue;\"><span style=\"text-decoration: underline;\"><a href=\"http:\/\/www.designschule-berlin.de\/infotage_design\/\">http:\/\/www.designschule-berlin.de\/infotage_design\/<\/a><\/span><\/span> <\/span><\/span><\/div>\n<div style=\"padding-left: 35.45pt;\"><span style=\"font-family: Arial; font-size: x-small;\"><span style=\"font-size: 10pt;\"><strong>Hinweis:<\/strong> Private Berufsfachschule &#8211; Kosten der Ausbildung auf Anfrage <\/span><\/span><\/div>\n<div style=\"padding-left: 35.45pt;\"><span style=\"font-family: Arial; font-size: x-small;\"><span style=\"font-size: 10pt;\"><span style=\"font-family: Calibri; font-size: x-small;\"><span style=\"font-size: 11pt;\"><\/span><\/span> <\/span><\/span><\/div>\n<div style=\"padding-left: 35.45pt;\"><span style=\"font-family: Arial; font-size: x-small;\"><span style=\"font-size: 10pt;\"><strong>Psychologie<\/strong><strong> studieren<\/strong><strong> \u2013<\/strong><strong> Ein<\/strong><strong> Studiengang<\/strong><strong> zwischen<\/strong><strong> Geistes-<\/strong><strong> und<\/strong><strong> Naturwissenschaften<\/strong> <\/span><\/span><\/div>\n<div style=\"padding-left: 35.45pt;\"><span style=\"font-family: Arial; font-size: x-small;\"><span style=\"font-size: 10pt;\"><span style=\"color: #3333ff;\"><strong>17.11.2016&nbsp;&nbsp;&nbsp;&nbsp;&nbsp; 16:00<\/strong><strong> Uhr<\/strong><\/span> <\/span><\/span><\/div>\n<div style=\"padding-left: 35.45pt;\"><span style=\"font-family: Arial; font-size: x-small;\"><span style=\"font-size: 10pt;\">Eine Psychologin erkl\u00e4rt die Studieninhalte und den Ablauf des Studiums, stellt verschiedene Besch\u00e4ftigungsm\u00f6glichkeiten vor und gibt wichtige Informationen, Tipps sowie Anregungen rund um das Psychologiestudium vor. <\/span><\/span><\/div>\n<div style=\"padding-left: 35.45pt;\"><span style=\"font-family: Arial; font-size: x-small;\"><span style=\"font-size: 10pt;\"><strong>Ort:<\/strong> Berufsinformationszentrum (BIZ) Nord, K\u00f6nigin-Elisabeth-Stra\u00dfe 49, 14059 Berlin, Tel. 030 5555 70 2199 <\/span><\/span><\/div>\n<div style=\"padding-left: 35.45pt;\"><span style=\"font-family: Arial; font-size: x-small;\"><span style=\"font-size: 10pt;\"><span style=\"color: #1f497d; font-family: Calibri; font-size: x-small;\"><span style=\"font-size: 11pt;\"><\/span><\/span> <\/span><\/span><\/div>\n<div style=\"padding-left: 35.45pt;\"><span style=\"font-family: Arial; font-size: x-small;\"><span style=\"font-size: 10pt;\"><strong>Berufe f\u00fcr die Zukunft &#8211; werde Klimaretter\/in!<\/strong> <\/span><\/span><\/div>\n<div style=\"padding-left: 35.45pt;\"><span style=\"font-family: Arial; font-size: x-small;\"><span style=\"font-size: 10pt;\"><span style=\"color: #3333ff;\"><strong>17.11.2016&nbsp;&nbsp;&nbsp;&nbsp;&nbsp; 16:00 Uhr<\/strong><\/span> <\/span><\/span><\/div>\n<div style=\"padding-left: 35.45pt;\"><span style=\"font-family: Arial; font-size: x-small;\"><span style=\"font-size: 10pt;\">Wie k\u00f6nnen Sie Klima, Natur und den Erhalt nat\u00fcrlicher Lebensgrundlagen zu einem wichtigen Faktor Ihrer Studien- und Berufswahl machen? Wie reagieren Unternehmen und Hochschulen in Ausbildung und Studium auf den Fachkr\u00e4ftebedarf in der Energiewende? Wir nehmen die Entwicklung der green economy unter die Lupe und stellen Ihnen M\u00f6glichkeiten einer gr\u00fcnen Karriere vor &#8211; unter besonderer Ber\u00fccksichtigung der Ausbildungs-, Job- und Studienlandschaft von Berlin und Brandenburg. <\/span><\/span><\/div>\n<div style=\"padding-left: 35.45pt;\"><span style=\"font-family: Arial; font-size: x-small;\"><span style=\"font-size: 10pt;\"><strong>Ort:<\/strong> Berufsinformationszentrum (BIZ) Mitte, Friedrichstra\u00dfe 39, 10969 Berlin, Tel. 030 5555 99 2626 <\/span><\/span><\/div>\n<div style=\"padding-left: 35.45pt;\"><span style=\"font-family: Arial; font-size: x-small;\"><span style=\"font-size: 10pt;\"><span style=\"color: #1f497d; font-family: Calibri; font-size: x-small;\"><span style=\"font-size: 11pt;\"><\/span><\/span> <\/span><\/span><\/div>\n<div style=\"padding-left: 35.45pt;\"><span style=\"font-family: Arial; font-size: x-small;\"><span style=\"font-size: 10pt;\"><strong>Landespolizei<\/strong> <\/span><\/span><\/div>\n<div style=\"padding-left: 35.45pt;\"><span style=\"font-family: Arial; font-size: x-small;\"><span style=\"font-size: 10pt;\"><span style=\"color: #3333ff;\"><strong>17.11.2016&nbsp;&nbsp;&nbsp;&nbsp;&nbsp; 16:00<\/strong><strong> Uhr<\/strong><\/span> <\/span><\/span><\/div>\n<div style=\"padding-left: 35.45pt;\"><span style=\"font-family: Arial; font-size: x-small;\"><span style=\"font-size: 10pt;\">Beratung zu Laufbahnen und Bewerbung. <\/span><\/span><\/div>\n<div style=\"padding-left: 35.45pt;\"><span style=\"font-family: Arial; font-size: x-small;\"><span style=\"font-size: 10pt;\"><strong>Ort:<\/strong> Berufsinformationszentrum (BIZ) Mitte, Friedrichstra\u00dfe 39, 10969 Berlin, Tel. 030 5555 99 2626 <\/span><\/span><\/div>\n<div style=\"padding-left: 35.45pt;\"><span style=\"font-family: Arial; font-size: x-small;\"><span style=\"font-size: 10pt;\"><span style=\"color: #1f497d; font-family: Calibri; font-size: x-small;\"><span style=\"font-size: 11pt;\"><\/span><\/span> <\/span><\/span><\/div>\n<div style=\"padding-left: 35.45pt;\"><span style=\"font-family: Arial; font-size: x-small;\"><span style=\"font-size: 10pt;\"><strong>Bundeswehr<\/strong> <\/span><\/span><\/div>\n<div style=\"padding-left: 35.45pt;\"><span style=\"font-family: Arial; font-size: x-small;\"><span style=\"font-size: 10pt;\"><span style=\"color: #3333ff;\"><strong>17.11.2016&nbsp;&nbsp;&nbsp;&nbsp;&nbsp; 16:00<\/strong><strong> Uhr<\/strong><\/span> <\/span><\/span><\/div>\n<div style=\"padding-left: 35.45pt;\"><span style=\"font-family: Arial; font-size: x-small;\"><span style=\"font-size: 10pt;\">Beratung zu Ausbildungs- und Studienm\u00f6glichkeiten. <\/span><\/span><\/div>\n<div style=\"padding-left: 35.45pt;\"><span style=\"font-family: Arial; font-size: x-small;\"><span style=\"font-size: 10pt;\"><strong>Ort:<\/strong> Berufsinformationszentrum (BIZ) S\u00fcd, Sonnenallee 282, 12057 Berlin, Tel. 030 5555 77 2360 <\/span><\/span><\/div>\n<div style=\"padding-left: 35.45pt;\"><span style=\"font-family: Arial; font-size: x-small;\"><span style=\"font-size: 10pt;\">&nbsp; <\/span><\/span><\/div>\n<div style=\"padding-left: 35.45pt;\"><span style=\"font-family: Arial; font-size: x-small;\"><span style=\"font-size: 10pt;\"><strong>Virtual Reality &#8211; der Studiengang Game Design an der HTW Berlin<\/strong> <\/span><\/span><\/div>\n<div style=\"padding-left: 35.45pt;\"><span style=\"font-family: Arial; font-size: x-small;\"><span style=\"font-size: 10pt;\"><span style=\"color: #3333ff;\"><strong>18.11.2016&nbsp;&nbsp;&nbsp;&nbsp;&nbsp; 17:00 Uhr<\/strong><\/span> <\/span><\/span><\/div>\n<div style=\"padding-left: 35.45pt;\"><span style=\"font-family: Arial; font-size: x-small;\"><span style=\"font-size: 10pt;\">Virtual Reality erleben. Die Veranstaltung gibt einen Einblick in die Entwicklung von Virtual Reality Anwendungen. Dabei erfahren Sie auch wie Studierende im Studiengang Game Design an der HTW Berlin mit Virtual-Reality-Techniken arbeiten. <\/span><\/span><\/div>\n<div style=\"padding-left: 35.45pt;\"><span style=\"font-family: Arial; font-size: x-small;\"><span style=\"font-size: 10pt;\"><strong>Ort:<\/strong> HTW Berlin, Campus Wilhelminenhof, Wilhelminenhofstra\u00dfe 75a, 12459 Berlin, Geb\u00e4ude H, Raum H.006 <\/span><\/span><\/div>\n<div style=\"padding-left: 35.45pt;\"><span style=\"font-family: Arial; font-size: x-small;\"><span style=\"font-size: 10pt;\"><strong>Infos im Netz:<\/strong><a href=\"http:\/\/tinyurl.com\/vrstudio\" target=\"_blank\" rel=\"noopener\"><span style=\"color: blue;\"><span style=\"text-decoration: underline;\"> <\/span><\/span><\/a><span style=\"color: blue;\"><span style=\"text-decoration: underline;\"><a href=\"http:\/\/tinyurl.com\/vrstudio\">http:\/\/tinyurl.com\/vrstudio<\/a><\/span><\/span> <\/span><\/span><\/div>\n<div style=\"padding-left: 35.45pt;\"><span style=\"font-family: Arial; font-size: x-small;\"><span style=\"font-size: 10pt;\"><span style=\"font-family: Calibri; font-size: x-small;\"><span style=\"font-size: 11pt;\"><\/span><\/span> <\/span><\/span><\/div>\n<div style=\"padding-left: 35.45pt;\"><span style=\"font-family: Arial; font-size: x-small;\"><span style=\"font-size: 10pt;\"><strong>Vor dem Abi an die Uni<\/strong><br \/> <span style=\"color: #3333ff;\"><strong>22.11.2016&nbsp;&nbsp;&nbsp;&nbsp;&nbsp; 18:00 \u2013 19:30 Uhr<\/strong><\/span> <\/span><\/span><\/div>\n<div style=\"padding-left: 35.45pt;\"><span style=\"font-family: Arial; font-size: x-small;\"><span style=\"font-size: 10pt;\">Bin ich richtig hier? Zum erfolgreichen Studium geh\u00f6rt mehr als nur lernen \u2013 leben, forschen, Freizeit und soziales Miteinander. Unibesuche vor dem Studium helfen, die passende Studienentscheidung zu treffen. Welche Angebote es gibt, erfahren Sie bei dieser Veranstaltung. <\/span><\/span><\/div>\n<div style=\"padding-left: 35.45pt;\"><span style=\"font-family: Arial; font-size: x-small;\"><span style=\"font-size: 10pt;\"><strong>Ort:<\/strong> TU Berlin, Universit\u00e4tsbibliothek, Raum BIB 014, Fasanenstra\u00dfe 88, 10623 Berlin <\/span><\/span><\/div>\n<div style=\"padding-left: 35.45pt;\"><span style=\"font-family: Arial; font-size: x-small;\"><span style=\"font-size: 10pt;\"><span style=\"font-family: Calibri; font-size: x-small;\"><span style=\"font-size: 11pt;\"><\/span><\/span> <\/span><\/span><\/div>\n<div style=\"padding-left: 35.45pt;\"><span style=\"font-family: Arial; font-size: x-small;\"><span style=\"font-size: 10pt;\"><strong>Jour variable \u2013 Informationsveranstaltung der UdK f\u00fcr den Studiengang Design (Produkt\/Mode)<\/strong> <\/span><\/span><\/div>\n<div style=\"padding-left: 35.45pt;\"><span style=\"font-family: Arial; font-size: x-small;\"><span style=\"font-size: 10pt;\"><span style=\"color: #3333ff;\"><strong>23.11.2016&nbsp;&nbsp;&nbsp;&nbsp;&nbsp; 15:00 Uhr<\/strong><\/span> <\/span><\/span><\/div>\n<div style=\"padding-left: 35.45pt;\"><span style=\"font-family: Arial; font-size: x-small;\"><span style=\"font-size: 10pt;\">Die Veranstaltung informiert \u00fcber die Zugangsbedingungen, Auswahlverfahren, zum Studienverlauf und den Studieninhalten. Die Veranstaltung wird von Studierenden des Studienganges durchgef\u00fchrt. <\/span><\/span><\/div>\n<div style=\"padding-left: 35.45pt;\"><span style=\"font-family: Arial; font-size: x-small;\"><span style=\"font-size: 10pt;\"><strong>Ort:<\/strong> UdK, Stra\u00dfe des 17. Juni 118, Berlin Charlottenburg, in der Eingangshalle <\/span><\/span><\/div>\n<div style=\"padding-left: 35.45pt;\"><span style=\"font-family: Arial; font-size: x-small;\"><span style=\"font-size: 10pt;\"><strong>Infos im Netz:<\/strong><a href=\"https:\/\/www.udk-berlin.de\/service\/allgemeine-studienberatung\/\" target=\"_blank\" rel=\"noopener\"><span style=\"color: blue;\"><span style=\"text-decoration: underline;\"> <\/span><\/span><\/a><span style=\"color: blue;\"><span style=\"text-decoration: underline;\"><a href=\"https:\/\/www.udk-berlin.de\/service\/allgemeine-studienberatung\/\">https:\/\/www.udk-berlin.de\/service\/allgemeine-studienberatung\/<\/a><\/span><\/span> <\/span><\/span><\/div>\n<div style=\"padding-left: 35.45pt;\"><span style=\"font-family: Arial; font-size: x-small;\"><span style=\"font-size: 10pt;\"><span style=\"font-family: Calibri; font-size: x-small;\"><span style=\"font-size: 11pt;\"><\/span><\/span> <\/span><\/span><\/div>\n<div style=\"padding-left: 35.45pt;\"><span style=\"font-family: Arial; font-size: x-small;\"><span style=\"font-size: 10pt;\"><strong>Arbeitswelt Journalismus<\/strong> <\/span><\/span><\/div>\n<div style=\"padding-left: 35.45pt;\"><span style=\"font-family: Arial; font-size: x-small;\"><span style=\"font-size: 10pt;\"><span style=\"color: #3333ff;\"><strong>24.11.2016&nbsp;&nbsp;&nbsp;&nbsp;&nbsp; 16:00 Uhr<\/strong><\/span> <\/span><\/span><\/div>\n<div style=\"padding-left: 35.45pt;\"><span style=\"font-family: Arial; font-size: x-small;\"><span style=\"font-size: 10pt;\">Wie k\u00f6nnen Studieninteressierte, die das Schreiben zum Beruf machen wollen, ihr Ziel erreichen? Wie gestaltet sich der journalistische Arbeitsmarkt? Ob bei Tageszeitungen, Zeitschriften, Radiosendern oder Onlinemedien \u2013 es bieten sich vielf\u00e4ltige T\u00e4tigkeitsfelder. Fundiertes Wissen und solide F\u00e4higkeiten sind gefragt. Ein Dipl.- Journalist mit Erfahrung in unterschiedlichen Medienbereichen bietet eine Einf\u00fchrung in den Journalismus, informiert zu Studium, Volontariat, Praktika und Akquise. <\/span><\/span><\/div>\n<div style=\"padding-left: 35.45pt;\"><span style=\"font-family: Arial; font-size: x-small;\"><span style=\"font-size: 10pt;\"><strong>Ort:<\/strong> Berufsinformationszentrum (BIZ) Nord, K\u00f6nigin-Elisabeth-Stra\u00dfe 49, 14059 Berlin, Tel. 030 5555 70 2199 <\/span><\/span><\/div>\n<div style=\"padding-left: 35.45pt;\"><span style=\"font-family: Arial; font-size: x-small;\"><span style=\"font-size: 10pt;\"><span style=\"font-family: Calibri; font-size: x-small;\"><span style=\"font-size: 11pt;\"><\/span><\/span> <\/span><\/span><\/div>\n<div style=\"padding-left: 35.45pt;\"><span style=\"font-family: Arial; font-size: x-small;\"><span style=\"font-size: 10pt;\"><strong>Offenen Beratungstage des Studiengangs Museumskunde an der HTW<\/strong> <\/span><\/span><\/div>\n<div style=\"padding-left: 35.45pt;\"><span style=\"font-family: Arial; font-size: x-small;\"><span style=\"font-size: 10pt;\"><span style=\"color: #3333ff;\"><strong>24.11.2016&nbsp;&nbsp;&nbsp;&nbsp;&nbsp; 15:00 \u2013 18:00 Uhr<\/strong><\/span> <\/span><\/span><\/div>\n<div style=\"padding-left: 35.45pt;\"><span style=\"font-family: Arial; font-size: x-small;\"><span style=\"font-size: 10pt;\">Sie k\u00f6nnen sich umschauen und \u00fcber das Vorpraktikum, Studium sowie die Berufsaussichten im Museums- und Kulturbereich informieren. <\/span><\/span><\/div>\n<div style=\"padding-left: 35.45pt;\"><span style=\"font-family: Arial; font-size: x-small;\"><span style=\"font-size: 10pt;\"><strong>Ort:<\/strong> HTW, Campus Wilhelminenhof, Wilhelminenhofstra\u00dfe 75A, 12459 Berlin, Geb\u00e4ude A, Raum 531 <\/span><\/span><\/div>\n<div style=\"padding-left: 35.45pt;\"><span style=\"font-family: Arial; font-size: x-small;\"><span style=\"font-size: 10pt;\"><strong>Info im Netz:<\/strong><a href=\"http:\/\/www.htw-berlin.de\/studium\/die-htw-berlin-kennenlernen\/tage-der-offenen-tuer\/\" target=\"_blank\" rel=\"noopener\"><span style=\"color: blue;\"><span style=\"text-decoration: underline;\"> <\/span><\/span><\/a><span style=\"color: blue;\"><span style=\"text-decoration: underline;\"><a href=\"http:\/\/www.htw-berlin.de\/studium\/die-htw-berlin-kennenlernen\/tage-der-offenen-tuer\/\">http:\/\/www.htw-berlin.de\/studium\/die-htw-berlin-kennenlernen\/tage-der-offenen-tuer\/<\/a><\/span><\/span> <\/span><\/span><\/div>\n<div style=\"padding-left: 35.45pt;\"><span style=\"font-family: Arial; font-size: x-small;\"><span style=\"font-size: 10pt;\"><span style=\"font-family: Calibri; font-size: x-small;\"><span style=\"font-size: 11pt;\"><\/span><\/span> <\/span><\/span><\/div>\n<div style=\"padding-left: 35.45pt;\"><span style=\"font-family: Arial; font-size: x-small;\"><span style=\"font-size: 10pt;\"><strong>Bundeswehr<\/strong> <\/span><\/span><\/div>\n<div style=\"padding-left: 35.45pt;\"><span style=\"font-family: Arial; font-size: x-small;\"><span style=\"font-size: 10pt;\"><span style=\"color: #3333ff;\"><strong>24.11.2016&nbsp;&nbsp;&nbsp;&nbsp;&nbsp; 16:00<\/strong><strong> Uhr<\/strong><\/span> <\/span><\/span><\/div>\n<div style=\"padding-left: 35.45pt;\"><span style=\"font-family: Arial; font-size: x-small;\"><span style=\"font-size: 10pt;\">Beratung zu Ausbildungs- und Studienm\u00f6glichkeiten. <\/span><\/span><\/div>\n<div style=\"padding-left: 35.45pt;\"><span style=\"font-family: Arial; font-size: x-small;\"><span style=\"font-size: 10pt;\"><strong>Ort:<\/strong> Berufsinformationszentrum (BIZ) Mitte, Friedrichstra\u00dfe 39, 10969 Berlin, Tel. 030 5555 99 2626 <\/span><\/span><\/div>\n<div style=\"padding-left: 35.45pt;\"><span style=\"font-family: Arial; font-size: x-small;\"><span style=\"font-size: 10pt;\"><span style=\"color: #1f497d; font-family: Calibri; font-size: x-small;\"><span style=\"font-size: 11pt;\"><\/span><\/span> <\/span><\/span><\/div>\n<div style=\"padding-left: 35.45pt;\"><span style=\"font-family: Arial; font-size: x-small;\"><span style=\"font-size: 10pt;\"><strong>Mappenberatung f\u00fcr den Studiengang Kommunikationsdesign an der HTW<\/strong> <\/span><\/span><\/div>\n<div style=\"padding-left: 35.45pt;\"><span style=\"font-family: Arial; font-size: x-small;\"><span style=\"font-size: 10pt;\"><span style=\"color: #3333ff;\"><strong>25.11.2016&nbsp;&nbsp;&nbsp;&nbsp;&nbsp; 15:00 Uhr<\/strong><\/span> <\/span><\/span><\/div>\n<div style=\"padding-left: 35.45pt;\"><span style=\"font-family: Arial; font-size: x-small;\"><span style=\"font-size: 10pt;\">Professoren\/innen beraten alle Interessierten bzgl. Auswahl und Pr\u00e4sentation ihrer mitgebrachten Arbeiten und geben Tipps f\u00fcr die Hausaufgabe. <\/span><\/span><\/div>\n<div style=\"padding-left: 35.45pt;\"><span style=\"font-family: Arial; font-size: x-small;\"><span style=\"font-size: 10pt;\"><strong>Ort:<\/strong> HTW, Campus Wilhelminenhof, Wilhelminenhofstra\u00dfe 75A, 12459 Berlin,<strong> Geb\u00e4ude A, Raum 220<\/strong> <\/span><\/span><\/div>\n<div style=\"padding-left: 35.45pt;\"><span style=\"font-family: Arial; font-size: x-small;\"><span style=\"font-size: 10pt;\"><strong>Infos im Netz:<\/strong><a href=\"http:\/\/kd.htw-berlin.de\/bewerbung\/mappenberatung\/\" target=\"_blank\" rel=\"noopener\"><span style=\"color: blue;\"><span style=\"text-decoration: underline;\"> <\/span><\/span><\/a><span style=\"color: blue;\"><span style=\"text-decoration: underline;\"><a href=\"http:\/\/kd.htw-berlin.de\/bewerbung\/mappenberatung\/\">http:\/\/kd.htw-berlin.de\/bewerbung\/mappenberatung\/<\/a><\/span><\/span> <\/span><\/span><\/div>\n<div style=\"padding-left: 35.45pt;\"><span style=\"font-family: Arial; font-size: x-small;\"><span style=\"font-size: 10pt;\"><span style=\"color: #1f497d; font-family: Calibri; font-size: x-small;\"><span style=\"font-size: 11pt;\"><\/span><\/span> <\/span><\/span><\/div>\n<div style=\"padding-left: 35.45pt;\"><span style=\"font-family: Arial; font-size: x-small;\"><span style=\"font-size: 10pt;\"><strong>Bewerben \u2013 Aber richtig! &#8211; Bewerberseminar f\u00fcr Abiturienten<\/strong> <\/span><\/span><\/div>\n<div style=\"padding-left: 35.45pt;\"><span style=\"font-family: Arial; font-size: x-small;\"><span style=\"font-size: 10pt;\"><span style=\"color: #3333ff;\"><strong>28.11.2016&nbsp;&nbsp;&nbsp;&nbsp;&nbsp; 13:00 \u2013 17:30 Uhr<\/strong><\/span> <\/span><\/span><\/div>\n<div style=\"padding-left: 35.45pt;\"><span style=\"font-family: Arial; font-size: x-small;\"><span style=\"font-size: 10pt;\">Noch unsicher beim Bewerben f\u00fcr einen dualen Studienplatz oder eine Ausbildung? Die richtige Formulierung f\u00fcr das Anschreiben finden? Was ist im Lebenslauf in \u2013 was ist out? Welche H\u00fcrden sind im Einstellungstest oder im Vorstellungsgespr\u00e4ch zu nehmen? Wir geben Ihnen Unterst\u00fctzung, checken Ihre Bewerbungsunterlagen und geben individuelle Tipps. Bitte bringen Sie Ihre Bewerbungsunterlagen in ausgedruckter Form mit! <\/span><\/span><\/div>\n<div style=\"padding-left: 35.45pt;\"><span style=\"font-family: Arial; font-size: x-small;\"><span style=\"font-size: 10pt;\"><strong>Ort:<\/strong> Arbeitsagentur Lichtenberg, Haus 1, Aufgang A, Gotlindestr.93, 10365 Berlin, Raum 222 <\/span><\/span><\/div>\n<div style=\"padding-left: 35.45pt;\"><span style=\"font-family: Arial; font-size: x-small;\"><span style=\"font-size: 10pt;\"><strong>Anmeldung<\/strong> bitte unter Tel. 5555 99 2626 <\/span><\/span><\/div>\n<div style=\"padding-left: 35.45pt;\"><span style=\"font-family: Arial; font-size: x-small;\"><span style=\"font-size: 10pt;\"><span style=\"color: #1f497d; font-family: Calibri; font-size: x-small;\"><span style=\"font-size: 11pt;\"><\/span><\/span> <\/span><\/span><\/div>\n<div style=\"padding-left: 35.45pt;\"><span style=\"font-family: Arial; font-size: x-small;\"><span style=\"font-size: 10pt;\"><strong>M)ein Studienplatz an der Beuth Hochschule<\/strong> <\/span><\/span><\/div>\n<div style=\"padding-left: 35.45pt;\"><span style=\"font-family: Arial; font-size: x-small;\"><span style=\"font-size: 10pt;\"><span style=\"color: #3333ff;\"><strong>30.11.2016&nbsp;&nbsp;&nbsp;&nbsp;&nbsp; 14:00 Uhr&nbsp;&nbsp;&nbsp;&nbsp;&nbsp;&nbsp;<\/strong><\/span> <\/span><\/span><\/div>\n<div style=\"padding-left: 35.45pt;\"><span style=\"font-family: Arial; font-size: x-small;\"><span style=\"font-size: 10pt;\">In diesem Vortrag beantwortet die Zentrale Studienberatung die wichtigsten Fragen zu Fristen, zum Vorpraktikum, zum NC, zu den Modalit\u00e4ten der Bewerbung, zum Vergabeverfahren und gibt dar\u00fcber hinaus einen \u00dcberblick \u00fcber das Studium und die Hochschule. <\/span><\/span><\/div>\n<div style=\"padding-left: 35.45pt;\"><span style=\"font-family: Arial; font-size: x-small;\"><span style=\"font-size: 10pt;\"><strong>Ort:<\/strong> Beuth Hochschule, Luxemburger Stra\u00dfe 10, 13353 Berlin, Haus Grashof, Raum C 20 <\/span><\/span><\/div>\n<div style=\"padding-left: 35.45pt;\"><span style=\"font-family: Arial; font-size: x-small;\"><span style=\"font-size: 10pt;\"><strong>Infos im Netz:<\/strong><a href=\"http:\/\/www.beuth-hochschule.de\/999\/\" target=\"_blank\" rel=\"noopener\"><span style=\"color: blue;\"><span style=\"text-decoration: underline;\"> <\/span><\/span><\/a><span style=\"color: blue;\"><span style=\"text-decoration: underline;\"><a href=\"http:\/\/www.beuth-hochschule.de\/999\/\">http:\/\/www.beuth-hochschule.de\/999\/<\/a><\/span><\/span> <\/span><\/span><\/div>\n<div style=\"padding-left: 35.45pt;\"><span style=\"font-family: Arial; font-size: x-small;\"><span style=\"font-size: 10pt;\"><span style=\"color: #1f497d; font-family: Calibri; font-size: x-small;\"><span style=\"font-size: 11pt;\"><\/span><\/span> <\/span><\/span><\/div>\n<div style=\"padding-left: 35.45pt;\"><span style=\"font-family: Arial; font-size: x-small;\"><span style=\"font-size: 10pt;\"><strong>Was kommt nach dem Abitur? Wege in Studium und Beruf &#8211; Informationen f\u00fcr Sch\u00fcler\/innen und Eltern<\/strong> <\/span><\/span><\/div>\n<div style=\"padding-left: 35.45pt;\"><span style=\"font-family: Arial; font-size: x-small;\"><span style=\"font-size: 10pt;\"><span style=\"color: #3333ff;\"><strong>01.12.2016&nbsp;&nbsp;&nbsp;&nbsp;&nbsp; 16:00 Uhr<\/strong><\/span> <\/span><\/span><\/div>\n<div style=\"padding-left: 35.45pt;\"><span style=\"font-family: Arial; font-size: x-small;\"><span style=\"font-size: 10pt;\">Wir informieren Sch\u00fcler\/innen und Eltern zu den verschiedenen Bildungswegen nach dem Abitur: <\/span><\/span><\/div>\n<div style=\"padding-left: 35.45pt;\"><span style=\"font-family: Arial; font-size: x-small;\"><span style=\"font-size: 10pt;\">\u2022 Studienm\u00f6glichkeiten an Universit\u00e4ten, Hochschulen, Kunsthochschulen <\/span><\/span><\/div>\n<div style=\"padding-left: 35.45pt;\"><span style=\"font-family: Arial; font-size: x-small;\"><span style=\"font-size: 10pt;\">\u2022 das duale Studium in Unternehmen und im \u00f6ffentlichen Dienst <\/span><\/span><\/div>\n<div style=\"padding-left: 35.45pt;\"><span style=\"font-family: Arial; font-size: x-small;\"><span style=\"font-size: 10pt;\">\u2022 Berufsausbildungen in Betrieben und an Schulen <\/span><\/span><\/div>\n<div style=\"padding-left: 35.45pt;\"><span style=\"font-family: Arial; font-size: x-small;\"><span style=\"font-size: 10pt;\">\u2022 Bewerbungsmodalit\u00e4ten und Fristen <\/span><\/span><\/div>\n<div style=\"padding-left: 35.45pt;\"><span style=\"font-family: Arial; font-size: x-small;\"><span style=\"font-size: 10pt;\"><strong>Ort:<\/strong> Berufsinformationszentrum (BIZ) Mitte, Friedrichstra\u00dfe 39, 10969 Berlin, Tel. 030 5555 99 2626 <\/span><\/span><\/div>\n<div style=\"padding-left: 35.45pt;\"><span style=\"font-family: Arial; font-size: x-small;\"><span style=\"font-size: 10pt;\"><span style=\"color: #1f497d; font-family: Calibri; font-size: x-small;\"><span style=\"font-size: 11pt;\"><\/span><\/span> <\/span><\/span><\/div>\n<div style=\"padding-left: 35.45pt;\"><span style=\"font-family: Arial; font-size: x-small;\"><span style=\"font-size: 10pt;\"><strong>Bundespolizei<\/strong> <\/span><\/span><\/div>\n<div style=\"padding-left: 35.45pt;\"><span style=\"font-family: Arial; font-size: x-small;\"><span style=\"font-size: 10pt;\"><span style=\"color: #3333ff;\"><strong>01.12.2016&nbsp;&nbsp;&nbsp;&nbsp;&nbsp; 16:00<\/strong><strong> Uhr<\/strong><\/span> <\/span><\/span><\/div>\n<div style=\"padding-left: 35.45pt;\"><span style=\"font-family: Arial; font-size: x-small;\"><span style=\"font-size: 10pt;\">Beratung zu Laufbahnen und Bewerbung. <\/span><\/span><\/div>\n<div style=\"padding-left: 35.45pt;\"><span style=\"font-family: Arial; font-size: x-small;\"><span style=\"font-size: 10pt;\"><strong>Ort:<\/strong> Berufsinformationszentrum (BIZ) S\u00fcd, Sonnenallee 282, 12057 Berlin, Tel. 030 5555 77 2360 <\/span><\/span><\/div>\n<div style=\"padding-left: 35.45pt;\"><span style=\"font-family: Arial; font-size: x-small;\"><span style=\"font-size: 10pt;\"><span style=\"color: #1f497d; font-family: Calibri; font-size: x-small;\"><span style=\"font-size: 11pt;\"><\/span><\/span> <\/span><\/span><\/div>\n<div style=\"padding-left: 35.45pt;\"><span style=\"font-family: Arial; font-size: x-small;\"><span style=\"font-size: 10pt;\"><span style=\"color: red;\"><strong>UNI<\/strong><strong> IM<\/strong><strong> GESPR\u00c4CH<\/strong><strong> &#8211;<\/strong><strong> eine<\/strong><strong> Info-Reihe<\/strong><strong> f\u00fcr<\/strong><strong> Studieninteressierte<\/strong><strong> zum<\/strong><strong> Studium<\/strong><strong> an<\/strong><strong> der<\/strong><strong> Freien<\/strong><strong> Universit\u00e4t<\/strong><strong> Berlin<\/strong><span style=\"color: black;\">,<\/span><span style=\"color: black;\"> immer<\/span><span style=\"color: black;\"> mittwochs,<\/span><span style=\"color: black;\"> 18-20<\/span><span style=\"color: black;\"> Uhr,<\/span><span style=\"color: black;\"><strong> Ort:<\/strong><\/span><span style=\"color: black;\"> Studierenden-Service-Center,<\/span><span style=\"color: black;\"> Iltisstr.<\/span><span style=\"color: black;\"> 4,<\/span><span style=\"color: black;\"> 14195<\/span><span style=\"color: black;\"> Berlin,<\/span><span style=\"color: black;\"> Raum<\/span><span style=\"color: black;\"> K<\/span><span style=\"color: black;\"> 009<\/span><span style=\"color: black;\"><strong> Infos<\/strong><\/span><span style=\"color: black;\"><strong> im<\/strong><\/span><span style=\"color: black;\"><strong> Netz:<\/strong><\/span><a href=\"http:\/\/www.fu-berlin.de\/studienberatung\/studienberatung\/uniimgespraech\/index.html\" target=\"_blank\" rel=\"noopener\"><span style=\"color: blue;\"><span style=\"text-decoration: underline;\"> <\/span><\/span><\/a><span style=\"color: blue;\"><span style=\"text-decoration: underline;\"><a href=\"http:\/\/www.fu-berlin.de\/studienberatung\/studienberatung\/uniimgespraech\/index.html\">http:\/\/www.fu-berlin.de\/studienberatung\/studienberatung\/uniimgespraech\/index.html<\/a><\/span><\/span><\/span> <\/span><\/span><\/div>\n<div style=\"padding-left: 35.45pt;\"><span style=\"font-family: Arial; font-size: x-small;\"><span style=\"font-size: 10pt;\"><span style=\"color: #3333ff;\"><strong>02.11.2016&nbsp;&nbsp;&nbsp;&nbsp;&nbsp;<\/strong><span style=\"color: black;\"><strong> Studieren<\/strong><\/span><span style=\"color: black;\"><strong> an<\/strong><\/span><span style=\"color: black;\"><strong> der<\/strong><\/span><span style=\"color: black;\"><strong> Freien<\/strong><\/span><span style=\"color: black;\"><strong> Universit\u00e4t<\/strong><\/span><span style=\"color: black;\"> \u2013<\/span><span style=\"color: black;\"> Was<\/span><span style=\"color: black;\"> bedeutet<\/span><span style=\"color: black;\"> \u00fcberhaupt<\/span><span style=\"color: black;\"> \u201estudieren\u201c?,<\/span><span style=\"color: black;\"> Was<\/span><span style=\"color: black;\"> kann<\/span><span style=\"color: black;\"> man<\/span><span style=\"color: black;\"> an<\/span><span style=\"color: black;\"> der<\/span><span style=\"color: black;\"> FU<\/span><span style=\"color: black;\"> studieren?,<\/span><span style=\"color: black;\"> Wie<\/span><span style=\"color: black;\"> sieht<\/span><span style=\"color: black;\"> der<\/span><span style=\"color: black;\"> Studienalltag<\/span><span style=\"color: black;\"> aus?<\/span><span style=\"color: black;\"> Die<\/span><span style=\"color: black;\"> Veranstaltung<\/span><span style=\"color: black;\"> gibt<\/span><span style=\"color: black;\"> Antworten<\/span><span style=\"color: black;\"> auf<\/span><span style=\"color: black;\"> diese<\/span><span style=\"color: black;\"> und<\/span><span style=\"color: black;\"> weitere<\/span><span style=\"color: black;\"> Fragen<\/span><span style=\"color: black;\"> und<\/span><span style=\"color: black;\"> bietet<\/span><span style=\"color: black;\"> eine<\/span><span style=\"color: black;\"> Einf\u00fchrung<\/span><span style=\"color: black;\"> in<\/span><span style=\"color: black;\"> das<\/span><span style=\"color: black;\"> Thema<\/span><span style=\"color: black;\"> \u201eStudium\u201c.<\/span><\/span> <\/span><\/span><\/div>\n<div style=\"padding-left: 35.45pt;\"><span style=\"font-family: Arial; font-size: x-small;\"><span style=\"font-size: 10pt;\"><span style=\"color: #3333ff;\"><strong>09.11.2016&nbsp;&nbsp;&nbsp;&nbsp;&nbsp;<\/strong><span style=\"color: black;\"><strong> Studierenden<\/strong><\/span><span style=\"color: black;\"><strong> mit<\/strong><\/span><span style=\"color: black;\"><strong> einer<\/strong><\/span><span style=\"color: black;\"><strong> Behinderung<\/strong><\/span><span style=\"color: black;\"> oder<\/span><span style=\"color: black;\"> einer<\/span><span style=\"color: black;\"> chronischen<\/span><span style=\"color: black;\"> Erkrankung<\/span><span style=\"color: black;\"> &#8211;<\/span><span style=\"color: black;\"> Es<\/span><span style=\"color: black;\"> werden<\/span><span style=\"color: black;\"> H\u00e4rtefallantr\u00e4ge<\/span><span style=\"color: black;\"> bei<\/span><span style=\"color: black;\"> der<\/span><span style=\"color: black;\"> Bewerbung,<\/span><span style=\"color: black;\"> Modifizierungen<\/span><span style=\"color: black;\"> und<\/span><span style=\"color: black;\"> Nachteilsausgleiche<\/span><span style=\"color: black;\"> im<\/span><span style=\"color: black;\"> Studium<\/span><span style=\"color: black;\"> und<\/span><span style=\"color: black;\"> bei<\/span><span style=\"color: black;\"> Pr\u00fcfungen<\/span><span style=\"color: black;\"> und<\/span><span style=\"color: black;\"> die<\/span><span style=\"color: black;\"> Finanzierung<\/span><span style=\"color: black;\"> des<\/span><span style=\"color: black;\"> behinderungsbedingten<\/span><span style=\"color: black;\"> Mehrbedarfs<\/span><span style=\"color: black;\"> erl\u00e4utert<\/span><span style=\"color: black;\"> sowie<\/span><span style=\"color: black;\"> Hinweise<\/span><span style=\"color: black;\"> zur<\/span><span style=\"color: black;\"> Hochschul-<\/span><span style=\"color: black;\"> und<\/span><span style=\"color: black;\"> Studienfachwahl<\/span><span style=\"color: black;\"> gegeben.<\/span><\/span> <\/span><\/span><\/div>\n<div style=\"padding-left: 35.45pt;\"><span style=\"font-family: Arial; font-size: x-small;\"><span style=\"font-size: 10pt;\"><span style=\"color: #3333ff;\"><strong>16.11.2016&nbsp;&nbsp;&nbsp;&nbsp;&nbsp;<\/strong><span style=\"color: black;\"><strong> Rechtswissenschaften<\/strong><\/span><span style=\"color: black;\"> \u2013<\/span><span style=\"color: black;\"> Info-Talk<\/span><\/span> <\/span><\/span><\/div>\n<div style=\"padding-left: 35.45pt;\"><span style=\"font-family: Arial; font-size: x-small;\"><span style=\"font-size: 10pt;\"><span style=\"color: #3333ff;\"><strong>23.11.2016&nbsp;&nbsp;&nbsp;&nbsp;&nbsp;<\/strong><span style=\"color: black;\"><strong> Veterin\u00e4rmedizin<\/strong><\/span><span style=\"color: black;\"> \u2013 Info-Talk<\/span><\/span> <\/span><\/span><\/div>\n<div style=\"margin-bottom: 12.75pt; padding-left: 35.45pt;\"><span style=\"font-family: Arial; font-size: x-small;\"><span style=\"font-size: 10pt;\"><span style=\"color: #3333ff;\"><strong>30.11.2016&nbsp;&nbsp;&nbsp;&nbsp;&nbsp;<\/strong><span style=\"color: black;\"><strong> Perspektive Lehramt<\/strong><\/span><span style=\"color: black;\"> &#8211; Die Veranstaltung informiert \u00fcber die Studienm\u00f6glichkeiten und besch\u00e4ftigt sich mit den wichtigsten Fragen rund um das Thema Lehramt.<\/span><span style=\"color: red;\"> Achtung Raum\u00e4nderung KL25\/134 (Rost- &amp; Silberlaube)<\/span><\/span> <\/span><\/span><\/div>\n<div style=\"padding-left: 35.45pt;\"><span style=\"font-family: Arial; font-size: x-small;\"><span style=\"font-size: 10pt;\"><span style=\"color: red;\"><strong>3. Interessantes<\/strong><\/span> <\/span><\/span><\/div>\n<div style=\"padding-left: 35.45pt;\"><span style=\"font-family: Arial; font-size: x-small;\"><span style=\"font-size: 10pt;\"><span style=\"font-family: Calibri; font-size: x-small;\"><span style=\"font-size: 11pt;\"><\/span><\/span> <\/span><\/span><\/div>\n<div style=\"padding-left: 35.45pt;\"><span style=\"font-family: Arial; font-size: x-small;\"><span style=\"font-size: 10pt;\"><strong>Digitaler<\/strong><strong> Adventskalender<\/strong> <\/span><\/span><\/div>\n<div style=\"padding-left: 35.45pt;\"><span style=\"font-family: Arial; font-size: x-small;\"><span style=\"font-size: 10pt;\">Jedes Jahr aufs Neue startet p\u00fcnktlich am 1.12. der Digitale Mathekalender. W\u00e4hrend der Adventszeit kann t\u00e4glich eine knifflige und weihnachtlich verpackte Mathematikaufgabe online gel\u00f6st werden. Die Aufgaben stammen von Wissenschaftlerinnen und Wissenschaftlern des MATHEON, wobei der Reiz durch die Anwendungsn\u00e4he der Forschungsprojekte geschaffen wird. Belohnt wird das Ganze mit vielen tollen Preisen, die unter den Teilnehmern verlost werden.<strong> Anmeldung<\/strong><strong> m\u00f6glich<\/strong><strong> ab<\/strong><strong> 01.11.16<\/strong> unter<a href=\"http:\/\/www.mathekalender.de\/index.php\" target=\"_blank\" rel=\"noopener\"><span style=\"color: blue;\"><span style=\"text-decoration: underline;\"> <\/span><\/span><\/a><span style=\"color: blue;\"><span style=\"text-decoration: underline;\"><a href=\"http:\/\/www.mathekalender.de\/index.php\">http:\/\/www.mathekalender.de\/index.php<\/a><\/span><\/span> . <\/span><\/span><\/div>\n<div style=\"padding-left: 35.45pt;\"><span style=\"font-family: Arial; font-size: x-small;\"><span style=\"font-size: 10pt;\"><span style=\"font-family: Calibri; font-size: x-small;\"><span style=\"font-size: 11pt;\"><\/span><\/span> <\/span><\/span><\/div>\n<div style=\"padding-left: 35.45pt;\"><span style=\"font-family: Arial; font-size: x-small;\"><span style=\"font-size: 10pt;\"><strong>kulturweit<\/strong> <\/span><\/span><\/div>\n<div style=\"padding-left: 35.45pt;\"><span style=\"font-family: Arial; font-size: x-small;\"><span style=\"font-size: 10pt;\">\u00bbkulturweit\u00ab ist ein internationaler Jugendfreiwilligendienst im Bereich der Ausw\u00e4rtigen Kultur- und Bildungspolitik. Er ist ein Projekt der<a href=\"http:\/\/www.kulturweit.de\/de\/akteure\/ueberblick.html\" target=\"_blank\" rel=\"noopener\"> Deutschen UNESCO-Kommission<\/a> in Kooperation mit dem<a href=\"http:\/\/www.kulturweit.de\/de\/akteure\/ueberblick.html\" target=\"_blank\" rel=\"noopener\"> Ausw\u00e4rtige Amt<\/a>. Seit 2009 bietet dieser internationale kulturelle Freiwilligendienst jungen Menschen im Alter von 18 bis 26 Jahren die M\u00f6glichkeit, sich f\u00fcr sechs oder zw\u00f6lf Monate im Bereich der<a href=\"http:\/\/www.kulturweit.de\/glossar.html\" target=\"_blank\" rel=\"noopener\"> Ausw\u00e4rtigen Kultur- und Bildungspolitik<\/a> zu engagieren. Hierbei werden alle Freiwilligen finanziell unterst\u00fctzt &#8211; \u00bbkulturweit\u00ab steht somit allen jungen Menschen offen!<strong> Bis zum 1. Dezember 2016<\/strong> k\u00f6nnen Sie sich f\u00fcr einen internationalen Freiwilligendienst im Bereich der Kultur- und Bildungspolitik ab September 2017 bewerben!<strong> Infos im Netz:<\/strong><a href=\"http:\/\/www.kulturweit.de\/de.html\" target=\"_blank\" rel=\"noopener\"><span style=\"text-decoration: underline;\"> <\/span><\/a><span style=\"text-decoration: underline;\"><a href=\"http:\/\/www.kulturweit.de\/de.html\">http:\/\/www.kulturweit.de\/de.html<\/a><\/span> <\/span><\/span><\/div>\n<div style=\"padding-left: 35.45pt;\"><span style=\"font-family: Arial; font-size: x-small;\"><span style=\"font-size: 10pt;\"><span style=\"font-family: Calibri; font-size: x-small;\"><span style=\"font-size: 11pt;\"><\/span><\/span> <\/span><\/span><\/div>\n<div style=\"padding-left: 35.45pt;\"><span style=\"font-family: Arial; font-size: x-small;\"><span style=\"font-size: 10pt;\"><strong>2\u00b0Campus &#8211; WWF-Sch\u00fclerakademie<\/strong> <\/span><\/span><\/div>\n<div style=\"padding-left: 35.45pt;\"><span style=\"font-family: Arial; font-size: x-small;\"><span style=\"font-size: 10pt;\">Beim 2\u00b0Campus bekommst du die einmalige Gelegenheit, einen Einblick in aktuelle Forschung zu gewinnen, indem du selber Teil von ihr wirst. Du diskutierst mit Wissenschaftler*innen auf Augenh\u00f6he und triffst auf Gleichgesinnte, mit denen du eigene Fragestellungen entwickelst. Es geht um nichts weniger als die &#8222;Welt zu retten&#8220;, um deine Zukunft und um vier gro\u00dfe Fragen: Woher bekommst du in Zukunft deine Energie? Wie wirst du wohnen, dich ern\u00e4hren und dich fortbewegen? Du hast sofort viele gute Ideen? Dann mach mit! Wir freuen uns \u00fcber deine Bewerbung! Du musst zwischen 15 und 19 Jahren alt sein, Spa\u00df am Forschen haben und dich mit deinen Talenten f\u00fcr den Klimaschutz einsetzen wollen. Die<strong> Bewerbungsphase l\u00e4uft bis zum 01.12.2016. Infos im Netz:<\/strong><a href=\"http:\/\/www.wwf-jugend.de\/durchstarten\/2-grad-campus\/?r=1\" target=\"_blank\" rel=\"noopener\"><span style=\"color: blue;\"><span style=\"text-decoration: underline;\"> <\/span><\/span><\/a><span style=\"color: blue;\"><span style=\"text-decoration: underline;\"><a href=\"http:\/\/www.wwf-jugend.de\/durchstarten\/2-grad-campus\/?r=1\">http:\/\/www.wwf-jugend.de\/durchstarten\/2-grad-campus\/?r=1<\/a><\/span><\/span> <\/span><\/span><\/div>\n","protected":false},"excerpt":{"rendered":"<p>Liebe Abiturientinnen und Abiturienten, woran erkennen Sie Kunst? Kenner meinen, Kunst kommt von K\u00f6nnen. Und alles andere sei leider nur gut gemeint. Edison meinte zur Kreativit\u00e4t, das Genie bestehe zu 99% aus Transpiration und zu 1% aus Inspiration. Frei interpretiert: ohne Schwei\u00df, kein Preis.<\/p>\n","protected":false},"author":1,"featured_media":0,"comment_status":"closed","ping_status":"","sticky":false,"template":"","format":"standard","meta":{"footnotes":""},"categories":[188,1],"tags":[],"class_list":["post-2553","post","type-post","status-publish","format-standard","hentry","category-aktuelles-startseite","category-uncategorized"],"_links":{"self":[{"href":"https:\/\/sophie-scholl-schule.eu\/index.php?rest_route=\/wp\/v2\/posts\/2553","targetHints":{"allow":["GET"]}}],"collection":[{"href":"https:\/\/sophie-scholl-schule.eu\/index.php?rest_route=\/wp\/v2\/posts"}],"about":[{"href":"https:\/\/sophie-scholl-schule.eu\/index.php?rest_route=\/wp\/v2\/types\/post"}],"author":[{"embeddable":true,"href":"https:\/\/sophie-scholl-schule.eu\/index.php?rest_route=\/wp\/v2\/users\/1"}],"replies":[{"embeddable":true,"href":"https:\/\/sophie-scholl-schule.eu\/index.php?rest_route=%2Fwp%2Fv2%2Fcomments&post=2553"}],"version-history":[{"count":1,"href":"https:\/\/sophie-scholl-schule.eu\/index.php?rest_route=\/wp\/v2\/posts\/2553\/revisions"}],"predecessor-version":[{"id":4815,"href":"https:\/\/sophie-scholl-schule.eu\/index.php?rest_route=\/wp\/v2\/posts\/2553\/revisions\/4815"}],"wp:attachment":[{"href":"https:\/\/sophie-scholl-schule.eu\/index.php?rest_route=%2Fwp%2Fv2%2Fmedia&parent=2553"}],"wp:term":[{"taxonomy":"category","embeddable":true,"href":"https:\/\/sophie-scholl-schule.eu\/index.php?rest_route=%2Fwp%2Fv2%2Fcategories&post=2553"},{"taxonomy":"post_tag","embeddable":true,"href":"https:\/\/sophie-scholl-schule.eu\/index.php?rest_route=%2Fwp%2Fv2%2Ftags&post=2553"}],"curies":[{"name":"wp","href":"https:\/\/api.w.org\/{rel}","templated":true}]}}