{"id":2552,"date":"2016-11-18T19:35:33","date_gmt":"2016-11-18T19:35:33","guid":{"rendered":"https:\/\/sophie-scholl-schule.eu\/?p=2552"},"modified":"2024-10-31T13:17:42","modified_gmt":"2024-10-31T13:17:42","slug":"schuelerfirma-schulgarten-cooperation","status":"publish","type":"post","link":"https:\/\/sophie-scholl-schule.eu\/?p=2552","title":{"rendered":"Sch\u00fclerfirma &#8222;Schulgarten Cooperation&#8220;"},"content":{"rendered":"<p><img loading=\"lazy\" decoding=\"async\" class=\" alignleft size-full wp-image-2551\" src=\"https:\/\/sophie-scholl-schule.eu\/wp-content\/uploads\/2016\/11\/logo_sch_coop_kopie.jpg\" alt=\"logo sch coop kopie\" style=\"margin-right: 10px; float: left;\" height=\"253\" width=\"253\" srcset=\"https:\/\/sophie-scholl-schule.eu\/wp-content\/uploads\/2016\/11\/logo_sch_coop_kopie.jpg 1711w, https:\/\/sophie-scholl-schule.eu\/wp-content\/uploads\/2016\/11\/logo_sch_coop_kopie-300x300.jpg 300w, https:\/\/sophie-scholl-schule.eu\/wp-content\/uploads\/2016\/11\/logo_sch_coop_kopie-1030x1030.jpg 1030w, https:\/\/sophie-scholl-schule.eu\/wp-content\/uploads\/2016\/11\/logo_sch_coop_kopie-80x80.jpg 80w, https:\/\/sophie-scholl-schule.eu\/wp-content\/uploads\/2016\/11\/logo_sch_coop_kopie-768x768.jpg 768w, https:\/\/sophie-scholl-schule.eu\/wp-content\/uploads\/2016\/11\/logo_sch_coop_kopie-1536x1536.jpg 1536w, https:\/\/sophie-scholl-schule.eu\/wp-content\/uploads\/2016\/11\/logo_sch_coop_kopie-36x36.jpg 36w, https:\/\/sophie-scholl-schule.eu\/wp-content\/uploads\/2016\/11\/logo_sch_coop_kopie-180x180.jpg 180w, https:\/\/sophie-scholl-schule.eu\/wp-content\/uploads\/2016\/11\/logo_sch_coop_kopie-1500x1500.jpg 1500w, https:\/\/sophie-scholl-schule.eu\/wp-content\/uploads\/2016\/11\/logo_sch_coop_kopie-705x705.jpg 705w\" sizes=\"auto, (max-width: 253px) 100vw, 253px\" \/><iframe loading=\"lazy\" src=\"https:\/\/www.youtube.com\/embed\/cUMZonJOTQY\" frameborder=\"0\" width=\"480\" height=\"270\" allowfullscreen=\"allowfullscreen\"><\/iframe><\/p>\n<p>Am 15. November 2016 wurde im Rahmen des Elternsprechtages die Sch\u00fclerfirma rund um das &#8222;gr\u00fcne Klassenzimmer&#8220; in Verbindung mit einem Caf\u00e9 er\u00f6ffnet.<\/p>\n<p>Ziel dieser Firma ist es, Produkte aus dem Garten wie Kr\u00e4uter, Gem\u00fcse und Honig zu verarbeiten und zu vermarkten. In regelm\u00e4\u00dfigen Abst\u00e4nden wird es dazu themenbeogene &#8222;Marktst\u00e4nde&#8220; geben, an denen diese dann angeboten werden.<br \/>\n<!--more-->\n<\/p>\n<p>Diese Sch\u00fclerfirma arbeitet au\u00dferdem in Kooperation mit den Prinzessinneng\u00e4rten, die dieses Projekt mit ihrem Know-How unterst\u00fctzen, so wird aktuell gerade ein Gew\u00e4chshaus in der &#8222;Tradition&#8220; der Prinzessinneng\u00e4rten errichtet. Dies soll dazu dienen, Jungpflanzen\/Setzlinge zu produzieren, die ihrerseits wieder an die Prinzessinneng\u00e4rten geliefert werden und dort vermarktet werden.<\/p>\n<p>Das im Caf\u00e9 verwendete Mobilar stammt aus den Werkst\u00e4tten von WAT und wurden von Sch\u00fcler*innen im Unterricht gebaut.<\/p>\n<p>{gallery}schule\/faecher\/wat\/garten\/galerien\/schulgartenCoop_eroeffnung{\/gallery}<\/p>\n","protected":false},"excerpt":{"rendered":"<p>Am 15. November 2016 wurde im Rahmen des Elternsprechtages die Sch\u00fclerfirma rund um das &#8222;gr\u00fcne Klassenzimmer&#8220; in Verbindung mit einem Caf\u00e9 er\u00f6ffnet. Ziel dieser Firma ist es, Produkte aus dem Garten wie Kr\u00e4uter, Gem\u00fcse und Honig zu verarbeiten und zu vermarkten. In regelm\u00e4\u00dfigen Abst\u00e4nden wird es dazu themenbeogene &#8222;Marktst\u00e4nde&#8220; geben, an denen diese dann angeboten [&hellip;]<\/p>\n","protected":false},"author":1,"featured_media":2551,"comment_status":"closed","ping_status":"","sticky":false,"template":"","format":"standard","meta":{"footnotes":""},"categories":[188,1],"tags":[],"class_list":["post-2552","post","type-post","status-publish","format-standard","has-post-thumbnail","hentry","category-aktuelles-startseite","category-uncategorized"],"_links":{"self":[{"href":"https:\/\/sophie-scholl-schule.eu\/index.php?rest_route=\/wp\/v2\/posts\/2552","targetHints":{"allow":["GET"]}}],"collection":[{"href":"https:\/\/sophie-scholl-schule.eu\/index.php?rest_route=\/wp\/v2\/posts"}],"about":[{"href":"https:\/\/sophie-scholl-schule.eu\/index.php?rest_route=\/wp\/v2\/types\/post"}],"author":[{"embeddable":true,"href":"https:\/\/sophie-scholl-schule.eu\/index.php?rest_route=\/wp\/v2\/users\/1"}],"replies":[{"embeddable":true,"href":"https:\/\/sophie-scholl-schule.eu\/index.php?rest_route=%2Fwp%2Fv2%2Fcomments&post=2552"}],"version-history":[{"count":1,"href":"https:\/\/sophie-scholl-schule.eu\/index.php?rest_route=\/wp\/v2\/posts\/2552\/revisions"}],"predecessor-version":[{"id":4816,"href":"https:\/\/sophie-scholl-schule.eu\/index.php?rest_route=\/wp\/v2\/posts\/2552\/revisions\/4816"}],"wp:featuredmedia":[{"embeddable":true,"href":"https:\/\/sophie-scholl-schule.eu\/index.php?rest_route=\/wp\/v2\/media\/2551"}],"wp:attachment":[{"href":"https:\/\/sophie-scholl-schule.eu\/index.php?rest_route=%2Fwp%2Fv2%2Fmedia&parent=2552"}],"wp:term":[{"taxonomy":"category","embeddable":true,"href":"https:\/\/sophie-scholl-schule.eu\/index.php?rest_route=%2Fwp%2Fv2%2Fcategories&post=2552"},{"taxonomy":"post_tag","embeddable":true,"href":"https:\/\/sophie-scholl-schule.eu\/index.php?rest_route=%2Fwp%2Fv2%2Ftags&post=2552"}],"curies":[{"name":"wp","href":"https:\/\/api.w.org\/{rel}","templated":true}]}}