{"id":2545,"date":"2016-11-02T16:16:42","date_gmt":"2016-11-02T16:16:42","guid":{"rendered":"https:\/\/sophie-scholl-schule.eu\/?p=2545"},"modified":"2024-11-13T11:59:45","modified_gmt":"2024-11-13T11:59:45","slug":"sophie-scholl-schule-delf-partnerschule","status":"publish","type":"post","link":"https:\/\/sophie-scholl-schule.eu\/?p=2545","title":{"rendered":"Sophie-Scholl-Schule: DELF-Partnerschule!"},"content":{"rendered":"<p>Am 16.10.2016 wurde das 30. Jubil\u00e4um DELF\/DALF im Institut Fran\u00e7ais gefeiert. Da viele Sch\u00fclerinnen und Sch\u00fcler der Sophie-Scholl-Schule seit mehreren Jahren erfolgreich an den DELF-Pr\u00fcfungen teilnehmen und unsere Schule auch regelm\u00e4\u00dfig Pr\u00fcfungszentrum ist, hat die Schulleiterin Frau Westphal vom Franz\u00f6sischen Botschafter, Herrn Etienne, das Siegel &#8222;DELF-Partnerschule&#8220; \u00fcberreicht bekommen.<br \/>\u00dcber diese fruchtbare Zusammenarbeit mit dem Institut Fran\u00e7ais freuen wir uns sehr!<\/p>\n<p><!--more--><\/p>\n<p>&nbsp;<\/p>\n<p>Le 16 octobre 2016, les 30 ans du DELF\/DALF furent c\u00e9l\u00e9br\u00e9s \u00e0 l\u2019Institut Fran\u00e7ais. Depuis plusieurs ann\u00e9es, de nombreux \u00e9l\u00e8ves de l\u2019\u00e9cole Sophie-Scholl participent avec succ\u00e8s aux examens du DELF et notre \u00e9cole est par ailleurs r\u00e9guli\u00e8rement un centre d\u2019examen. C\u2019est la raison pour laquelle Madame Westphal a re\u00e7u de la part de l\u2019Ambassadeur de France, Monsieur Etienne, une plaque \u00ab DELF-Partnerschule \u00bb.<br \/>Nous nous r\u00e9jouissons de cette \u00e9troite collaboration avec l\u2019Institut Fran\u00e7ais!<\/p>\n<p>{gallery}schule\/sesb\/galleries\/delf{\/gallery}<\/p>\n","protected":false},"excerpt":{"rendered":"<p>Am 16.10.2016 wurde das 30. Jubil\u00e4um DELF\/DALF im Institut Fran\u00e7ais gefeiert. Da viele Sch\u00fclerinnen und Sch\u00fcler der Sophie-Scholl-Schule seit mehreren Jahren erfolgreich an den DELF-Pr\u00fcfungen teilnehmen und unsere Schule auch regelm\u00e4\u00dfig Pr\u00fcfungszentrum ist, hat die Schulleiterin Frau Westphal vom Franz\u00f6sischen Botschafter, Herrn Etienne, das Siegel &#8222;DELF-Partnerschule&#8220; \u00fcberreicht bekommen.\u00dcber diese fruchtbare Zusammenarbeit mit dem Institut Fran\u00e7ais [&hellip;]<\/p>\n","protected":false},"author":1,"featured_media":0,"comment_status":"closed","ping_status":"closed","sticky":false,"template":"","format":"standard","meta":{"footnotes":""},"categories":[188,146],"tags":[],"class_list":["post-2545","post","type-post","status-publish","format-standard","hentry","category-aktuelles-startseite","category-sesb"],"_links":{"self":[{"href":"https:\/\/sophie-scholl-schule.eu\/index.php?rest_route=\/wp\/v2\/posts\/2545","targetHints":{"allow":["GET"]}}],"collection":[{"href":"https:\/\/sophie-scholl-schule.eu\/index.php?rest_route=\/wp\/v2\/posts"}],"about":[{"href":"https:\/\/sophie-scholl-schule.eu\/index.php?rest_route=\/wp\/v2\/types\/post"}],"author":[{"embeddable":true,"href":"https:\/\/sophie-scholl-schule.eu\/index.php?rest_route=\/wp\/v2\/users\/1"}],"replies":[{"embeddable":true,"href":"https:\/\/sophie-scholl-schule.eu\/index.php?rest_route=%2Fwp%2Fv2%2Fcomments&post=2545"}],"version-history":[{"count":1,"href":"https:\/\/sophie-scholl-schule.eu\/index.php?rest_route=\/wp\/v2\/posts\/2545\/revisions"}],"predecessor-version":[{"id":4821,"href":"https:\/\/sophie-scholl-schule.eu\/index.php?rest_route=\/wp\/v2\/posts\/2545\/revisions\/4821"}],"wp:attachment":[{"href":"https:\/\/sophie-scholl-schule.eu\/index.php?rest_route=%2Fwp%2Fv2%2Fmedia&parent=2545"}],"wp:term":[{"taxonomy":"category","embeddable":true,"href":"https:\/\/sophie-scholl-schule.eu\/index.php?rest_route=%2Fwp%2Fv2%2Fcategories&post=2545"},{"taxonomy":"post_tag","embeddable":true,"href":"https:\/\/sophie-scholl-schule.eu\/index.php?rest_route=%2Fwp%2Fv2%2Ftags&post=2545"}],"curies":[{"name":"wp","href":"https:\/\/api.w.org\/{rel}","templated":true}]}}