{"id":2234,"date":"2015-02-13T09:09:18","date_gmt":"2015-02-13T09:09:18","guid":{"rendered":"https:\/\/sophie-scholl-schule.eu\/?p=2234"},"modified":"2024-10-31T13:18:02","modified_gmt":"2024-10-31T13:18:02","slug":"wahlpflichtfach","status":"publish","type":"post","link":"https:\/\/sophie-scholl-schule.eu\/?p=2234","title":{"rendered":"Wahlpflichtunterricht ab Klassenstufe 9"},"content":{"rendered":"<p>In der Klassenstufe 9 kann im Rahmen des 2. Wahlpflichtfaches eine Fremdsprache neu begonnen werden (Franz\u00f6sisch, Latein oder Spanisch als 2. bzw. 3. Fremdsprache). Sch\u00fcler, die in Klassenstufe 7 die 2. Fremdsprache bereits begonnen haben, f\u00fchren diese in der Regel als 2. Wahlpflichtfach fort.<\/p>\n<p>{slider=Wahlpflichtfach 2. Fremdsprache (Franz\u00f6sisch, Spanisch und Latein)}<\/p>\n<p>Sch\u00fcler, die das Abitur anstreben, m\u00fcssen grunds\u00e4tzlich \u00fcber einen bestimmten Zeitraum z w e i Fremdsprachen lernen. Die zweite Fremdsprache kann an der Sophie-Scholl-Schule in der 7. oder 9. Klassenstufe begonnen werden. Eine in Jahrgangsstufe 7 begonnene und l\u00e4nger als ein Jahr unterrichtete zweite Fremdsprache darf in den folgenden Jahrgangsstufen nicht erneut begonnen werden.<\/p>\n<p>F\u00fcr Sch\u00fcler, die nach 13 Jahren Abitur machen, gilt:<\/p>\n<ul>\n<li>Wer in der 7. Klasse mit der zweiten Fremdsprache begonnen hat und keine dritte Fremdsprache erlernt, f\u00fchrt die zweite Fremdsprache mindestens bis zum Ende der Klassenstufe 11 (E-Phase) weiter.<\/li>\n<li>Wer insgesamt drei Fremdsprachen lernt und in die Oberstufe versetzt wird, hat in der 11. Klassen (E-Phase) Englisch und die zweite oder dritte Fremd-sprache.<\/li>\n<li>Wer in der 9. Klasse mit der zweiten Fremdsprache beginnt, f\u00fchrt diese mindestens bis zum Ende des 2. Semesters weiter. In der 11. Klasse (E-Phase) wird an der Sophie-Scholl-Schule kein Fremdsprachenbeginn angeboten.<\/li>\n<\/ul>\n<p>F\u00fcr alle Sch\u00fcler, die nach 12 Jahren Abitur machen, gilt:<\/p>\n<ul>\n<li>Wer in der 7. Klasse mit der zweiten Fremdsprache begonnen hat und keine dritte Fremdsprache erlernt, f\u00fchrt die zweite Fremdsprache mindestens bis zum Ende der Klassenstufe 10 weiter.<\/li>\n<li>Wer insgesamt drei Fremdsprachen lernt und in die Oberstufe versetzt wird, f\u00fchrt eine dieser Fremdsprachen bis zum Abitur weiter.<\/li>\n<li>Wer in der 9. Klassenstufe mit der zweiten Fremdsprache beginnt, f\u00fchrt diese bis zum Abitur weiter.<\/li>\n<\/ul>\n<h4>Wahlpflichtfach Franz\u00f6sisch<\/h4>\n<p>Warum Franz\u00f6sisch lernen?<\/p>\n<ul>\n<li>Franz\u00f6sisch wird von mehr als 160 Millionen Menschen in mehr als 52 L\u00e4ndern auf der ganzen Welt, darunter in vier unserer Nachbarl\u00e4nder, gesprochen. Franz\u00f6sisch er\u00f6ffnet Dir gro\u00dfe Chancen f\u00fcr den beruflichen Erfolg: Frankreich und Deutschland sind jeweils die wichtigsten Handelspartner. Die deutsch-franz\u00f6sische Zusammenarbeit in Wissenschaft und Technik ist sehr stark ausgepr\u00e4gt und wird sich noch verst\u00e4rken (wie z.B. beim Airbus-Projekt).<\/li>\n<\/ul>\n<p>Franz\u00f6sisch ist die \u201eEintrittskarte\u201c zu einer der interessantesten Kulturen der Welt, wie z.B. die franz\u00f6sische Literatur (\u201eDer Graf von Monte Christo\u201c, \u201eMonsieur Ibrahim und die Blumen des Koran\u201c\u2026), das Kino (\u201eDie fabelhafte Welt der Am\u00e9lie\u201c auf Franz\u00f6sisch?) und die franz\u00f6sische K\u00fcche (Croissants, Baguettes, Cr\u00eapes\u2026).<\/p>\n<ul>\n<li>Franz\u00f6sisch ist neben Englisch die offizielle Arbeitssprache in der EU und vielen internationalen Organisationen wie der UNO, der UNESCO, den Olympischen Spielen.<\/li>\n<li>Derjenige, der gut Franz\u00f6sisch kann, lernt sp\u00e4ter umso leichter Italienisch, Spanisch und Portugiesisch.<\/li>\n<li>Man kann das Gelernte anwenden, auf einem Sch\u00fcleraustausch, bei Brief- und E-Mail-Freundschaften oder in den Ferien im herrlichen Urlaubsland Frankreich,<\/li>\n<li>Franz\u00f6sisch ist eine besonders klangvolle Sprache.\n<p>Du hast dich bereits f\u00fcr Franz\u00f6sisch entschieden?<\/li>\n<li>In der Sekundarstufe I lernst du die Vokabeln und die Grammatik, die du nicht nur f\u00fcr den Alltag brauchst, sondern auch zum Lesen von kleinen Geschichten&nbsp;usw.<\/li>\n<li>In der Sekundarstufe II werden l\u00e4ngere und schwierigere Texte zu&nbsp;bestimmten Themengebieten gelesen und analysiert.<\/li>\n<li>Beides erg\u00e4nzt man mit Film, Musik, Internet und was sonst noch dazu geh\u00f6rt. Am Ende&nbsp;besteht auch die M\u00f6glichkeit, Franz\u00f6sisch im Abitur zu belegen.\n<p>Ist das zu schaffen? So viel Sprachenlernen \u2013 ist das nicht der totale Stress?<\/li>\n<li>Keine Sorge, die Sprache wird so oft wie m\u00f6glich kommunikativ und spielerisch erkl\u00e4rt und ge\u00fcbt. Im Unterricht ab der 9.Klasse wird mit dem Buch \u201eCours intensif\u201c vom KLETT-Verlag gearbeitet. Dabei ist die praktische Anwendung nat\u00fcrlich ebenfalls wichtig.<\/li>\n<\/ul>\n<h4>Wahlpflichtfach Latein<\/h4>\n<p>Beim Erlernen der lateinischen Sprache geht es nicht nur um die Beherrschung dieser Sprache, sondern auch noch um andere Dinge. In diesem Zusammenhang kann von einem Transferwert (\u00dcbertragung auf andere Bereiche) des Lateinischen gesprochen werden. Es ist n\u00e4mlich praktisch mit einem Schulfach gleich eine ganze Reihe von F\u00e4higkeiten und Verhaltensweisen zu erlernen.<br \/>1. Wer Latein lernt, erh\u00e4lt eine intensive formale und grammatische Schulung, die&nbsp;jeder weiteren Besch\u00e4ftigung mit Sprache und Sprachen zugute kommt: grammatischer Transfer.<br \/>2. Die wichtigste Unterrichtstechnik ist das \u00dcbersetzen aus dem Lateinischen. Durch den Vergleich der unterschiedlichen Sprachsysteme und Ausdrucksmittel wird bewusste und differenzierte Sprachgestaltung im Deutschen gef\u00f6rdert: muttersprachlicher Transfer.<br \/>3. Lateinkenntnisse erleichtern wesentlich das Erlernen weiterer Fremdsprachen. Die romanischen Sprachen haben sich direkt aus dem Lateinischen entwickelt, und auch in englischen Texten sind bis zu 50% der verwendeten W\u00f6rter direkt oder indirekt lateinischen Ursprungs: fremdsprachlicher Transfer.<br \/>4. Der Lateinunterricht f\u00f6rdert Verst\u00e4ndnis und Aneignung zahlreicher Fremdw\u00f6rter, die direkt oder indirekt aus dem Lateinischen stammen und durch einiges \u00dcberlegen daraus abgeleitet werden k\u00f6nnen: sprachlicher Transfer.<br \/>5. Latein erzieht zum langsamen Lesen, zum genauen Beobachten, zum Erkennen von sprachlichen Strukturen, zum aufmerksamen Pr\u00fcfen und kritischen Beurteilen sprachli-cher Zusammenh\u00e4nge: Transfer im Sinne des Ein\u00fcbens wissenschaftlicher Denkmethoden.<br \/>Dar\u00fcber hinaus f\u00fchrt der Lateinunterricht in die &#8222;Textwelt&#8220; der R\u00f6mer ein und er\u00f6ffnet damit den Zugang zu einem auch f\u00fcr die Gegenwart lehrreichen und wichtigen Abschnitt europ\u00e4ischer Literatur und Geschichte.<br \/>Bis ins 18. Jahrhundert war Latein in Europa das Medium f\u00fcr die Fachsprachen der Wissenschaft und der \u00f6ffentlichen Verwaltung. Ein ernsthaftes Studium der Philosophie, Theologie, Rechtswissenschaft, Geschichte, Politik und der Sozialwissenschaften sind daher nur mit Kenntnissen der lateinischen Sprache m\u00f6glich.<br \/>Latein als 2. Wahlpflichtfach ist besonders solchen Sch\u00fclern anzuraten, die auch mit Grammatik anderer Sprachen (Englisch, Franz\u00f6sisch) keine Schwierigkeiten haben und die bereit sind, regelm\u00e4\u00dfig zu arbeiten.<br \/>Latein als tote Sprache wird nicht mehr gesprochen, was ausschlie\u00dfliches \u00dcbersetzen aus dieser Sprache ins Deutsche bedeutet.<br \/>Somit ist die Besch\u00e4ftigung mit Latein besonders den Sch\u00fclern zu empfehlen, die ein analytisches (zergliederndes) Herangehen an eine Sprache bevorzugen.<\/p>\n<h4>Wahlpflichtfach Spanisch<\/h4>\n<p>Spanisch als Muttersprache f\u00fcr 350 Millionen Menschen in \u00fcber 20 L\u00e4ndern geh\u00f6rt zu den meistverbreiteten Weltsprachen. Au\u00dferhalb Europas ist es die Sprache aller mittel- und s\u00fcdamerikanischen L\u00e4nder au\u00dfer Brasilien, sowie die Erstsprache f\u00fcr 20 Millionen Menschen in den USA und drei Millionen Menschen auf den Philippinen. Spanisch zu sprechen und zu verstehen ist nicht nur n\u00fctzlich wenn man in diese L\u00e4nder reisen m\u00f6chte, sondern er\u00f6ffnet auch gute Voraussetzungen f\u00fcr viele Berufe. Au\u00dferdem gibt es eine ungeheure F\u00fclle von Literatur, Filmen und Liedern in dieser Sprache.<br \/>Wer Spanisch lernen m\u00f6chte, muss zun\u00e4chst besonders mit einer schwierigen Phonetik rechnen: Die Aussprache mancher Laute und Lautkombinationen ist f\u00fcr Deutsche recht ungewohnt und das hohe Sprechtempo sowie die regionalen Varianten bei der Ausspra-che machen das Verstehen erst einmal schwer. Auf der anderen Seite hat das Spanische eine sehr klare und einfache Beziehung zwischen Lautung und Schreibung, so dass man schnell vorankommt, wenn man die Regeln beherrscht, welcher Buchstabe wie ausgesprochen wird.<br \/>Da Spanisch eine romanische Sprache ist, wird man es beim Erlernen des Vokabulars leichter haben, wenn man bereits \u00fcber Franz\u00f6sisch- oder Lateinkenntnisse verf\u00fcgt. Aber auch im Deutschen und noch \u00f6fter im Englischen gibt es eine Vielzahl aus dem Lateinischen stammender W\u00f6rter, zu denen man oft Parallelen im Spanischen finden wird. Eine besondere Schwierigkeit bereiten im grammatikalischen Bereich die vielen unregelm\u00e4\u00dfigen Verbformen und die gegen\u00fcber dem Deutschen oder Englischen sehr viel differenziertere Verwendung der Zeitformen. Hoher Lernaufwand ist auch f\u00fcr die richtige Verwendung und Formbildung der Pronomen n\u00f6tig.<br \/>Was f\u00fcr das Erlernen aller Fremdsprachen gilt, trifft auch f\u00fcr den Spanischunterricht zu: Viel Zeit und vor allem kontinuierliches Lernen sind notwendig, aber auch die Bereitschaft zu aktiver und h\u00e4ufiger Anwendung der erworbenen sprachlichen Kenntnisse. \u00c4hnlich wie beim Aus\u00fcben einer Sportart reicht es nicht, eine Ausdrucksform einmal verstanden zu haben: Ohne hartn\u00e4ckiges Training und Wiederholen geht es nicht. Wer also Spanisch mit drei Stunden erlernen m\u00f6chte, muss auch zu intensiver Hausarbeit bereit sein.<\/p>\n<p>{\/slider}<\/p>\n<p><span style=\"color: #ffffff;\">&#8230;<\/span><\/p>\n<div><strong>Dar\u00fcber hinaus werden f\u00e4cher\u00fcbergreifende Kurse mit folgenden Themenschwerpunk-ten angeboten:<\/strong><\/div>\n<p><span style=\"color: #ffffff;\">&#8230;<\/span><\/p>\n<p>{slider=Wirtschaftlich-technischer Bereich und Informatik}<\/p>\n<p><img loading=\"lazy\" decoding=\"async\" class=\" alignleft size-full wp-image-2232\" src=\"https:\/\/sophie-scholl-schule.eu\/wp-content\/uploads\/2015\/02\/roboter0.png\" alt=\"roboter0\" style=\"margin-right: 20px; margin-bottom: 10px; float: left;\" width=\"226\" height=\"150\" srcset=\"https:\/\/sophie-scholl-schule.eu\/wp-content\/uploads\/2015\/02\/roboter0.png 400w, https:\/\/sophie-scholl-schule.eu\/wp-content\/uploads\/2015\/02\/roboter0-300x200.png 300w\" sizes=\"auto, (max-width: 226px) 100vw, 226px\" \/><strong>Produktgestaltung und Informationstechnologie \u2013 die Technik des Steuerns und Regulierens &#8211; wird in Verbindung mit Wirtschaft, Arbeit und Technik gestellt:<\/strong><\/p>\n<ul>\n<li>Eigene Produkte mit verschiedenen Materialien gestalten und bauen, dabei werden grundlegende Techniken der Materialverarbeitung und Bearbeitung vermittelt.<\/li>\n<li>Spielerische Einf\u00fchrung in die Grundlagen der Programmierung als Mittel zur Kommunikation zwischen Menschen sowie Mensch und Maschine.<\/li>\n<li>Vermittlung von Techniken des Steuerns und Regulierens <span class=\"list-bordered\">anhand<\/span> konkreter Techniken und Lernsoftware am PC sowie in den Werkst\u00e4tten.<\/li>\n<li>Entwicklung und Umsetzung von Projekten am PC bzw. in Werkst\u00e4tten mit unterschiedlichen Schwerpunkten aus Wirtschaft und Technik.<\/li>\n<\/ul>\n<h4>Folgende Themen stehen zur Auswahl:<\/h4>\n<table style=\"width: 100%;\" cellspacing=\"0\" cellpadding=\"5\">\n<colgroup>\n<col width=\"81*\" \/>\n<col width=\"93*\" \/>\n<col width=\"83*\" \/> <\/colgroup>\n<tbody>\n<tr valign=\"TOP\">\n<td style=\"border-width: 1px medium 1px 1px; border-style: solid none solid solid; padding: 0.1cm 0cm 0.1cm 0.1cm; width: 32%;\" bgcolor=\"#e6e6e6\">\n<p class=\"western\"><span style=\"font-size: small;\"><strong>Themenbereich<\/strong><\/span><\/p>\n<\/td>\n<td style=\"border-width: 1px medium 1px 1px; border-style: solid none solid solid; padding: 0.1cm 0cm 0.1cm 0.1cm; width: 36%;\" bgcolor=\"#e6e6e6\">\n<p class=\"western\"><span style=\"font-size: small;\"><strong>Wirtschaft-Arbeit-Technik<\/strong><\/span><\/p>\n<\/td>\n<td style=\"border: 1px solid #000000; padding: 0.1cm; width: 32%;\" bgcolor=\"#e6e6e6\">\n<p class=\"western\"><span style=\"font-size: small;\"><strong>Informatik<\/strong><\/span><\/p>\n<\/td>\n<\/tr>\n<tr valign=\"TOP\">\n<td style=\"border-width: medium medium 1px 1px; border-style: none none solid solid; padding: 0cm 0cm 0.1cm 0.1cm; width: 32%;\">\n<p class=\"western\"><strong>Spielend Programmieren lernen \u2013 Roberta zum Tanzen bringen<\/strong><\/p>\n<\/td>\n<td style=\"border-width: medium medium 1px 1px; border-style: none none solid solid; padding: 0cm 0cm 0.1cm 0.1cm; width: 36%;\">\n<p class=\"western\">Bauen und Gestalten eines Roboters mit Lego<\/p>\n<\/td>\n<td style=\"border-width: medium 1px 1px; border-style: none solid solid; padding: 0cm 0.1cm 0.1cm; width: 32%;\">\n<p class=\"western\">Einfache Grafische Program-mierung zum Regeln und Steuern des Roboters<\/p>\n<\/td>\n<\/tr>\n<tr valign=\"TOP\">\n<td style=\"border-width: medium medium 1px 1px; border-style: none none solid solid; padding: 0cm 0cm 0.1cm 0.1cm; width: 32%;\">\n<p class=\"western\"><strong>Lampen mit LEDs<\/strong><\/p>\n<\/td>\n<td style=\"border-width: medium medium 1px 1px; border-style: none none solid solid; padding: 0cm 0cm 0.1cm 0.1cm; width: 36%;\">\n<p class=\"western\">Bau eines Geh\u00e4uses aus Holz und Acryl, L\u00f6ten einfacher Schaltkreise<\/p>\n<\/td>\n<td style=\"border-width: medium 1px 1px; border-style: none solid solid; padding: 0cm 0.1cm 0.1cm; width: 32%;\">\n<p class=\"western\">Erweiterung durch komplexere elektronische Schaltungen, die LEDs regeln und steuern<\/p>\n<\/td>\n<\/tr>\n<tr valign=\"TOP\">\n<td style=\"border-width: medium medium 1px 1px; border-style: none none solid solid; padding: 0cm 0cm 0.1cm 0.1cm; width: 32%;\">\n<p class=\"western\"><strong>Basteln mit Arduino<\/strong><\/p>\n<\/td>\n<td style=\"border-width: medium medium 1px 1px; border-style: none none solid solid; padding: 0cm 0cm 0.1cm 0.1cm; width: 36%;\">\n<p class=\"western\">Einbau von Schaltungen in ein Produkt, das entsprechend gestaltet (designt) wird \u2013 neue Produkte entwerfen<\/p>\n<\/td>\n<td style=\"border-width: medium 1px 1px; border-style: none solid solid; padding: 0cm 0.1cm 0.1cm; width: 32%;\">\n<p class=\"western\">Einf\u00fchrung in die Programmierung mit <a href=\"http:\/\/scratch.mit.edu\/\" target=\"_blank\" rel=\"noopener\"><span style=\"font-weight: normal;\">Scratch<\/span><\/a><a href=\"http:\/\/scratch-dach.info\/wiki\/S4A\" target=\"_blank\" title=\"Scratch for Arduino\" rel=\"noopener\"><span style=\"font-weight: normal;\">(S4A \u2013 Scra<\/span><span style=\"font-weight: normal;\">t<\/span><span style=\"font-weight: normal;\">ch for Arduino) <\/span><\/a><\/p>\n<p class=\"western\" style=\"font-weight: normal;\">Motoren regulieren und steuern, mittels Sensoren die Umwelt erkunden, auswerten und reagieren<\/p>\n<\/td>\n<\/tr>\n<tr valign=\"TOP\">\n<td style=\"border-width: medium medium 1px 1px; border-style: none none solid solid; padding: 0cm 0cm 0.1cm 0.1cm; width: 32%;\">\n<p class=\"western\"><strong>2D\/3D Zeichnen am PC mit CAD Software.<\/strong><\/p>\n<\/td>\n<td colspan=\"2\" style=\"border-width: medium 1px 1px; border-style: none solid solid; padding: 0cm 0.1cm 0.1cm; width: 68%;\">\n<p class=\"western\">Pl\u00e4ne f\u00fcr z.B. ein eigenes M\u00f6bel am PC entwerfen und dann in den Werkst\u00e4tten bauen.<\/p>\n<\/td>\n<\/tr>\n<tr valign=\"TOP\">\n<td style=\"border-width: medium medium 1px 1px; border-style: none none solid solid; padding: 0cm 0cm 0.1cm 0.1cm; width: 32%;\">\n<p class=\"western\"><strong>Computer gesteuerte Produktion<\/strong><\/p>\n<\/td>\n<td style=\"border-width: medium medium 1px 1px; border-style: none none solid solid; padding: 0cm 0cm 0.1cm 0.1cm; width: 36%;\">\n<p class=\"western\">z.B. Namensschilder, und Uhren entwerfen und bauen<\/p>\n<\/td>\n<td style=\"border-width: medium 1px 1px; border-style: none solid solid; padding: 0cm 0.1cm 0.1cm; width: 32%;\">\n<p class=\"western\">Design mittels einer CNC-Fr\u00e4se umsetzen, eigene Platinen fr\u00e4sen<\/p>\n<\/td>\n<\/tr>\n<tr valign=\"TOP\">\n<td style=\"border-width: medium medium 1px 1px; border-style: none none solid solid; padding: 0cm 0cm 0.1cm 0.1cm; width: 32%;\">\n<p class=\"western\"><strong>Sch\u00fclerfirmen<\/strong><\/p>\n<\/td>\n<td colspan=\"2\" style=\"border-width: medium 1px 1px; border-style: none solid solid; padding: 0cm 0.1cm 0.1cm; width: 68%;\">\n<p class=\"western\">Selbst entworfene (Logo)produkte im Rahmen einer Sch\u00fclerfirma vermarkten (Taschenlampen etc.)<\/p>\n<\/td>\n<\/tr>\n<tr valign=\"TOP\">\n<td style=\"border-width: medium medium 1px 1px; border-style: none none solid solid; padding: 0cm 0cm 0.1cm 0.1cm; width: 32%;\">\n<p class=\"western\"><strong>Webdesign &#8211; technologien<\/strong><\/p>\n<\/td>\n<td style=\"border-width: medium medium 1px 1px; border-style: none none solid solid; padding: 0cm 0cm 0.1cm 0.1cm; width: 36%;\">&nbsp;<\/td>\n<td style=\"border-width: medium 1px 1px; border-style: none solid solid; padding: 0cm 0.1cm 0.1cm; width: 32%;\">\n<p class=\"western\">Erlernen von HTML5 und CSS, Gestaltung einer eigenen Homepage<\/p>\n<\/td>\n<\/tr>\n<\/tbody>\n<\/table>\n<p>{gallery}\/schule\/faecher\/wp2wat_inf{\/gallery}<\/p>\n<h4><iframe loading=\"lazy\" src=\"https:\/\/www.youtube.com\/embed\/VmHOEXS_bQk\" allowfullscreen=\"allowfullscreen\" width=\"800\" height=\"460\" frameborder=\"0\"><\/iframe><\/h4>\n<h2><a href=\"index.php?option=com_content&amp;view=category&amp;id=80\" title=\"Projekte\" target=\"_self\" rel=\"noopener\">Weitere Projekte<\/a><\/h2>\n<p>{\/slider}<\/p>\n<p>{slider=K\u00fcnstlerisch-musischer Bereich mit Kunst, Darstellendem Spiel und Musik}<\/p>\n<p>Das vierst\u00fcndige Wahlpflichtfach II umfasst 2 Stunden Darstellendes Spiel in Kombination mit 2 Stunden Musik oder Kunst (DS\/Mu, DS\/Ku).<br \/>Ziel ist die Erarbeitung eines f\u00e4cher\u00fcbergreifenden Projektes, welches am Ende der 10. Klasse pr\u00e4sentiert wird. Die Schwerpunktsetzung ist von der Kombination der F\u00e4cher abh\u00e4ngig und richtet sich nach der Verf\u00fcgbarkeit des Lehrers\/der Lehrer sowie nach der Zusammensetzung der Sch\u00fclergruppe.<br \/>Gemeinsam sind bei allen Kombinationen die Entwicklung von Kreativit\u00e4t, Pr\u00e4sentationskompetenz, Wahrnehmung und Sprachbewusstsein.<br \/>Im Fach Darstellendes Spiel sollen kleine Theaterszenen als Ausganspunkt dienen, erste Erfahrungen mit der Umsetzung von Text auf der B\u00fchne zu sammeln. Dieses erfolgt systematisch mit \u00dcbungen zur \u201eErw\u00e4rmung\u201c, der K\u00f6rperarbeit, der Entwicklung und Pr\u00e4sentation kleinster Szenen in Gruppen sowie \u00fcber Improvisationstheater. Im Verlauf des Kurses werden kleine Szenen zu ausgew\u00e4hlten Themen von der Sch\u00fclern und Sch\u00fclerinnen selbst geschrieben und auf der B\u00fchne umgesetzt.<\/p>\n<h4>Kombination von DS mit dem Fach Kunst<\/h4>\n<p>Im Fach Kunst kann die Lerngruppe das B\u00fchnenbild, die Kost\u00fcme, Masken und\/oder andere f\u00fcr das Theaterst\u00fcck ben\u00f6tigte Requisiten entwerfen und herstellen. Dar\u00fcber hinaus k\u00f6nnen die Einladungskarten und Plakate f\u00fcr das Theaterst\u00fcck gestaltet werden.<br \/>Die Sch\u00fclerinnen und Sch\u00fcler setzen sich durch praktisch und theoretisch mit besonde-ren k\u00fcnstlerischen Themenbereichen, wie z.B. Modedesign, Objekt und Installation, Innenarchitektur, Performance oder Grafikdesign auseinander. In der Auseinander-setzung mit k\u00fcnstlerischen Strategien, Verfahren und Techniken, mit Material verschiedenster Art sowie der Kunst aus unterschiedlichen Zeiten und Kulturen lernen die Sch\u00fclerinnen und Sch\u00fcler, Ausdrucks- und Gestaltungsm\u00f6glichkeiten f\u00fcr ihre eigenen Vorhaben und Bed\u00fcrfnisse zu finden. Die Arbeitsweise ist projektorientiert.<\/p>\n<h4>Kombination von DS und Musik:<\/h4>\n<p>M\u00f6gliche Inhalte bei einer Kombination von DS und Musik: Erarbeitung eines (selbstgeschriebenen) Theaterst\u00fccks mit musikalischer Begleitung, Komposition kleinerer Musikst\u00fccke auch am Computer, Theaterimprovisationen, Musikimprovisation, Besuch einer Vorstellung eines Musiktheaters und das Schreiben einer Rezension, Schulung von Wahrnehmung und bewusster Einsatz von K\u00f6rper und Sing\/Sprechstimme, Filmherstel-lung mit Filmmusik, Einf\u00fchrung in das Arbeiten mit Mikrophonen, Verst\u00e4rkern o.\u00e4.<\/p>\n<p>{\/slider}<\/p>\n<p>{slider=Politik und Gesellschaft (Lernbereich Gesellschaftswissenschaften)}<\/p>\n<p><img loading=\"lazy\" decoding=\"async\" class=\" size-full wp-image-2233\" src=\"https:\/\/sophie-scholl-schule.eu\/wp-content\/uploads\/2015\/02\/politik.png\" alt=\"politik\" width=\"638\" height=\"478\" srcset=\"https:\/\/sophie-scholl-schule.eu\/wp-content\/uploads\/2015\/02\/politik.png 960w, https:\/\/sophie-scholl-schule.eu\/wp-content\/uploads\/2015\/02\/politik-300x225.png 300w, https:\/\/sophie-scholl-schule.eu\/wp-content\/uploads\/2015\/02\/politik-768x576.png 768w, https:\/\/sophie-scholl-schule.eu\/wp-content\/uploads\/2015\/02\/politik-705x529.png 705w\" sizes=\"auto, (max-width: 638px) 100vw, 638px\" \/><\/p>\n<p><strong>\u2026und was hat das alles mit mir zu tun?<\/strong><\/p>\n<p>Die Welt, in der wir leben, wird einerseits immer kleiner, andererseits immer komplizierter. Deswegen m\u00fcssen wir zur L\u00f6sung von Problemen weltweit denken, aber auch lokal handeln. Gerade Berlin hat dabei die Nase ganz weit vorne! Hier gibt es viele Projekte, die die Welt ein bisschen besser machen sollen \u2013 f\u00fcr euch und mit euch!<br \/>Wir werden Themen und Fragestellungen gemeinsam mit euch festlegen. Sie ber\u00fchren viele unterschiedliche Bereiche, vor allem Politik, aber auch Geografie, Geschichte, Umwelt und Wirtschaft. Nat\u00fcrlich greifen wir immer wieder brandaktuelle Themen auf.<br \/>In diesem Fach werden wir viele Projekte durchf\u00fchren und nutzen daf\u00fcr Informationen aus B\u00fcchern, Zeitungen und dem Internet. Wir werden uns auf Exkursionen durch die Stadt begeben, Foto- oder H\u00f6rreportagen erstellen, Experten befragen, Ausstellungen besuchen und Filme besprechen.<br \/>Ist Dein Interesse geweckt? Dann mach\u2018 Dein Kreuz beim WP \u201ePolitik und Globalisierung\u201c!{\/slider}<\/p>\n<p>{slider=Sport und Gesundheit}<\/p>\n<p><strong>WAHLPFLICHTFACH SPORT UND GESUNDHEIT<\/strong><\/p>\n<p>Der Unterricht im Wahlpflichtfach <em>Sport und Gesundheit<\/em> ist ein Angebot an alle Sch\u00fclerinnen und Sch\u00fcler, die sportliches Interesse, Anstrengungs- und Leistungsbereitschaft mitbringen.<\/p>\n<p>Ziele des Unterrichts sind es, die pers\u00f6nliche Fitness zu verbessern, die Wirkungen des Einflussfaktors Bewegung auf die Gesundheit aus unterschiedlichen Perspektiven zu erfassen, sportartspezifische Fertigkeiten zu vertiefen und neue Sporttrends kennenzulernen.<\/p>\n<p>Themenschwerpunkte k\u00f6nnen z.B. sein: \u201eSportliche Wettk\u00e4mpfe \u2013 Siegen und Verlieren lernen\u201c, \u201eSport, Gesundheit und Ern\u00e4hrung\u201c, \u201eSportliche Bewegungen &#8211; physiologische Grundlagen\u201c, \u201eSportliche Bewegungen \u2013 biomechanische Betrachtungen\u201c, \u201eSport als Teil des Freizeitverhaltens\u201c, \u201eDrogen und Doping gef\u00e4hrden die Gesundheit\u201c.<\/p>\n<p>Die teilnehmenden Sch\u00fclerinnen und Sch\u00fcler sollen in die Lage versetzt werden, die gewonnenen Kenntnisse auf die eigene Person und das soziale Umfeld anwenden zu k\u00f6nnen. Die theoretischen Kenntnisse sollen zum einen in sinnvolle praktische T\u00e4tigkeiten umgesetzt werden, zum anderen die Grundlage f\u00fcr nachhaltiges gesundheitsorientiertes Verhalten sein.<\/p>\n<p>Das Fach wird mit vier Wochenstunden unterrichtet. Integriert in die Sportpraxis, d.h. dem aktiven themenorientierten Sporttreiben (z.B. \u201eLaufen f\u00fcr die Fitness\u201c \u2013 Methoden des Ausdauertrainings erproben und die Wirkungen erfassen) werden theoretische Aspekte erarbeitet.<br \/> Die speziellen Interessen der Lerngruppe sollen so weit wie m\u00f6glich in f\u00e4cher\u00fcbergreifenden Projekten im Rahmen der Themenschwerpunkte umgesetzt werden.<\/p>\n<p>Folgende Kompetenzen sollen mit diesem Wahlpflichtfach besonders gef\u00f6rdert werden:<\/p>\n<ul>\n<li>Sportliche Fertigkeiten vertiefen, neue Sporttrends kennlernen,<\/li>\n<li>im Wettkampf fair miteinander umgehen,<\/li>\n<li>Lernen eigenverantwortlich gestalten, sich organisieren und Leistungsentwicklung erfahren,<\/li>\n<li>miteinander kommunizieren, im Team arbeiten und aufgabenbezogen kooperieren,<\/li>\n<li>Spa\u00df an der Bewegung und der eigenen k\u00f6rperlichen Leistung erleben,<\/li>\n<li>die eigenen St\u00e4rken im Hinblick auf Bewegung erkennen,<\/li>\n<li>M\u00f6glichkeiten erfahren, wie mit einem gezielten Training und richtigem Ern\u00e4hrungsverhalten die eigene Leistungsf\u00e4higkeit verbessert werden kann,<\/li>\n<li>die Bedeutung der Ern\u00e4hrung f\u00fcr die eigene Leistungsf\u00e4higkeit und das eigene Wohlbefinden erkennen,<\/li>\n<li>gesundheitsf\u00f6rdernde M\u00f6glichkeiten zur Unterst\u00fctzung der eigenen K\u00f6rperzufriedenheit (und damit auch des Selbstbildes) erfahren,<\/li>\n<li>gesundheitssch\u00e4dliches Verhalten zur Beeinflussung der eigenen Figur wie einseitige Ern\u00e4hrung oder Aufnahme von Nahrungserg\u00e4nzungsmitteln erkennen,<\/li>\n<li>selbst Wege zu einer bedarfsgerechten Ern\u00e4hrung entwickeln und im Alltag umsetzen.<\/li>\n<\/ul>\n<p>Die Teilnahme an Veranstaltungen des Schulsportwettkampfprogramms ist anzustreben.<\/p>\n<p><em>Leistungsbewertung<br \/> <\/em>In jedem Halbjahr wird eine Klassenarbeit (45 bis 60 Minuten) \u00fcber die Inhalte der behandelten Theorie geschrieben. F\u00fcr den Bereich der Praxis spielen neben der messbaren Leistung die Lernbereitschaft, die Anstrengungsbereitschaft, die Selbstst\u00e4ndigkeit und die \u00dcbernahme von Verantwortung innerhalb der gesamten Lerngruppe eine Rolle. Die Noten aus den Bereichen Theorie und Praxis gehen im Verh\u00e4ltnis 1:2 in die Gesamtbewertung ein.<\/p>\n<p>{\/slider}<\/p>\n<div style=\"padding: 10px;\">Schwerpunkte f\u00fcr einzelne F\u00e4cher k\u00f6nnen auf dem Wahlzettel gesetzt werden, bleiben aber zun\u00e4chst unverbindlich.<\/div>\n<div style=\"padding: 10px;\">Die einzelnen Kurse werden in der Regel mit 4 Wochenstunden unterrichtet. Dabei k\u00f6nnen auch zwei Fachkolleginnen\/Fachkollegen in enger Kooperation zusammenarbeiten.<\/p>\n<div>Bei den Pr\u00e4sentationspr\u00fcfungen zum Mittleren Schulabschluss (MSA) k\u00f6nnen Themen aus allen vier Bereichen gew\u00e4hlt werden.<\/div>\n<div>&nbsp;<\/div>\n<div>Zu Beginn der Klassenstufe 9 legen sich die Sch\u00fcler hinsichtlich einer Entscheidung f\u00fcr die Wahlpflichtkurse bis zum Ende der Klassenstufe 10 fest. \u00dcber einen Wechsel entscheidet in begr\u00fcndeten Ausnahmef\u00e4llen auf Antrag der Eltern die Schulleiterin. Ein Wechsel ist nur im ersten Halbjahr nach Beginn des Wahlpflichtfaches m\u00f6glich.<\/div>\n<div>&nbsp;<\/div>\n<div>Es kann \u2013 au\u00dfer f\u00fcr die Fremdsprachen &#8211; f\u00fcr jedes Fach in der Regel maximal ein Kurs eingerichtet werden, der auf max. 20 Sch\u00fcler begrenzt ist. Sollten sich mehr Interessenten melden, muss gelost werden. Es wird dann der Zweitwunsch ber\u00fccksichtigt. Unter 12 Teilnehmer werden keine Kurse eingerichtet.<\/div>\n<div>&nbsp;<\/div>\n<div>Aus diesem Grunde enthalten die Anmeldezettel f\u00fcr das 2. Wahlpflichtfach eine Spalte f\u00fcr einen Ersatzwunsch. In wenigen F\u00e4llen ist es schon vorgekommen, dass auch der Zweitwunsch nicht erf\u00fcllt werden konnte. In diesen F\u00e4llen ist eine R\u00fccksprache mit der Mittelstufenleitung unerl\u00e4sslich.<\/div>\n<div>&nbsp;<\/div>\n<div>Sch\u00fcler, die beabsichtigen, das Abitur in 12 Jahren zu erreichen, sollten das 2. Wahlpflichtfach auch unter dem Gesichtspunkt w\u00e4hlen, ob sie damit bereits eine Profilierung f\u00fcr die gymnasiale Oberstufe (Leistungskurse) vorbereiten k\u00f6nnen.<\/div>\n<div>&nbsp;<\/div>\n<div>Denise Michallik, Leiterin der Mittelstufe<\/div>\n<\/div>\n","protected":false},"excerpt":{"rendered":"<p>In der Klassenstufe 9 kann im Rahmen des 2. Wahlpflichtfaches eine Fremdsprache neu begonnen werden (Franz\u00f6sisch, Latein oder Spanisch als 2. bzw. 3. Fremdsprache). Sch\u00fcler, die in Klassenstufe 7 die 2. Fremdsprache bereits begonnen haben, f\u00fchren diese in der Regel als 2. Wahlpflichtfach fort. {slider=Wahlpflichtfach 2. Fremdsprache (Franz\u00f6sisch, Spanisch und Latein)} Sch\u00fcler, die das Abitur [&hellip;]<\/p>\n","protected":false},"author":1,"featured_media":2232,"comment_status":"closed","ping_status":"","sticky":false,"template":"","format":"standard","meta":{"footnotes":""},"categories":[188,1],"tags":[],"class_list":["post-2234","post","type-post","status-publish","format-standard","has-post-thumbnail","hentry","category-aktuelles-startseite","category-uncategorized"],"_links":{"self":[{"href":"https:\/\/sophie-scholl-schule.eu\/index.php?rest_route=\/wp\/v2\/posts\/2234","targetHints":{"allow":["GET"]}}],"collection":[{"href":"https:\/\/sophie-scholl-schule.eu\/index.php?rest_route=\/wp\/v2\/posts"}],"about":[{"href":"https:\/\/sophie-scholl-schule.eu\/index.php?rest_route=\/wp\/v2\/types\/post"}],"author":[{"embeddable":true,"href":"https:\/\/sophie-scholl-schule.eu\/index.php?rest_route=\/wp\/v2\/users\/1"}],"replies":[{"embeddable":true,"href":"https:\/\/sophie-scholl-schule.eu\/index.php?rest_route=%2Fwp%2Fv2%2Fcomments&post=2234"}],"version-history":[{"count":1,"href":"https:\/\/sophie-scholl-schule.eu\/index.php?rest_route=\/wp\/v2\/posts\/2234\/revisions"}],"predecessor-version":[{"id":4967,"href":"https:\/\/sophie-scholl-schule.eu\/index.php?rest_route=\/wp\/v2\/posts\/2234\/revisions\/4967"}],"wp:featuredmedia":[{"embeddable":true,"href":"https:\/\/sophie-scholl-schule.eu\/index.php?rest_route=\/wp\/v2\/media\/2232"}],"wp:attachment":[{"href":"https:\/\/sophie-scholl-schule.eu\/index.php?rest_route=%2Fwp%2Fv2%2Fmedia&parent=2234"}],"wp:term":[{"taxonomy":"category","embeddable":true,"href":"https:\/\/sophie-scholl-schule.eu\/index.php?rest_route=%2Fwp%2Fv2%2Fcategories&post=2234"},{"taxonomy":"post_tag","embeddable":true,"href":"https:\/\/sophie-scholl-schule.eu\/index.php?rest_route=%2Fwp%2Fv2%2Ftags&post=2234"}],"curies":[{"name":"wp","href":"https:\/\/api.w.org\/{rel}","templated":true}]}}