{"id":2228,"date":"2015-02-10T15:13:22","date_gmt":"2015-02-10T15:13:22","guid":{"rendered":"https:\/\/sophie-scholl-schule.eu\/?p=2228"},"modified":"2024-10-31T13:18:03","modified_gmt":"2024-10-31T13:18:03","slug":"projekte","status":"publish","type":"post","link":"https:\/\/sophie-scholl-schule.eu\/?p=2228","title":{"rendered":"Allgemeines zum Dualen Lernen"},"content":{"rendered":"<p style=\"margin-bottom: 0.0001pt; line-height: normal;\">{tab=Duales Lernen an der Sophie-Scholl-Schule}<\/p>\n<p><span style=\"font-size: 12pt; line-height: 107%; font-family: 'Tahoma',sans-serif;\">Das <strong>Duale Lernen<\/strong> ist wesentlicher Bestandteil unseres Schulprogramms und wird zu einem gro\u00dfen Teil in Form von Projekten durchgef\u00fchrt. <\/span><\/p>\n<p style=\"line-height: normal;\"><span style=\"font-size: 12pt; font-family: 'Tahoma',sans-serif;\">Um unseren Sch\u00fclerinnen und Sch\u00fclern einen erfolgreichen Einstieg in das Arbeitsleben zu erm\u00f6glichen, m\u00fcssen sie \u00fcber fachliche und soziale Kompetenzen verf\u00fcgen. Sie m\u00fcssen ihre Interessen artikulieren, ihre F\u00e4higkeiten erkennen, <\/span><span style=\"font-size: 12pt; font-family: 'Tahoma',sans-serif;\">Haltungen und Einstellungen entwickeln <\/span><span style=\"font-size: 12pt; font-family: 'Tahoma',sans-serif;\">und auf die Anforderungen in der Arbeitswelt vorbereitet werden.<\/span><\/p>\n<p><!--more--><\/p>\n<p style=\"line-height: normal;\"><span style=\"font-size: 12pt; font-family: 'Tahoma',sans-serif;\">Daher wollen wir in besonderem Ma\u00dfe neben der fachlichen auch die soziale Kompetenz unserer Sch\u00fclerinnen und Sch\u00fclern st\u00e4rken, sie zu selbstbewussten und kritischen Menschen erziehen, damit sie in ihrer sp\u00e4teren beruflichen T\u00e4tigkeit sowie im gesellschaftlichen und wirtschaftlichen Leben Verantwortung \u00fcbernehmen k\u00f6nnen.<\/span><\/p>\n<p style=\"line-height: normal;\"><span style=\"font-size: 12pt; font-family: 'Tahoma',sans-serif;\">Unser Ziel ist die F\u00f6rderung aller Talente: Alle Sch\u00fclerinnen und Sch\u00fcler sollen Berufsperspektiven entwickeln k\u00f6nnen. Dabei m\u00fcssen die individuellen Kenntnisse und F\u00e4higkeiten ber\u00fccksichtigt werden. <\/span><\/p>\n<p><span style=\"font-size: 12pt; line-height: 107%; font-family: 'Tahoma',sans-serif;\">Wir haben uns zum Ziel gesetzt, in allen Klassenstufen Inhalte des Dualen Lernens zu vermitteln. Um dieses umzusetzen, steht uns ein komplexes Netzwerk aus Unternehmen, Berufsberatern, Fachlehrern, Sozialp\u00e4dagogen, Tr\u00e4gern und gemeinn\u00fctzige Organisationen zur Seite. Dabei legen wir gro\u00dfen Wert auf die Einbindung der Eltern in den Entscheidungsprozess. Zu Schuljahresbeginn veranstalten wir f\u00fcr jede Jahrgangsstufe in der Mittelstufe zentrale Elternabende, auf denen wir \u00fcber die Vorhaben und Projekte des Dualen Lernens informieren. Viele unserer Kooperationspartner stellen sich auf diesen Elternabenden vor und stehen auch f\u00fcr Gespr\u00e4che auf den Einzelelternabenden zur Verf\u00fcgung. <\/span><\/p>\n<p><span style=\"font-size: 12pt; line-height: 107%; font-family: 'Tahoma',sans-serif;\">F\u00fcr die Sch\u00fclerinnen und Sch\u00fcler bieten wir im gesamten 10. Jahrgang ein intensives JobCoaching an sowie eine Laufbahnberatung f\u00fcr diejenigen Sch\u00fclerinnen und Sch\u00fcler, die sich f\u00fcr einen Bildungsgang an einem Oberstufenzentrum interessieren. <\/span><\/p>\n<p style=\"margin-bottom: 0.0001pt; line-height: normal;\"><strong><span style=\"font-family: 'Tahoma','sans-serif';\">{tab=Terminplan} &nbsp;&nbsp;&nbsp;&nbsp;&nbsp;&nbsp;&nbsp;&nbsp;&nbsp;&nbsp;&nbsp;&nbsp;&nbsp;&nbsp;&nbsp;&nbsp;&nbsp;&nbsp;&nbsp;&nbsp;&nbsp;&nbsp;&nbsp;&nbsp;&nbsp;&nbsp;&nbsp;&nbsp;&nbsp;&nbsp;&nbsp;&nbsp;&nbsp;&nbsp;&nbsp;&nbsp;&nbsp;&nbsp; <\/span><\/strong><\/p>\n<p><strong><a href=\"https:\/\/sophie-scholl-schule.eu\/wp-content\/uploads\/2015\/02\/2020-21_-_7._Jahrgang_-_zentr._Elternabend.pdf\" title=\"Duales Lernen\" target=\"_blank\">7. Jahrgang<\/a><\/strong><\/p>\n<p><strong><a href=\"https:\/\/sophie-scholl-schule.eu\/wp-content\/uploads\/2015\/02\/2020-21_-_8._Jahrgang_-_zentr._Elternabend_-PPP_-.pdf\" title=\"Duales Lernen\" target=\"_blank\">8. Jahrgang<\/a><\/strong><\/p>\n<p><strong><a href=\"https:\/\/sophie-scholl-schule.eu\/wp-content\/uploads\/2015\/02\/2020-21_-_9._Jahrgang_-_zentr._Elternabend.pdf\" title=\"Duales Lernen\" target=\"_blank\">9. Jahrgang <\/a><\/strong><\/p>\n<p><strong><a href=\"https:\/\/sophie-scholl-schule.eu\/wp-content\/uploads\/2015\/02\/2020-21_-_10._Jahrgang_-_zentr._Elternabend.pdf\" title=\"Duales Lernen\" target=\"_blank\">10. Jahrgang<\/a><\/strong><\/p>\n<p style=\"margin-bottom: 0.0001pt; line-height: normal;\"><strong><span style=\"font-family: 'Tahoma','sans-serif';\">{tab=Projekte} &nbsp;&nbsp; <br \/><\/span><\/strong><\/p>\n<p><a href=\"index.php\/duales-lernen\/projekte-dualeslernen\/159-gleich-nebenan-stadtteilerkundung-und-berufsbilder\" target=\"_blank\" title=\"Gleich nebenan\" rel=\"noopener noreferrer\">Projekt im 7. Jahrgang &#8222;Gleich nebenan&#8220; (2015)<\/a><\/p>\n<p><a href=\"index.php\/duales-lernen\/projekte-dualeslernen\/101-kreative-projektwoche-mint-berufe\" target=\"_blank\" title=\"Kreative Projektwoche\" rel=\"noopener noreferrer\">Projekt im 9. Jahrgang &#8222;Kreative Projektwoche&#8220; (2015)<\/a><\/p>\n<p>{tab=Einverst\u00e4ndniserkl\u00e4rung}<\/p>\n<p><a href=\"images\/schule\/dualesLernen\/pdf\/Einverst\u00e4ndniserkl\u00e4-_von_Fotos.pdf\" title=\"Berufs- und Studienorientierung\" target=\"_blank\" rel=\"noopener noreferrer\">Einverst\u00e4ndniserkl\u00e4rung download<\/a><\/p>\n<p>&nbsp;<\/p>\n<p>&nbsp;<\/p>\n<p>&nbsp;<\/p>\n","protected":false},"excerpt":{"rendered":"<p>{tab=Duales Lernen an der Sophie-Scholl-Schule} Das Duale Lernen ist wesentlicher Bestandteil unseres Schulprogramms und wird zu einem gro\u00dfen Teil in Form von Projekten durchgef\u00fchrt. Um unseren Sch\u00fclerinnen und Sch\u00fclern einen erfolgreichen Einstieg in das Arbeitsleben zu erm\u00f6glichen, m\u00fcssen sie \u00fcber fachliche und soziale Kompetenzen verf\u00fcgen. Sie m\u00fcssen ihre Interessen artikulieren, ihre F\u00e4higkeiten erkennen, Haltungen und [&hellip;]<\/p>\n","protected":false},"author":1,"featured_media":0,"comment_status":"closed","ping_status":"","sticky":false,"template":"","format":"standard","meta":{"footnotes":""},"categories":[188,1],"tags":[],"class_list":["post-2228","post","type-post","status-publish","format-standard","hentry","category-aktuelles-startseite","category-uncategorized"],"_links":{"self":[{"href":"https:\/\/sophie-scholl-schule.eu\/index.php?rest_route=\/wp\/v2\/posts\/2228","targetHints":{"allow":["GET"]}}],"collection":[{"href":"https:\/\/sophie-scholl-schule.eu\/index.php?rest_route=\/wp\/v2\/posts"}],"about":[{"href":"https:\/\/sophie-scholl-schule.eu\/index.php?rest_route=\/wp\/v2\/types\/post"}],"author":[{"embeddable":true,"href":"https:\/\/sophie-scholl-schule.eu\/index.php?rest_route=\/wp\/v2\/users\/1"}],"replies":[{"embeddable":true,"href":"https:\/\/sophie-scholl-schule.eu\/index.php?rest_route=%2Fwp%2Fv2%2Fcomments&post=2228"}],"version-history":[{"count":1,"href":"https:\/\/sophie-scholl-schule.eu\/index.php?rest_route=\/wp\/v2\/posts\/2228\/revisions"}],"predecessor-version":[{"id":3789,"href":"https:\/\/sophie-scholl-schule.eu\/index.php?rest_route=\/wp\/v2\/posts\/2228\/revisions\/3789"}],"wp:attachment":[{"href":"https:\/\/sophie-scholl-schule.eu\/index.php?rest_route=%2Fwp%2Fv2%2Fmedia&parent=2228"}],"wp:term":[{"taxonomy":"category","embeddable":true,"href":"https:\/\/sophie-scholl-schule.eu\/index.php?rest_route=%2Fwp%2Fv2%2Fcategories&post=2228"},{"taxonomy":"post_tag","embeddable":true,"href":"https:\/\/sophie-scholl-schule.eu\/index.php?rest_route=%2Fwp%2Fv2%2Ftags&post=2228"}],"curies":[{"name":"wp","href":"https:\/\/api.w.org\/{rel}","templated":true}]}}