{"id":2129,"date":"2015-02-03T09:07:09","date_gmt":"2015-02-03T09:07:09","guid":{"rendered":"https:\/\/sophie-scholl-schule.eu\/?p=2129"},"modified":"2024-10-31T13:18:13","modified_gmt":"2024-10-31T13:18:13","slug":"vorlesewettbewerb-am-welttag-des-buches-2014","status":"publish","type":"post","link":"https:\/\/sophie-scholl-schule.eu\/?p=2129","title":{"rendered":"Vorlesewettbewerb am Welttag des Buches 2019"},"content":{"rendered":"<p style=\"margin-bottom: 0cm;\">Der Vorlesewettbewerb des 7. Jahrgangs der Sophie-Scholl-Schule 2019<\/p>\n<p><em><img loading=\"lazy\" decoding=\"async\" class=\" size-full wp-image-2127\" src=\"https:\/\/sophie-scholl-schule.eu\/wp-content\/uploads\/2015\/02\/Bild1-scaled.jpg\" alt=\"Bild1.jpg\" width=\"377\" height=\"236\" srcset=\"https:\/\/sophie-scholl-schule.eu\/wp-content\/uploads\/2015\/02\/Bild1-scaled.jpg 2560w, https:\/\/sophie-scholl-schule.eu\/wp-content\/uploads\/2015\/02\/Bild1-300x188.jpg 300w, https:\/\/sophie-scholl-schule.eu\/wp-content\/uploads\/2015\/02\/Bild1-1030x644.jpg 1030w, https:\/\/sophie-scholl-schule.eu\/wp-content\/uploads\/2015\/02\/Bild1-768x480.jpg 768w, https:\/\/sophie-scholl-schule.eu\/wp-content\/uploads\/2015\/02\/Bild1-1536x960.jpg 1536w, https:\/\/sophie-scholl-schule.eu\/wp-content\/uploads\/2015\/02\/Bild1-2048x1280.jpg 2048w, https:\/\/sophie-scholl-schule.eu\/wp-content\/uploads\/2015\/02\/Bild1-1500x938.jpg 1500w, https:\/\/sophie-scholl-schule.eu\/wp-content\/uploads\/2015\/02\/Bild1-705x441.jpg 705w\" sizes=\"auto, (max-width: 377px) 100vw, 377px\" \/><\/em><\/p>\n<p><!--more--><\/p>\n<p>Der Lesewettbewerb der Sophie-Scholl-Oberschule fand im Stillarbeitsraum der Bibliothek der Schule statt. Dort versammelten sich die besten Leser\/innen des siebten Jahrgangs, die Jury (zu H\u00e4lfte aus dem elften Jahrgang) und die Reporterinnen. Aber jetzt zur\u00fcck zu den Lesern. In der ersten Runde waren es insgesamt 12 Leser, die aus ihren selbst gew\u00e4hlten B\u00fcchern vorlasen:<em><img loading=\"lazy\" decoding=\"async\" class=\" size-full wp-image-2127\" src=\"https:\/\/sophie-scholl-schule.eu\/wp-content\/uploads\/2015\/02\/Bild1-scaled.jpg\" alt=\"Bild1.jpg\" width=\"1200\" height=\"750\" srcset=\"https:\/\/sophie-scholl-schule.eu\/wp-content\/uploads\/2015\/02\/Bild1-scaled.jpg 2560w, https:\/\/sophie-scholl-schule.eu\/wp-content\/uploads\/2015\/02\/Bild1-300x188.jpg 300w, https:\/\/sophie-scholl-schule.eu\/wp-content\/uploads\/2015\/02\/Bild1-1030x644.jpg 1030w, https:\/\/sophie-scholl-schule.eu\/wp-content\/uploads\/2015\/02\/Bild1-768x480.jpg 768w, https:\/\/sophie-scholl-schule.eu\/wp-content\/uploads\/2015\/02\/Bild1-1536x960.jpg 1536w, https:\/\/sophie-scholl-schule.eu\/wp-content\/uploads\/2015\/02\/Bild1-2048x1280.jpg 2048w, https:\/\/sophie-scholl-schule.eu\/wp-content\/uploads\/2015\/02\/Bild1-1500x938.jpg 1500w, https:\/\/sophie-scholl-schule.eu\/wp-content\/uploads\/2015\/02\/Bild1-705x441.jpg 705w\" sizes=\"auto, (max-width: 1200px) 100vw, 1200px\" \/><\/em><\/p>\n<p>Alma: <em>Rudi R\u00fcsselschwein<\/em><\/p>\n<p>Frieda: <em>Ruby Redfort<\/em><\/p>\n<p>Merle: <em>Die Unglaublichen Abenteuer des Barnaby Brocket<\/em><\/p>\n<p>Sophia: <em>Pl\u00f6tzlich unsichtbar<\/em><\/p>\n<p>Anna-Fela: <em>Sally Jones &#8211; Mord ohne Leiche<\/em><\/p>\n<p>Mia: Hazel Wood<\/p>\n<p>Lilith: <em>Oh, du H\u00f6lle<\/em><\/p>\n<p>Lio: <em>Die K\u00e4nguru-Apokryphen<\/em>&nbsp;&nbsp;&nbsp;&nbsp;&nbsp;&nbsp;&nbsp;&nbsp;&nbsp;&nbsp;&nbsp;&nbsp;&nbsp;&nbsp;&nbsp;&nbsp;&nbsp;&nbsp;&nbsp;&nbsp;&nbsp;&nbsp;&nbsp;&nbsp;&nbsp;<\/p>\n<p>Johanna: <em>Warrior Cats Donnerschlag<\/em><\/p>\n<p>Faerydae: <em>Der Blackthorncode<\/em><\/p>\n<p>Johann: <em>Herr der Diebe<\/em><\/p>\n<p>Anna: <em>House of Secrets<\/em><\/p>\n<p>In die zweite Runde kamen aber nur diese Sechs weiter: Lio, Sophia, Johann, Anna, Merle und Mia. Den Text, den sie in der zweiten Runde lesen sollten, war ein Fremdtext. Der Name des Buches war: <em>Nennt mich nicht Ismael.<\/em><\/p>\n<p>Alle haben sehr gut gelesen, die Jury hatte schwere Entscheidungen zu treffen. Letzten Endes konnten aber nur drei die ersten Pl\u00e4tze und die B\u00fcchergutscheine ergattern:<\/p>\n<p><img loading=\"lazy\" decoding=\"async\" class=\" size-full wp-image-2128\" src=\"https:\/\/sophie-scholl-schule.eu\/wp-content\/uploads\/2015\/02\/Bild2-scaled.jpg\" alt=\"Bild2.jpg\" width=\"2560\" height=\"1745\" srcset=\"https:\/\/sophie-scholl-schule.eu\/wp-content\/uploads\/2015\/02\/Bild2-scaled.jpg 2560w, https:\/\/sophie-scholl-schule.eu\/wp-content\/uploads\/2015\/02\/Bild2-300x205.jpg 300w, https:\/\/sophie-scholl-schule.eu\/wp-content\/uploads\/2015\/02\/Bild2-1030x702.jpg 1030w, https:\/\/sophie-scholl-schule.eu\/wp-content\/uploads\/2015\/02\/Bild2-768x524.jpg 768w, https:\/\/sophie-scholl-schule.eu\/wp-content\/uploads\/2015\/02\/Bild2-1536x1047.jpg 1536w, https:\/\/sophie-scholl-schule.eu\/wp-content\/uploads\/2015\/02\/Bild2-2048x1396.jpg 2048w, https:\/\/sophie-scholl-schule.eu\/wp-content\/uploads\/2015\/02\/Bild2-1500x1023.jpg 1500w, https:\/\/sophie-scholl-schule.eu\/wp-content\/uploads\/2015\/02\/Bild2-705x481.jpg 705w\" sizes=\"auto, (max-width: 2560px) 100vw, 2560px\" \/><\/p>\n<p>&nbsp;<\/p>\n<ul>\n<li>Platz: Sophia<\/li>\n<li>Platz: Anna<\/li>\n<li>Platz: Mia<\/li>\n<\/ul>\n<p>Zum Schluss waren alle Leser\/innen gl\u00fccklich, teilgenommen zu haben. Alle Klassensieger\/innen haben auch eine Urkunde erhalten und sie wurden die ganze Zeit von den H\u00e4ndchenhaltern sehr gut motiviert und unterst\u00fctzt.&nbsp;<\/p>\n<p>Wir haben die Gewinnerin des Lesewettbewerbs der 7. Klassen befragt. Ihr Name ist Sophia Kussmaul Lebrecht und sie geht in die 7.22 (Musikklasse). Sie singt und liest gerne in ihrer Freizeit, sodass sich selbst ihre B\u00fccher im Zimmer stapeln. Sophia hat schon mal bei einem Lesewettbewerb teilgenommen, aber leider nicht gewonnen. Dieses Jahr hat sie das Buch <em>Pl\u00f6tzlich unsichtbar<\/em> vorgestellt von ihrer Lieblingsautorin Cassandra Clare. Ihre Wahl fiel auf dieses Buch, da sie es spannend fand und weil ihr sofort eine spannende Stelle ins Auge gefallen ist. Die Gewinnerin hatte gehofft, dass sie unter die ersten sechs Besten kommt und war sehr \u00fcberrascht, dass sie den 1. Platz belegt hat.<\/p>\n<p>Die Gewinnerinnen werden am 20. M\u00e4rz 2019, dem Welttag des Buches, unsere Schule beim Vorlesewettbewerb der Berliner UNESCO-Projektschulen vertreten.<\/p>\n<p>Reporter-Team: Clea, Farrelle und Lylia&nbsp;&nbsp;&nbsp;<\/p>\n<p><span style=\"font-size: 8pt;\">Mit Hilfe von Frau L\u00f6ffler<\/span><\/p>\n<p>&nbsp;<\/p>\n","protected":false},"excerpt":{"rendered":"<p>Der Vorlesewettbewerb des 7. Jahrgangs der Sophie-Scholl-Schule 2019<\/p>\n","protected":false},"author":1,"featured_media":2127,"comment_status":"closed","ping_status":"","sticky":false,"template":"","format":"standard","meta":{"footnotes":""},"categories":[188,1],"tags":[],"class_list":["post-2129","post","type-post","status-publish","format-standard","has-post-thumbnail","hentry","category-aktuelles-startseite","category-uncategorized"],"_links":{"self":[{"href":"https:\/\/sophie-scholl-schule.eu\/index.php?rest_route=\/wp\/v2\/posts\/2129","targetHints":{"allow":["GET"]}}],"collection":[{"href":"https:\/\/sophie-scholl-schule.eu\/index.php?rest_route=\/wp\/v2\/posts"}],"about":[{"href":"https:\/\/sophie-scholl-schule.eu\/index.php?rest_route=\/wp\/v2\/types\/post"}],"author":[{"embeddable":true,"href":"https:\/\/sophie-scholl-schule.eu\/index.php?rest_route=\/wp\/v2\/users\/1"}],"replies":[{"embeddable":true,"href":"https:\/\/sophie-scholl-schule.eu\/index.php?rest_route=%2Fwp%2Fv2%2Fcomments&post=2129"}],"version-history":[{"count":1,"href":"https:\/\/sophie-scholl-schule.eu\/index.php?rest_route=\/wp\/v2\/posts\/2129\/revisions"}],"predecessor-version":[{"id":4987,"href":"https:\/\/sophie-scholl-schule.eu\/index.php?rest_route=\/wp\/v2\/posts\/2129\/revisions\/4987"}],"wp:featuredmedia":[{"embeddable":true,"href":"https:\/\/sophie-scholl-schule.eu\/index.php?rest_route=\/wp\/v2\/media\/2127"}],"wp:attachment":[{"href":"https:\/\/sophie-scholl-schule.eu\/index.php?rest_route=%2Fwp%2Fv2%2Fmedia&parent=2129"}],"wp:term":[{"taxonomy":"category","embeddable":true,"href":"https:\/\/sophie-scholl-schule.eu\/index.php?rest_route=%2Fwp%2Fv2%2Fcategories&post=2129"},{"taxonomy":"post_tag","embeddable":true,"href":"https:\/\/sophie-scholl-schule.eu\/index.php?rest_route=%2Fwp%2Fv2%2Ftags&post=2129"}],"curies":[{"name":"wp","href":"https:\/\/api.w.org\/{rel}","templated":true}]}}